{"id":664537,"date":"2026-01-15T04:36:16","date_gmt":"2026-01-15T04:36:16","guid":{"rendered":"https:\/\/www.europesays.com\/fr\/664537\/"},"modified":"2026-01-15T04:36:16","modified_gmt":"2026-01-15T04:36:16","slug":"entre-terre-et-mer-plonger-dans-lhistoire-du-littoral-marseillais-jusquau-24-avril-2026","status":"publish","type":"post","link":"https:\/\/www.europesays.com\/fr\/664537\/","title":{"rendered":"Entre terre et mer, plonger dans l\u2019histoire du littoral marseillais jusqu\u2019au 24 avril 2026"},"content":{"rendered":"<p>\tEntre terre et mer, plonger dans l\u2019histoire du littoral marseillais jusqu\u2019au 24 avril 2026 &#8211; Toutma<\/p>\n<p>&#13;<br \/>\n&#13;<\/p>\n<p>&#13;<br \/>\n\t\t&#13;<\/p>\n<p>Nous utilisons des cookies pour vous garantir la meilleure exp\u00e9rience sur notre site web. Si vous continuez \u00e0 utiliser ce site, nous supposerons que vous en \u00eates satisfait.OK<\/p>\n<p>\t\t&#13;<\/p>\n","protected":false},"excerpt":{"rendered":"Entre terre et mer, plonger dans l\u2019histoire du littoral marseillais jusqu\u2019au 24 avril 2026 &#8211; Toutma &#13; &#13;&hellip;\n","protected":false},"author":2,"featured_media":664538,"comment_status":"","ping_status":"","sticky":false,"template":"","format":"standard","meta":{"footnotes":""},"categories":[2814],"tags":[1111,11,1777,674,76554,3293,76555,1011,27,884,73293,12,882,25,68607,76556],"class_list":{"0":"post-664537","1":"post","2":"type-post","3":"status-publish","4":"format-standard","5":"has-post-thumbnail","7":"category-marseille","8":"tag-actu","9":"tag-actualites","10":"tag-eu","11":"tag-europe","12":"tag-expo-marseille","13":"tag-exposition","14":"tag-exposition-du-moment","15":"tag-fr","16":"tag-france","17":"tag-marseille","18":"tag-musee-marseille","19":"tag-news","20":"tag-provence-alpes-cote-dazur","21":"tag-republique-francaise","22":"tag-sortie-culturelle-marseille","23":"tag-sortie-musee"},"share_on_mastodon":{"url":"https:\/\/pubeurope.com\/@fr\/115897262659975863","error":""},"_links":{"self":[{"href":"https:\/\/www.europesays.com\/fr\/wp-json\/wp\/v2\/posts\/664537","targetHints":{"allow":["GET"]}}],"collection":[{"href":"https:\/\/www.europesays.com\/fr\/wp-json\/wp\/v2\/posts"}],"about":[{"href":"https:\/\/www.europesays.com\/fr\/wp-json\/wp\/v2\/types\/post"}],"author":[{"embeddable":true,"href":"https:\/\/www.europesays.com\/fr\/wp-json\/wp\/v2\/users\/2"}],"replies":[{"embeddable":true,"href":"https:\/\/www.europesays.com\/fr\/wp-json\/wp\/v2\/comments?post=664537"}],"version-history":[{"count":0,"href":"https:\/\/www.europesays.com\/fr\/wp-json\/wp\/v2\/posts\/664537\/revisions"}],"wp:featuredmedia":[{"embeddable":true,"href":"https:\/\/www.europesays.com\/fr\/wp-json\/wp\/v2\/media\/664538"}],"wp:attachment":[{"href":"https:\/\/www.europesays.com\/fr\/wp-json\/wp\/v2\/media?parent=664537"}],"wp:term":[{"taxonomy":"category","embeddable":true,"href":"https:\/\/www.europesays.com\/fr\/wp-json\/wp\/v2\/categories?post=664537"},{"taxonomy":"post_tag","embeddable":true,"href":"https:\/\/www.europesays.com\/fr\/wp-json\/wp\/v2\/tags?post=664537"}],"curies":[{"name":"wp","href":"https:\/\/api.w.org\/{rel}","templated":true}]}}