{"id":664539,"date":"2026-01-15T04:37:18","date_gmt":"2026-01-15T04:37:18","guid":{"rendered":"https:\/\/www.europesays.com\/fr\/664539\/"},"modified":"2026-01-15T04:37:18","modified_gmt":"2026-01-15T04:37:18","slug":"on-veut-etre-au-plus-pres-des-habitants-a-marseille-le-poste-de-police-de-proximite-fait-ses-preuves-a-saint-jerome","status":"publish","type":"post","link":"https:\/\/www.europesays.com\/fr\/664539\/","title":{"rendered":"\u00ab\u00a0On veut \u00eatre au plus pr\u00e8s des habitants\u00a0\u00bb \u00e0 Marseille le poste de police de proximit\u00e9 fait ses preuves \u00e0 Saint-J\u00e9r\u00f4me"},"content":{"rendered":"<p>Moins de deux mois apr\u00e8s son inauguration, le poste de police de proximit\u00e9 de Saint-J\u00e9r\u00f4me (13e) est pl\u00e9biscit\u00e9 par les habitants. La pr\u00e9sence polici\u00e8re rassure commer\u00e7ants et riverains malgr\u00e9 la faible amplitude horaire. Benoit Payan souhaite une structure similaire dans chaque arrondissement.<\/p>\n<p>C&rsquo;est un local de 100 m\u00e8tres carr\u00e9s dans lequel on entre par une lourde porte. Le <strong>poste de police de proximit\u00e9, inaugur\u00e9 le 28 novembre dernier au 77 de l&rsquo;avenue Saint-J\u00e9r\u00f4me<\/strong>, compte 12 policiers. Leur territoire s&rsquo;\u00e9tend sur 40 kilom\u00e8tres carr\u00e9s et couvre 160 mille habitants. Et depuis qu&rsquo;ils sillonnent les 13e et 14e arrondissements, les citoyens retrouvent \u00ab\u00a0presque une vie normale. Le stationnement est beaucoup moins anarchique\u00a0\u00bb remarque Nicolas, riverain du poste de police. Chez la coiffeuse, situ\u00e9e en face, on se sent \u00e9galement plus rassur\u00e9\u00a0: \u00ab\u00a0on voit beaucoup plus de policiers dans le quartier. Leur seule pr\u00e9sence rassure\u00a0\u00bb.<\/p>\n<p>On ne se gare pas en double file pour aller chercher ses cigarettes, m\u00eame pour deux minutes<\/p>\n<p>C&rsquo;est le brigadier-chef Christophe Maache qui est aux commandes, et pour lui l&rsquo;atout premier de cette antenne, c&rsquo;est la proximit\u00e9\u00a0: \u00ab\u00a0on fait de l&rsquo;ilotage, \u00e0 pied ou en voiture. On recueille les dol\u00e9ances des habitants et on essaie d&rsquo;y r\u00e9pondre. Cela va du <strong>stationnement g\u00eanant au tapage nocturne en passant par les jeunes qui squattent une cage d&rsquo;escaliers ou le chien qui aboie<\/strong>. On donne aussi beaucoup de conseils. Notre mission, c&rsquo;est d&rsquo;\u00eatre au plus pr\u00e8s des habitants. On remet de l&rsquo;ordre \u00e9galement. On ne se gare pas en double file pour aller chercher ses cigarettes, m\u00eame pour deux minutes\u00a0\u00bb.<\/p>\n<p>Pour le brigadier-chef, les missions de la police municipale sont indispensables dans ces quartiers situ\u00e9s loin du centre-ville\u00a0: \u00ab\u00a0<strong>si on nous signale une voiture abandonn\u00e9e sur une place de parking il faut essayer de traiter le probl\u00e8me<\/strong>. Un v\u00e9hicule qui est l\u00e0 depuis un ou deux mois cr\u00e9e une g\u00eane, il peut \u00eatre d\u00e9grad\u00e9, on va voler des pi\u00e8ces dessus, il peut servir de squat pour des jeunes qui viendraient la nuit y consommer des produits illicites. Cela cr\u00e9e un sentiment d&rsquo;ins\u00e9curit\u00e9. Si on enl\u00e8ve le v\u00e9hicule, mine de rien, \u00e7a fait beaucoup pour les habitants\u00a0\u00bb.<\/p>\n<p> <img decoding=\"async\" src=\"https:\/\/www.europesays.com\/fr\/wp-content\/uploads\/2026\/01\/1768451836_648_1280.jpeg\" alt=\"illustration agrandir l'image\" style=\"--_image-preview:url('data:image\/jpeg;base64,\/9j\/2wBDACgcHiMeGSgjISMtKygwPGRBPDc3PHtYXUlkkYCZlo+AjIqgtObDoKrarYqMyP\/L2u71\/\/\/\/m8H\/\/\/\/6\/+b9\/\/j\/2wBDASstLTw1PHZBQXb4pYyl+Pj4+Pj4+Pj4+Pj4+Pj4+Pj4+Pj4+Pj4+Pj4+Pj4+Pj4+Pj4+Pj4+Pj4+Pj4+Pj4+Pj\/wAARCAAqAB8DASIAAhEBAxEB\/8QAFwAAAwEAAAAAAAAAAAAAAAAAAAECA\/\/EABYQAQEBAAAAAAAAAAAAAAAAAAABEf\/EABUBAQEAAAAAAAAAAAAAAAAAAAAB\/8QAFREBAQAAAAAAAAAAAAAAAAAAABH\/2gAMAwEAAhEDEQA\/AGIAqKjSVlKrQjPRpBA9PSIVWDFkgnCqqVB\/\/9k=');\" loading=\"lazy\" fetchpriority=\"low\" class=\"svelte-1cksh76 rounded\" onload=\"this.__e=event\" onerror=\"this.__e=event\"\/> 12 policiers municipaux sont affect\u00e9s pour l&rsquo;instant au poste de police de proximit\u00e9 de Saint-J\u00e9r\u00f4me \u00a9 Radio France &#8211; Fabien LE DU  \u00ab\u00a0Le week-end on a l&rsquo;impression qu&rsquo;on nous abandonne\u00a0\u00bb : une amplitude horaire trop limit\u00e9e pour les habitants<\/p>\n<p>Dans le quartier Saint-J\u00e9r\u00f4me beaucoup estiment que la vie a retrouv\u00e9 un semblant de normalit\u00e9 mais les habitants regrettent les horaires d&rsquo;ouverture de ce poste de proximit\u00e9, <strong>ouvert du lundi au vendredi de 8H30 \u00e0 18H30 et ferm\u00e9 tous les week-end<\/strong>\u00a0: \u00ab\u00a0On sent l&rsquo;ambiance qui change dans le quartier quand le poste est ferm\u00e9. On revoit les jeunes qui s&rsquo;attroupent sur la place de l&rsquo;\u00e9glise, les voitures mal gar\u00e9es, les deux roues qui font du vacarme. Il faudrait que cela reste ouvert jusqu&rsquo;\u00e0 20H au moins. Je ne sors plus de chez moi apr\u00e8s 19H\u00a0\u00bb raconte C\u00e9line. A Saint-J\u00e9r\u00f4me comme dans les quartiers avoisinant, on voudrait encore plus de pr\u00e9sence polici\u00e8re\u00a0: \u00ab\u00a0on est peut-\u00eatre gourmands mais le week-end on a l&rsquo;impression qu&rsquo;on nous abandonne. Ca fait long du vendredi soir au lundi matin\u00a0\u00bb explique Josette, retrait\u00e9e avenue de Saint-J\u00e9r\u00f4me.<\/p>\n<p>Autre souci pour les habitants, <strong>on ne peut pas d\u00e9poser plainte dans cette antenne de la police municipale<\/strong>\u00a0: \u00ab\u00a0Nous sommes des relais de la police nationale. On a un pouvoir de constatation. On peut traiter les interventions, mais en cas d&rsquo;interpellation nous nous en remettons aux policiers nationaux. Nous n&rsquo;avons pas de pouvoir d&rsquo;enqu\u00eate, c&rsquo;est pourquoi nous ne prenons pas les plaintes\u00a0\u00bb explique Christophe Maache. Les habitants du secteur doivent aller, pour cela, \u00e0 3 kilom\u00e8tres, au Merlan.<\/p>\n<p> <img decoding=\"async\" src=\"https:\/\/www.europesays.com\/fr\/wp-content\/uploads\/2026\/01\/1768451838_595_1280.jpeg\" alt=\"illustration agrandir l'image\" style=\"--_image-preview:url('data:image\/jpeg;base64,\/9j\/2wBDACgcHiMeGSgjISMtKygwPGRBPDc3PHtYXUlkkYCZlo+AjIqgtObDoKrarYqMyP\/L2u71\/\/\/\/m8H\/\/\/\/6\/+b9\/\/j\/2wBDASstLTw1PHZBQXb4pYyl+Pj4+Pj4+Pj4+Pj4+Pj4+Pj4+Pj4+Pj4+Pj4+Pj4+Pj4+Pj4+Pj4+Pj4+Pj4+Pj4+Pj\/wAARCAAqAB4DASIAAhEBAxEB\/8QAFgABAQEAAAAAAAAAAAAAAAAAAAEC\/8QAFhABAQEAAAAAAAAAAAAAAAAAABEB\/8QAFQEBAQAAAAAAAAAAAAAAAAAAAQD\/xAAUEQEAAAAAAAAAAAAAAAAAAAAA\/9oADAMBAAIRAxEAPwDdGKtIapWalSYxrEzFwFUUSIsAEAQf\/9k=');\" loading=\"lazy\" fetchpriority=\"low\" class=\"svelte-1cksh76 rounded\" onload=\"this.__e=event\" onerror=\"this.__e=event\"\/> Les policier municipaux de Saint-J\u00e9r\u00f4me patrouillent dans le 13e et 14e arrondissements de Marseille \u00a9 Radio France &#8211; Fabien LE DU  <\/p>\n","protected":false},"excerpt":{"rendered":"Moins de deux mois apr\u00e8s son inauguration, le poste de police de proximit\u00e9 de Saint-J\u00e9r\u00f4me (13e) est pl\u00e9biscit\u00e9&hellip;\n","protected":false},"author":2,"featured_media":664540,"comment_status":"","ping_status":"","sticky":false,"template":"","format":"standard","meta":{"footnotes":""},"categories":[2814],"tags":[1111,11,1777,674,1011,27,884,12,882,25],"class_list":{"0":"post-664539","1":"post","2":"type-post","3":"status-publish","4":"format-standard","5":"has-post-thumbnail","7":"category-marseille","8":"tag-actu","9":"tag-actualites","10":"tag-eu","11":"tag-europe","12":"tag-fr","13":"tag-france","14":"tag-marseille","15":"tag-news","16":"tag-provence-alpes-cote-dazur","17":"tag-republique-francaise"},"share_on_mastodon":{"url":"https:\/\/pubeurope.com\/@fr\/115897266647522631","error":""},"_links":{"self":[{"href":"https:\/\/www.europesays.com\/fr\/wp-json\/wp\/v2\/posts\/664539","targetHints":{"allow":["GET"]}}],"collection":[{"href":"https:\/\/www.europesays.com\/fr\/wp-json\/wp\/v2\/posts"}],"about":[{"href":"https:\/\/www.europesays.com\/fr\/wp-json\/wp\/v2\/types\/post"}],"author":[{"embeddable":true,"href":"https:\/\/www.europesays.com\/fr\/wp-json\/wp\/v2\/users\/2"}],"replies":[{"embeddable":true,"href":"https:\/\/www.europesays.com\/fr\/wp-json\/wp\/v2\/comments?post=664539"}],"version-history":[{"count":0,"href":"https:\/\/www.europesays.com\/fr\/wp-json\/wp\/v2\/posts\/664539\/revisions"}],"wp:featuredmedia":[{"embeddable":true,"href":"https:\/\/www.europesays.com\/fr\/wp-json\/wp\/v2\/media\/664540"}],"wp:attachment":[{"href":"https:\/\/www.europesays.com\/fr\/wp-json\/wp\/v2\/media?parent=664539"}],"wp:term":[{"taxonomy":"category","embeddable":true,"href":"https:\/\/www.europesays.com\/fr\/wp-json\/wp\/v2\/categories?post=664539"},{"taxonomy":"post_tag","embeddable":true,"href":"https:\/\/www.europesays.com\/fr\/wp-json\/wp\/v2\/tags?post=664539"}],"curies":[{"name":"wp","href":"https:\/\/api.w.org\/{rel}","templated":true}]}}