{"id":66455,"date":"2025-05-01T08:22:08","date_gmt":"2025-05-01T08:22:08","guid":{"rendered":"https:\/\/www.europesays.com\/fr\/66455\/"},"modified":"2025-05-01T08:22:08","modified_gmt":"2025-05-01T08:22:08","slug":"etes-vous-concerne-par-les-travaux-de-la-veloligne-10a","status":"publish","type":"post","link":"https:\/\/www.europesays.com\/fr\/66455\/","title":{"rendered":"\u00eates-vous concern\u00e9 par les travaux de la V\u00e9loligne 10A\u00a0?"},"content":{"rendered":"<p>            Par<br \/>\n        <strong><br \/>\n            <a href=\"https:\/\/actu.fr\/auteur\/metropoop\" title=\"Consulter tous les articles de R\u00e9daction M\u00e9tropolitain\" rel=\"nofollow noopener\" target=\"_blank\">R\u00e9daction M\u00e9tropolitain<\/a><br \/>\n        <\/strong><\/p>\n<p>        Publi\u00e9 le<\/p>\n<p>            1 mai 2025 \u00e0 9h30        <\/p>\n<p><a href=\"https:\/\/actu.fr\/occitanie\/montpellier_34172\/projet-ou-seront-les-230-km-de-velolignes-montpellieraines-dans-la-metropole_52808414.html\" rel=\"nofollow noopener\" target=\"_blank\">Le chantier de la V\u00e9loligne 10A<\/a> continue \u00e0 rythmer les rues de Montpellier. Apr\u00e8s plusieurs mois de travaux, certaines \u00e9tapes franchies permettent d\u2019ores et d\u00e9j\u00e0 de mieux circuler et de profiter de nouvelles infrastructures cyclables. Pourtant, le calendrier reste charg\u00e9, notamment sur la route de Ganges et l\u2019avenue Charles Flahaut.<\/p>\n<p>    <a href=\"https:\/\/www.google.com\/maps\/d\/u\/0\/embed?mid=1azBYc922vseJ67AJHjvm1XjIjzd-f4k&amp;ehbc=2E312F\" title=\"Ouvrie le lien\" rel=\"nofollow noopener\" target=\"_blank\">Cliquez ici pour visualiser le contenu<\/a><\/p>\n<p>Un tron\u00e7on livr\u00e9, une circulation r\u00e9tablie<\/p>\n<p class=\" wall-content\">Entre la place Jules Rimet et la Voie Domitienne, les travaux sont termin\u00e9s. La piste cyclable est d\u00e9sormais ouverte \u00e0 tous les cyclistes. Du c\u00f4t\u00e9 de la rue Charles Flahaut, la circulation automobile est r\u00e9tablie dans les deux sens. Cela concerne le segment entre la Voie Domitienne et la rue Hippolyte Rech. Les voies adjacentes comme la rue de l\u2019\u00c9cole Normale, l\u2019avenue Pierre d\u2019Adh\u00e9mar ou encore la rue des Hospices retrouvent \u00e9galement une circulation normale. <strong>Depuis ce lundi 28 avril 2025,<\/strong> le chantier se concentre entre la Voie Domitienne et le parking Occitanie. Cette nouvelle phase durera jusqu\u2019\u00e0 fin novembre 2025. Ce chantier important marque une \u00e9tape cl\u00e9 pour la future v\u00e9loligne et n\u00e9cessite des ajustements de circulation sur plusieurs axes strat\u00e9giques de la ville.<\/p>\n<p>Route de Ganges : circulation bascul\u00e9e jusqu\u2019\u00e0 mi-juillet<\/p>\n<p class=\" wall-content\">Les travaux sur la route de Ganges d\u00e9marrent entre l\u2019avenue \u00c9mile Diacon et l\u2019entr\u00e9e de l\u2019h\u00f4pital Lapeyronie. Ils s\u2019organisent en plusieurs \u00e9tapes. Depuis la semaine derni\u00e8re, des travaux pr\u00e9paratoires ont \u00e9t\u00e9 r\u00e9alis\u00e9s entre la rue des Palmiers et la rue Adrien Proby. Le terre-plein central a \u00e9t\u00e9 d\u00e9moli pour permettre un basculement de la circulation. <strong>\u00c0 partir de ce 28 avril<\/strong>, et jusqu\u2019\u00e0 mi-juillet, les v\u00e9hicules circuleront sur les voies situ\u00e9es c\u00f4t\u00e9 ouest. Malgr\u00e9 les travaux, le double sens est maintenu, sans modification des carrefours. L\u2019organisation adopt\u00e9e reprend celle utilis\u00e9e en 2024 lors du chantier du r\u00e9seau de chaleur.<\/p>\n<p class=\" wall-content\"><strong>\u00c0 partir du 20 mai<\/strong>, une seconde zone de travaux s\u2019ajoute sur la route de Ganges. Elle concernera le tron\u00e7on entre la rue Adrien Proby et la rue des P\u00e9t\u00e8tes. Cette phase doit durer elle aussi jusqu\u2019\u00e0 mi-juillet. Pendant cette p\u00e9riode, la circulation en double sens restera possible et l\u2019acc\u00e8s au CHU Lapeyronie restera inchang\u00e9. Parall\u00e8lement, les travaux se poursuivent rue Charles Flahaut, au sud de l\u2019avenue Emile Diacon. Une nouvelle organisation est mise en place entre l\u2019avenue \u00c9mile Diacon et la Voie Domitienne. <strong>\u00c0 compter du 13 mai et jusqu\u2019\u00e0 mi-septembre<\/strong>, la circulation sera plac\u00e9e en sens unique dans ce secteur. Le sens vers le centre-ville sera conserv\u00e9. En revanche, les automobilistes souhaitant sortir de Montpellier devront suivre une d\u00e9viation par la rue du Triolet et l\u2019avenue \u00c9mile Diacon.<\/p>\n<p>Vid\u00e9os : en ce moment sur Actu<\/p>\n<p class=\" wall-content\">Suivez toute l\u2019actualit\u00e9 de vos villes et m\u00e9dias favoris en vous inscrivant \u00e0 <a href=\"https:\/\/moncompte.actu.fr\" title=\"D\u00e9couvez Mon Actu\" rel=\"nofollow noopener\" data-trk=\"{&quot;cta&quot;:{&quot;action&quot;:&quot;https:\\\/\\\/moncompte.actu.fr&quot;,&quot;category&quot;:&quot;mon compte&quot;,&quot;from&quot;:&quot;article footer&quot;,&quot;name&quot;:&quot;Mon actu&quot;,&quot;type&quot;:&quot;cta&quot;}}\" target=\"_blank\">Mon Actu<\/a>.<\/p>\n","protected":false},"excerpt":{"rendered":"Par R\u00e9daction M\u00e9tropolitain Publi\u00e9 le 1 mai 2025 \u00e0 9h30 Le chantier de la V\u00e9loligne 10A continue \u00e0&hellip;\n","protected":false},"author":2,"featured_media":66456,"comment_status":"","ping_status":"","sticky":false,"template":"","format":"standard","meta":{"footnotes":""},"categories":[9599],"tags":[1111,11,3542,1777,674,1011,27,2208,12,2680,25,104,2086,208],"class_list":{"0":"post-66455","1":"post","2":"type-post","3":"status-publish","4":"format-standard","5":"has-post-thumbnail","7":"category-montpellier","8":"tag-actu","9":"tag-actualites","10":"tag-circulation","11":"tag-eu","12":"tag-europe","13":"tag-fr","14":"tag-france","15":"tag-montpellier","16":"tag-news","17":"tag-occitanie","18":"tag-republique-francaise","19":"tag-societe","20":"tag-travaux","21":"tag-velo"},"share_on_mastodon":{"url":"https:\/\/pubeurope.com\/@fr\/114431612918233616","error":""},"_links":{"self":[{"href":"https:\/\/www.europesays.com\/fr\/wp-json\/wp\/v2\/posts\/66455","targetHints":{"allow":["GET"]}}],"collection":[{"href":"https:\/\/www.europesays.com\/fr\/wp-json\/wp\/v2\/posts"}],"about":[{"href":"https:\/\/www.europesays.com\/fr\/wp-json\/wp\/v2\/types\/post"}],"author":[{"embeddable":true,"href":"https:\/\/www.europesays.com\/fr\/wp-json\/wp\/v2\/users\/2"}],"replies":[{"embeddable":true,"href":"https:\/\/www.europesays.com\/fr\/wp-json\/wp\/v2\/comments?post=66455"}],"version-history":[{"count":0,"href":"https:\/\/www.europesays.com\/fr\/wp-json\/wp\/v2\/posts\/66455\/revisions"}],"wp:featuredmedia":[{"embeddable":true,"href":"https:\/\/www.europesays.com\/fr\/wp-json\/wp\/v2\/media\/66456"}],"wp:attachment":[{"href":"https:\/\/www.europesays.com\/fr\/wp-json\/wp\/v2\/media?parent=66455"}],"wp:term":[{"taxonomy":"category","embeddable":true,"href":"https:\/\/www.europesays.com\/fr\/wp-json\/wp\/v2\/categories?post=66455"},{"taxonomy":"post_tag","embeddable":true,"href":"https:\/\/www.europesays.com\/fr\/wp-json\/wp\/v2\/tags?post=66455"}],"curies":[{"name":"wp","href":"https:\/\/api.w.org\/{rel}","templated":true}]}}