{"id":664560,"date":"2026-01-15T04:50:19","date_gmt":"2026-01-15T04:50:19","guid":{"rendered":"https:\/\/www.europesays.com\/fr\/664560\/"},"modified":"2026-01-15T04:50:19","modified_gmt":"2026-01-15T04:50:19","slug":"desaccord-fondamental-avec-trump-et-lancement-dune-mission-militaire-avec-la-france-et-lallemagne","status":"publish","type":"post","link":"https:\/\/www.europesays.com\/fr\/664560\/","title":{"rendered":"D\u00e9saccord \u00ab\u00a0fondamental\u00a0\u00bb avec Trump et lancement d\u2019une mission militaire avec la France et l\u2019Allemagne"},"content":{"rendered":"<p>Le <a href=\"https:\/\/www.20minutes.fr\/dossier\/danemark\" target=\"_blank\" class=\"c-link c-link--is-underlined\" rel=\"noopener\">Danemark<\/a> a affich\u00e9 mercredi son \u00ab\u00a0d\u00e9saccord fondamental\u00a0\u00bb avec <a href=\"https:\/\/www.20minutes.fr\/dossier\/donald_trump\" target=\"_blank\" class=\"c-link c-link--is-underlined\" rel=\"noopener\">Donald Trump<\/a> sur le Groenland, \u00e0 l\u2019issue d\u2019une rencontre \u00e0 la Maison-Blanche entre responsables danois, groenlandais et am\u00e9ricains. Copenhague et Nuuk rejettent toute id\u00e9e de rattachement du territoire autonome danois aux <a href=\"https:\/\/www.20minutes.fr\/monde\/etats-unis\/\" target=\"_blank\" class=\"c-link c-link--is-underlined\" rel=\"noopener\">Etats-Unis<\/a>, mais disent vouloir pr\u00e9server une relation de coop\u00e9ration avec Washington sur les enjeux de s\u00e9curit\u00e9 en <a href=\"https:\/\/www.20minutes.fr\/planete\/arctique\/\" target=\"_blank\" class=\"c-link c-link--is-underlined\" rel=\"noopener\">Arctique<\/a>.<\/p>\n<p>Au sortir des \u00e9changes, le ministre danois des Affaires \u00e9trang\u00e8res Lars L\u00f8kke Rasmussen a reconnu une divergence de fond. \u00ab\u00a0Le pr\u00e9sident (am\u00e9ricain) a clairement exprim\u00e9 son point de vue, et nous avons une position diff\u00e9rente\u00a0\u00bb, a-t-il d\u00e9clar\u00e9. \u00ab\u00a0Nous avons donc toujours un d\u00e9saccord fondamental, mais nous acceptons \u00e9galement d\u2019\u00eatre en d\u00e9saccord\u00a0\u00bb, a-t-il ajout\u00e9, annon\u00e7ant la cr\u00e9ation d\u2019un \u00ab\u00a0groupe de travail de haut niveau afin d\u2019\u00e9tudier si nous pouvons trouver une voie commune pour aller de l\u2019avant\u00a0\u00bb.<\/p>\n<p>Trump \u00ab\u00a0nourrit le souhait de s\u2019emparer du Groenland\u00a0\u00bb<\/p>\n<p>Le ministre danois et la ministre groenlandaise Vivian Motzfeldt ont \u00e9t\u00e9 re\u00e7us \u00e0 la Maison-Blanche pour des entretiens avec le vice-pr\u00e9sident <a href=\"https:\/\/www.20minutes.fr\/monde\/vance\/\" target=\"_blank\" class=\"c-link c-link--is-underlined\" rel=\"noopener\">J.D. Vance<\/a> et le secr\u00e9taire d\u2019Etat <a href=\"https:\/\/www.20minutes.fr\/politique\/marco-rubio\/\" target=\"_blank\" class=\"c-link c-link--is-underlined\" rel=\"noopener\">Marco Rubio<\/a>. \u00ab\u00a0Nous n\u2019avons pas r\u00e9ussi \u00e0 faire changer la position am\u00e9ricaine\u00a0\u00bb, a conc\u00e9d\u00e9 Lars L\u00f8kke Rasmussen, estimant \u00ab\u00a0clair\u00a0\u00bb que Donald Trump \u00ab\u00a0nourrit le souhait de s\u2019emparer du Groenland\u00a0\u00bb. Vivian Motzfeldt a pour sa part comment\u00e9 le climat de la r\u00e9union. \u00ab\u00a0Cela a \u00e9t\u00e9 tr\u00e8s intense pour nous tous, mais je tiens \u00e0 vous dire que la r\u00e9union d\u2019aujourd\u2019hui s\u2019est tr\u00e8s bien d\u00e9roul\u00e9e.\u00a0\u00bb<\/p>\n<\/p>\n<p>Cette s\u00e9quence intervient alors que Donald Trump a r\u00e9affirm\u00e9 sa volont\u00e9 d\u2019acqu\u00e9rir l\u2019\u00eele arctique, sans participer directement aux discussions. Avant la r\u00e9union, il a \u00e9crit sur Truth Social que les Etats-Unis \u00ab\u00a0ont besoin du Groenland pour des raisons de s\u00e9curit\u00e9 nationale\u00a0\u00bb, ajoutant que le territoire est \u00ab\u00a0vital pour le D\u00f4me d\u2019Or que nous construisons\u00a0\u00bb. C\u2019est la premi\u00e8re fois qu\u2019il fait explicitement le lien entre ce projet de bouclier antimissiles et la possession du Groenland. Le pr\u00e9sident am\u00e9ricain a \u00e9galement affirm\u00e9 qu\u2019il \u00ab\u00a0pense qu\u2019une solution sera trouv\u00e9e\u00a0\u00bb sur le Groenland.<\/p>\n<p class=\"mb-m@xs text-l@xs\">En cliquant sur\u00ab J\u2019accepte \u00bb, vous acceptez le d\u00e9p\u00f4t de cookies par des services externes et aurez ainsi acc\u00e8s aux contenus de nos partenaires.<\/p>\n<p class=\"mb-xl@xs text-s@xs\">Plus d\u2019informations sur la page<a href=\"https:\/\/www.20minutes.fr\/gestion-cookies\" class=\"mx-xxs@xs color-ultramarine\" target=\"_blank\" rel=\"noopener\">Politique de gestion des cookies<\/a><\/p>\n<p>J\u2019accepteMission militaire entre Su\u00e9dois, Allemands et Fran\u00e7ais<\/p>\n<p>Pendant les discussions, la Maison-Blanche a diffus\u00e9 sur X un dessin l\u00e9gend\u00e9 \u00ab\u00a0Par o\u00f9, homme du Groenland\u00a0?\u00a0\u00bb, opposant une destination am\u00e9ricaine \u00e0 une alternative <a href=\"https:\/\/www.20minutes.fr\/dossier\/chine\" target=\"_blank\" class=\"c-link c-link--is-underlined\" rel=\"noopener\">Chine<\/a>&#8211;<a href=\"https:\/\/www.20minutes.fr\/monde\/russie\/\" target=\"_blank\" class=\"c-link c-link--is-underlined\" rel=\"noopener\">Russie<\/a>. Dans le m\u00eame temps, des drapeaux groenlandais se sont multipli\u00e9s \u00e0 Nuuk, visibles sur les devantures de boutiques, aux fen\u00eatres d\u2019appartements et sur des v\u00e9hicules, selon un journaliste de l\u2019AFP. Depuis son retour au pouvoir, Donald Trump r\u00e9p\u00e8te qu\u2019il s\u2019emparerait du Groenland \u00ab\u00a0d\u2019une mani\u00e8re ou d\u2019une autre\u00a0\u00bb.<\/p>\n<p><a href=\"https:\/\/www.20minutes.fr\/dossier\/groenland\" target=\"_blank\" class=\"c-link c-btn c-btn--primary\" rel=\"noopener\">Notre dossier sur le Groenland<\/a><\/p>\n<p>Face \u00e0 ces d\u00e9clarations, <a href=\"https:\/\/www.20minutes.fr\/dossier\/copenhague\" target=\"_blank\" class=\"c-link c-link--is-underlined\" rel=\"noopener\">Copenhague<\/a> entend renforcer sa posture dans l\u2019Arctique et mobiliser ses partenaires. Le Danemark a promis de \u00ab\u00a0renforcer sa pr\u00e9sence militaire\u00a0\u00bb au Groenland d\u00e8s mercredi et de dialoguer avec l\u2019<a href=\"https:\/\/www.20minutes.fr\/monde\/otan\/\" target=\"_blank\" class=\"c-link c-link--is-underlined\" rel=\"noopener\">Otan<\/a>. Des <a href=\"https:\/\/www.20minutes.fr\/dossier\/militaire\" target=\"_blank\" class=\"c-link c-link--is-underlined\" rel=\"noopener\">militaires<\/a> su\u00e9dois, allemands, fran\u00e7ais et norv\u00e9giens participeront \u00e0 une mission commune, Berlin \u00e9voquant une reconnaissance \u00ab\u00a0en vue d\u2019\u00e9ventuelles contributions militaires destin\u00e9es \u00e0 soutenir le Danemark dans la garantie de la s\u00e9curit\u00e9 dans la r\u00e9gion\u00a0\u00bb.<\/p>\n<p>Dans la soir\u00e9e, la France a \u00e9galement annonc\u00e9 la convocation d&rsquo;un Conseil de d\u00e9fense en urgence jeudi matin pour \u00e9voquer la situation au Groenland mais \u00e9galement en Iran. Enfin, Lars L\u00f8kke Rasmussen a aussi assur\u00e9 qu\u2019\u00ab\u00a0il n\u2019y a pas de navires de guerre chinois le long des c\u00f4tes du Groenland [\u2026] [et] pas non plus d\u2019investissements massifs chinois au Groenland\u00a0\u00bb.<\/p>\n","protected":false},"excerpt":{"rendered":"Le Danemark a affich\u00e9 mercredi son \u00ab\u00a0d\u00e9saccord fondamental\u00a0\u00bb avec Donald Trump sur le Groenland, \u00e0 l\u2019issue d\u2019une rencontre&hellip;\n","protected":false},"author":2,"featured_media":664561,"comment_status":"","ping_status":"","sticky":false,"template":"","format":"standard","meta":{"footnotes":""},"categories":[1587],"tags":[47,11,672,1813,1804,309,145,1805,1803,75,73,1777,674,1801,146,79,1907,74,12,136,1802],"class_list":{"0":"post-664560","1":"post","2":"type-post","3":"status-publish","4":"format-standard","5":"has-post-thumbnail","7":"category-allemagne","8":"tag-actualite","9":"tag-actualites","10":"tag-allemagne","11":"tag-armee","12":"tag-bundesrepublik-deutschland","13":"tag-chine","14":"tag-danemark","15":"tag-de","16":"tag-deutschland","17":"tag-donald-trump","18":"tag-etats-unis","19":"tag-eu","20":"tag-europe","21":"tag-germany","22":"tag-groenland","23":"tag-j-d-vance","24":"tag-marco-rubio","25":"tag-monde","26":"tag-news","27":"tag-otan","28":"tag-republique-federale-dallemagne"},"share_on_mastodon":{"url":"https:\/\/pubeurope.com\/@fr\/115897317607741784","error":""},"_links":{"self":[{"href":"https:\/\/www.europesays.com\/fr\/wp-json\/wp\/v2\/posts\/664560","targetHints":{"allow":["GET"]}}],"collection":[{"href":"https:\/\/www.europesays.com\/fr\/wp-json\/wp\/v2\/posts"}],"about":[{"href":"https:\/\/www.europesays.com\/fr\/wp-json\/wp\/v2\/types\/post"}],"author":[{"embeddable":true,"href":"https:\/\/www.europesays.com\/fr\/wp-json\/wp\/v2\/users\/2"}],"replies":[{"embeddable":true,"href":"https:\/\/www.europesays.com\/fr\/wp-json\/wp\/v2\/comments?post=664560"}],"version-history":[{"count":0,"href":"https:\/\/www.europesays.com\/fr\/wp-json\/wp\/v2\/posts\/664560\/revisions"}],"wp:featuredmedia":[{"embeddable":true,"href":"https:\/\/www.europesays.com\/fr\/wp-json\/wp\/v2\/media\/664561"}],"wp:attachment":[{"href":"https:\/\/www.europesays.com\/fr\/wp-json\/wp\/v2\/media?parent=664560"}],"wp:term":[{"taxonomy":"category","embeddable":true,"href":"https:\/\/www.europesays.com\/fr\/wp-json\/wp\/v2\/categories?post=664560"},{"taxonomy":"post_tag","embeddable":true,"href":"https:\/\/www.europesays.com\/fr\/wp-json\/wp\/v2\/tags?post=664560"}],"curies":[{"name":"wp","href":"https:\/\/api.w.org\/{rel}","templated":true}]}}