{"id":664573,"date":"2026-01-15T04:59:15","date_gmt":"2026-01-15T04:59:15","guid":{"rendered":"https:\/\/www.europesays.com\/fr\/664573\/"},"modified":"2026-01-15T04:59:15","modified_gmt":"2026-01-15T04:59:15","slug":"atp-adelaide-halys-ne-verra-pas-les-quarts-sports","status":"publish","type":"post","link":"https:\/\/www.europesays.com\/fr\/664573\/","title":{"rendered":"ATP &#8211; Adela\u00efde : Halys ne verra pas les quarts : Sports"},"content":{"rendered":"<p class=\"date\">\n                                                            Aur\u00e9lien Canot, Media365, publi\u00e9 le mercredi 14 janvier 2026 \u00e0 14h40\n                                                    <\/p>\n<p>Issu des qualifications, Quentin Halys s&rsquo;est arr\u00eat\u00e9 au 2e tour du tournoi d&rsquo;Adela\u00efde. Le Fran\u00e7ais le plus en forme de ce d\u00e9but d&rsquo;ann\u00e9e avec Giovanni Mpetshi Perricard a but\u00e9 (d\u00e9faite 6-4, 6-2) aux portes des quarts de finale sur le Tch\u00e8que Tomas Machac, 35e au classement.<\/p>\n<p>Jusqu&rsquo;\u00e0 mercredi, Quentin Halys (29 ans) \u00e9tait le Fran\u00e7ais qui marchait le mieux en ce d\u00e9but d&rsquo;ann\u00e9e. Parvenu au deuxi\u00e8me tour du tournoi de Brisbane, la semaine derni\u00e8re, apr\u00e8s avoir d\u00e9croch\u00e9 sa place dans le grand tableau en passant par les qualifications, de nouveau pr\u00e9sent au 2e tour cette semaine \u00e0 Adela\u00efde, l\u00e0 encore en ayant d\u00fb disputer les qualifications (NDLR : Il avait \u00e9cart\u00e9 au premier match son compatriote Benjamin Bonzi) pour avoir le droit de poursuivre l&rsquo;aventure, le natif de Bondy avait retrouver quelques couleurs apr\u00e8s une fin de saison derni\u00e8re tr\u00e8s compliqu\u00e9e (NDLR : Il s&rsquo;\u00e9tait fait sortir d&rsquo;entr\u00e9e \u00e0 Metz, Paris et B\u00e2le) venue boucler une ann\u00e9e tr\u00e8s p\u00e2le dans tout son ensemble.<\/p>\n<p>C&rsquo;est bien simple : depuis la reprise, seul Giovanni Mpetshi Perricard, <a href=\"https:\/\/sports.orange.fr\/tennis\/atp\/article\/atp-auckland-mpetshi-perricard-encore-en-quarts-CNT000002mDNGB.html\" target=\"_blank\" rel=\"noopener\">qualifi\u00e9 mercredi pour les quarts de finale \u00e0 Auckland<\/a> apr\u00e8s avoir d\u00e9j\u00e0 atteint ce stade de l&rsquo;\u00e9preuve \u00e0 Brisbane lors de son premier tournoi jou\u00e9 en 2026 pouvait s&rsquo;asseoir \u00e0 la table du Tricolore le plus en forme de cette entame de saison. Pourtant, Halys, en d\u00e9pit de sa belle dynamique, n&rsquo;a pas accompagn\u00e9 <a href=\"https:\/\/sports.orange.fr\/tennis\/atp\/article\/atp-adelaide-humbert-deroule-et-file-en-quarts-CNT000002mDMUH.html\" target=\"_blank\" rel=\"noopener\">Ugo Humbert, bourreau de Tallon Griekspoor<\/a> un peu plus t\u00f4t, en quarts de finale du tournoi australien.<\/p>\n<p><strong>Halys balay\u00e9 dans la deuxi\u00e8me manche\u00a0<\/strong><\/p>\n<p>Vingt-quatre heures apr\u00e8s \u00eatre devenu le premier Fran\u00e7ais \u00e0 battre Jacob Fearnley, cauchemar de nos repr\u00e9sentants jusqu&rsquo;alors (20 victoires en 20 matchs face aux Bleus), Halys, qui avait but\u00e9 sur l&rsquo;Am\u00e9ricain Brandon Nakashima \u00e0 Brisbane, n&rsquo;a pas pes\u00e9 lourd face \u00e0 Tomas Machac (d\u00e9faite 6-4, 6-2). Le Tch\u00e8que, qui avait \u00e9t\u00e9 contraint de jeter l&rsquo;\u00e9ponge face au Francilien lors du dernier Roland-Garros (Halys menait 7-6, 4-1), \u00e9tait cette fois en pleine possession de ses moyens.<\/p>\n<p>R\u00e9sultat : ce duel entre le qualifi\u00e9 class\u00e9 au 85e rang mondial et le 35e au classement et t\u00eate de s\u00e9rie num\u00e9ro 8 a nettement tourn\u00e9 \u00e0 l&rsquo;avantage de Machac. Ce dernier aurait m\u00eame pu s&rsquo;imposer plus ais\u00e9ment encore si, apr\u00e8s avoir break\u00e9 rapidement le Fran\u00e7ais, il n&rsquo;avait pas laiss\u00e9 passer deux opportunit\u00e9s de prendre de nouveau son service, \u00e0 5-4.<\/p>\n<p>Malgr\u00e9 une r\u00e9action du demi-finaliste de Duba\u00ef en f\u00e9vrier dernier alors que le Tch\u00e8que avait d\u00e9j\u00e0 pris le large (4-1), le deuxi\u00e8me set a pratiquement donn\u00e9 lieu, lui, \u00e0 un cavalier seul de Machac, qui sera oppos\u00e9 \u00e0 l&rsquo;Espagnol Munar en quarts. Quant au Bondynois, il sait ce qui lui reste \u00e0 faire pour redevenir le tube fran\u00e7ais de ce d\u00e9but d&rsquo;ann\u00e9e.<\/p>\n","protected":false},"excerpt":{"rendered":"Aur\u00e9lien Canot, Media365, publi\u00e9 le mercredi 14 janvier 2026 \u00e0 14h40 Issu des qualifications, Quentin Halys s&rsquo;est arr\u00eat\u00e9&hellip;\n","protected":false},"author":2,"featured_media":664574,"comment_status":"","ping_status":"","sticky":false,"template":"","format":"standard","meta":{"footnotes":""},"categories":[1415],"tags":[1011,27,60,1467],"class_list":{"0":"post-664573","1":"post","2":"type-post","3":"status-publish","4":"format-standard","5":"has-post-thumbnail","7":"category-tennis","8":"tag-fr","9":"tag-france","10":"tag-sports","11":"tag-tennis"},"share_on_mastodon":{"url":"https:\/\/pubeurope.com\/@fr\/115897353013712082","error":""},"_links":{"self":[{"href":"https:\/\/www.europesays.com\/fr\/wp-json\/wp\/v2\/posts\/664573","targetHints":{"allow":["GET"]}}],"collection":[{"href":"https:\/\/www.europesays.com\/fr\/wp-json\/wp\/v2\/posts"}],"about":[{"href":"https:\/\/www.europesays.com\/fr\/wp-json\/wp\/v2\/types\/post"}],"author":[{"embeddable":true,"href":"https:\/\/www.europesays.com\/fr\/wp-json\/wp\/v2\/users\/2"}],"replies":[{"embeddable":true,"href":"https:\/\/www.europesays.com\/fr\/wp-json\/wp\/v2\/comments?post=664573"}],"version-history":[{"count":0,"href":"https:\/\/www.europesays.com\/fr\/wp-json\/wp\/v2\/posts\/664573\/revisions"}],"wp:featuredmedia":[{"embeddable":true,"href":"https:\/\/www.europesays.com\/fr\/wp-json\/wp\/v2\/media\/664574"}],"wp:attachment":[{"href":"https:\/\/www.europesays.com\/fr\/wp-json\/wp\/v2\/media?parent=664573"}],"wp:term":[{"taxonomy":"category","embeddable":true,"href":"https:\/\/www.europesays.com\/fr\/wp-json\/wp\/v2\/categories?post=664573"},{"taxonomy":"post_tag","embeddable":true,"href":"https:\/\/www.europesays.com\/fr\/wp-json\/wp\/v2\/tags?post=664573"}],"curies":[{"name":"wp","href":"https:\/\/api.w.org\/{rel}","templated":true}]}}