{"id":664575,"date":"2026-01-15T05:03:15","date_gmt":"2026-01-15T05:03:15","guid":{"rendered":"https:\/\/www.europesays.com\/fr\/664575\/"},"modified":"2026-01-15T05:03:15","modified_gmt":"2026-01-15T05:03:15","slug":"cyclisme-interview-bruno-armirail-pourquoi-decathlon-ne-ma-pas-garde-demandez-leur","status":"publish","type":"post","link":"https:\/\/www.europesays.com\/fr\/664575\/","title":{"rendered":"Cyclisme. INTERVIEW &#8211; Bruno Armirail : \u00abPourquoi Decathlon ne m&rsquo;a pas gard\u00e9 ? Demandez\u2011leur\u00bb"},"content":{"rendered":"<p> Lire la suite de l&rsquo;article&#13;<\/p>\n<p>\u00a0<\/p>\n<p>&#13;<br \/>\n\u00ab\u00a0C&rsquo;est un privil\u00e8ge d&rsquo;aider ses leaders \u00e0 gagner\u00a0\u00bb&#13;<\/p>\n<p><strong>Bonjour Bruno, comment se passent ces premiers jours dans tes nouvelles couleurs ?<\/strong><\/p>\n<p>&#13;<\/p>\n<p>Tout se passe bien. On est arriv\u00e9s seulement hier pour le deuxi\u00e8me stage avec l\u2019\u00e9quipe. J\u2019avais un peu peur de la barri\u00e8re de la langue, je parle tr\u00e8s peu anglais. On est un joli contingent de francophones, ce qui rend l\u2019int\u00e9gration plus facile. Le staff et mes entra\u00eeneurs parlent fran\u00e7ais aussi. Le but est de parler le plus possible anglais pour progresser et comprendre les consignes en course ; on parle m\u00eame anglais entre Fran\u00e7ais.<\/p>\n<p>&#13;<\/p>\n<p>\u00a0<\/p>\n<p>&#13;<\/p>\n<p><strong>Quels sont tes objectifs en 2026 ?<\/strong><\/p>\n<p>&#13;<\/p>\n<p>Gagner des courses et aider mon leader \u00e0 en gagner. On sera sur Paris-Nice avec l\u2019objectif de remporter le contre-la-montre par \u00e9quipes, sur la Volta Ciclista a Catalunya pour aider Jonas \u00e0 gagner, ainsi que sur l\u2019Itzulia Basque Country. Sur les courses o\u00f9 on n\u2019aura pas de leader, je ne sais pas encore quel sera mon r\u00f4le, si je pourrai me glisser dans des \u00e9chapp\u00e9es ou non. Ensuite, il y aura un peu de repos, puis le Dauphin\u00e9, le championnat national du contre-la-montre, pour lequel je suis tr\u00e8s motiv\u00e9, et enfin le Tour de France.<\/p>\n<p>&#13;<\/p>\n<p>\u00a0<\/p>\n<p>&#13;<br \/>\nMatteo Jorgenson au micro de Cyclism&rsquo;Actu&#13;<\/p>\n<p style=\"text-align: center;\">\n<p>&#13;<\/p>\n<p>\u00a0<\/p>\n<p>&#13;<\/p>\n<p><strong>Tu seras dans l\u2019\u00e9quipe d\u2019un pr\u00e9tendant \u00e0 la victoire sur le prochain Tour, qu\u2019est-ce que cela te fait ?<\/strong><\/p>\n<p>&#13;<\/p>\n<p>C\u2019est une mani\u00e8re diff\u00e9rente de courir. C\u2019est une marque de confiance, m\u00eame si j\u2019ai prouv\u00e9 par le pass\u00e9 qu\u2019on pouvait compter sur moi sur les grandes courses : \u00e7a fait plusieurs ann\u00e9es maintenant que je dispute deux Grands Tours par saison. \u00c7a reste une immense fiert\u00e9 d\u2019\u00eatre reconnu par ses leaders et de les aider \u00e0 gagner. Cette ann\u00e9e, sur le Tour, je serai \u00ab le plus nul de l\u2019\u00e9quipe \u00bb. Si on attendait encore quatre ans avant de me le faire disputer, je serais \u00e0 la retraite. J\u2019esp\u00e8re jouer ma carte sur d\u2019autres courses, en me glissant dans des \u00e9chapp\u00e9es ou sur des chronos. Je suis tr\u00e8s content quand mon leader gagne.<\/p>\n<p>&#13;<\/p>\n<p>\u00a0<\/p>\n<p>&#13;<\/p>\n<p><strong>Comment s\u2019est pass\u00e9e la fin de ta pr\u00e9c\u00e9dente aventure ?<\/strong><\/p>\n<p>&#13;<\/p>\n<p>Je n\u2019ai connu que des \u00e9quipes fran\u00e7aises auparavant, donc c\u2019\u00e9tait un peu particulier. On m\u2019a fait comprendre que je devais aller voir ailleurs, et Visma s\u2019est pr\u00e9sent\u00e9e, donc j\u2019ai saisi l\u2019opportunit\u00e9. C\u2019est une excellente \u00e9quipe pour mon profil. C\u2019est un gros changement, mais aussi une opportunit\u00e9 unique. Ce n\u2019est pas facile de tout quitter, d\u2019aller dans une \u00e9quipe o\u00f9 l\u2019on parle anglais, mais je devais le faire.<\/p>\n<p>&#13;<\/p>\n<p>\u00a0<\/p>\n<p>&#13;<br \/>\nAlex Zingle se confie au micro de Cyclism&rsquo;Actu&#13;<\/p>\n<p style=\"text-align: center;\">\n<p>&#13;<\/p>\n<p>\u00a0<\/p>\n<p>&#13;<\/p>\n<p><strong>Pourquoi Decathlon n\u2019a pas cherch\u00e9 \u00e0 te conserver ?<\/strong><\/p>\n<p>&#13;<\/p>\n<p>Il faut leur demander, mais le projet semble s\u2019orienter davantage vers le sprint.<\/p>\n<p>&#13;<\/p>\n<p>\u00a0<\/p>\n<p>&#13;<\/p>\n<p><strong>Est-ce qu\u2019il y a des diff\u00e9rences majeures entre Visma et les \u00e9quipes fran\u00e7aises, par exemple ?<\/strong><\/p>\n<p>&#13;<\/p>\n<p>Oui et non. On fait de tr\u00e8s belles choses en France. Sur la question de l\u2019alimentation, Visma est tr\u00e8s pointue, et sur d\u2019autres sujets, la France l\u2019est parfois davantage. Il n\u2019y a pas de grosses diff\u00e9rences, plut\u00f4t des d\u00e9tails : la fa\u00e7on de s\u2019entra\u00eener est diff\u00e9rente, et la pression est moins grande lors du stage de rentr\u00e9e.<\/p>\n","protected":false},"excerpt":{"rendered":"Lire la suite de l&rsquo;article&#13; \u00a0 &#13; \u00ab\u00a0C&rsquo;est un privil\u00e8ge d&rsquo;aider ses leaders \u00e0 gagner\u00a0\u00bb&#13; Bonjour Bruno, comment&hellip;\n","protected":false},"author":2,"featured_media":664576,"comment_status":"","ping_status":"","sticky":false,"template":"","format":"standard","meta":{"footnotes":""},"categories":[1411],"tags":[1154,207,211,1011,27,2173,209,60,210,212,208,213],"class_list":{"0":"post-664575","1":"post","2":"type-post","3":"status-publish","4":"format-standard","5":"has-post-thumbnail","7":"category-cyclisme","8":"tag-cycling","9":"tag-cyclisme","10":"tag-ffc","11":"tag-fr","12":"tag-france","13":"tag-interview","14":"tag-route","15":"tag-sports","16":"tag-tour-de-france","17":"tag-uci","18":"tag-velo","19":"tag-world-tour"},"share_on_mastodon":{"url":"https:\/\/pubeurope.com\/@fr\/115897368778577887","error":""},"_links":{"self":[{"href":"https:\/\/www.europesays.com\/fr\/wp-json\/wp\/v2\/posts\/664575","targetHints":{"allow":["GET"]}}],"collection":[{"href":"https:\/\/www.europesays.com\/fr\/wp-json\/wp\/v2\/posts"}],"about":[{"href":"https:\/\/www.europesays.com\/fr\/wp-json\/wp\/v2\/types\/post"}],"author":[{"embeddable":true,"href":"https:\/\/www.europesays.com\/fr\/wp-json\/wp\/v2\/users\/2"}],"replies":[{"embeddable":true,"href":"https:\/\/www.europesays.com\/fr\/wp-json\/wp\/v2\/comments?post=664575"}],"version-history":[{"count":0,"href":"https:\/\/www.europesays.com\/fr\/wp-json\/wp\/v2\/posts\/664575\/revisions"}],"wp:featuredmedia":[{"embeddable":true,"href":"https:\/\/www.europesays.com\/fr\/wp-json\/wp\/v2\/media\/664576"}],"wp:attachment":[{"href":"https:\/\/www.europesays.com\/fr\/wp-json\/wp\/v2\/media?parent=664575"}],"wp:term":[{"taxonomy":"category","embeddable":true,"href":"https:\/\/www.europesays.com\/fr\/wp-json\/wp\/v2\/categories?post=664575"},{"taxonomy":"post_tag","embeddable":true,"href":"https:\/\/www.europesays.com\/fr\/wp-json\/wp\/v2\/tags?post=664575"}],"curies":[{"name":"wp","href":"https:\/\/api.w.org\/{rel}","templated":true}]}}