{"id":664607,"date":"2026-01-15T05:23:32","date_gmt":"2026-01-15T05:23:32","guid":{"rendered":"https:\/\/www.europesays.com\/fr\/664607\/"},"modified":"2026-01-15T05:23:32","modified_gmt":"2026-01-15T05:23:32","slug":"en-direct-cev-cup-le-vnvb-sincline-face-a-chieri-et-quitte-la-scene-europeenne","status":"publish","type":"post","link":"https:\/\/www.europesays.com\/fr\/664607\/","title":{"rendered":"En direct. CEV Cup. Le VNVB\u00a0s&rsquo;incline face \u00e0 Chieri et quitte la sc\u00e8ne europ\u00e9enne"},"content":{"rendered":"<p>&#8211; Apr\u00e8s 10h de voyage, le VNVB a pris ses quartiers \u00e0 Cambiano, dans la banlieue de Turin. C&rsquo;est justement \u00e0 Turin, au sein du fameux parc Ruffini que les joueuses de Nicola Vettori vont jouer ce 8e de finale retour, au sein du Palazzo Ruffini justement.\u00a0<\/p>\n<p>&#8211; Le d\u00e9placement transalpin du VNVB est quelque soit peu facilit\u00e9 par les aptitudes italiennes de l&rsquo;entra\u00eeneur Nicola Vettori. En effet, comme son nom l&rsquo;indique, ce dernier parle un italien parfait, lui qui a v\u00e9\u00e7u \u00e0 Parme notamment.\u00a0<\/p>\n<p>&#8211; Le Palazzo Ruffini a une capacit\u00e9 de 4 000 personnes. Ce dimanche, Chieri a justement jou\u00e9 ici, face au leader de leur championnat. Les Italiennes s&rsquo;y sont d&rsquo;ailleurs inclin\u00e9es pour la premi\u00e8re fois de la saison \u00e0 domicile.\u00a0<\/p>\n<p>&#8211; <a href=\"https:\/\/www.estrepublicain.fr\/sport\/2025\/12\/10\/je-n-ai-jamais-ete-aussi-en-forme-apprecie-la-joueuse-du-vnvb-leia-ratahiry-avant-d-affronter-cannes-et-sa-cousine-lilou\" target=\"_blank\" rel=\"noopener\">Le\u00efa Ratahiry<\/a> souffrante mais toujours au rendez-vous. La recep-attaque n&rsquo;a pas franchement v\u00e9cue ce d\u00e9placement dans les meilleures conditions. Pourtant, ce mardi, masque sur le nez et la bouche, elle a montr\u00e9 qu&rsquo;elle avait des ressources. Ce mercredi, si son mal de gorge persiste, bye bye le masque et elle a l&rsquo;air d&rsquo;aller beaucoup mieux.\u00a0<\/p>\n<p>&#8211; Une petite quinzaine de supporters est arriv\u00e9e ce mardi \u00e0 Turin. Les fervents supporters ont eu la chance d&rsquo;assister \u00e0 l&rsquo;entra\u00eenement mardi et ce mercredi, ils suivent \u00e9galement leur volleyeuses pr\u00e9f\u00e9r\u00e9es.\u00a0<\/p>\n","protected":false},"excerpt":{"rendered":"&#8211; Apr\u00e8s 10h de voyage, le VNVB a pris ses quartiers \u00e0 Cambiano, dans la banlieue de Turin.&hellip;\n","protected":false},"author":2,"featured_media":664608,"comment_status":"","ping_status":"","sticky":false,"template":"","format":"standard","meta":{"footnotes":""},"categories":[9635],"tags":[1111,11,3545,1704,1706,10174,1777,674,1011,27,775,1702,12,25,517,1700,1750,1632],"class_list":{"0":"post-664607","1":"post","2":"type-post","3":"status-publish","4":"format-standard","5":"has-post-thumbnail","7":"category-nancy","8":"tag-actu","9":"tag-actualites","10":"tag-direct-sport","11":"tag-edition-nancy-et-agglomeration","12":"tag-edition-pont-a-mousson","13":"tag-edition-verdun","14":"tag-eu","15":"tag-europe","16":"tag-fr","17":"tag-france","18":"tag-grand-est","19":"tag-nancy","20":"tag-news","21":"tag-republique-francaise","22":"tag-sport","23":"tag-sport-lorrain","24":"tag-vnvb","25":"tag-volley-ball"},"share_on_mastodon":{"url":"https:\/\/pubeurope.com\/@fr\/115897447450866840","error":""},"_links":{"self":[{"href":"https:\/\/www.europesays.com\/fr\/wp-json\/wp\/v2\/posts\/664607","targetHints":{"allow":["GET"]}}],"collection":[{"href":"https:\/\/www.europesays.com\/fr\/wp-json\/wp\/v2\/posts"}],"about":[{"href":"https:\/\/www.europesays.com\/fr\/wp-json\/wp\/v2\/types\/post"}],"author":[{"embeddable":true,"href":"https:\/\/www.europesays.com\/fr\/wp-json\/wp\/v2\/users\/2"}],"replies":[{"embeddable":true,"href":"https:\/\/www.europesays.com\/fr\/wp-json\/wp\/v2\/comments?post=664607"}],"version-history":[{"count":0,"href":"https:\/\/www.europesays.com\/fr\/wp-json\/wp\/v2\/posts\/664607\/revisions"}],"wp:featuredmedia":[{"embeddable":true,"href":"https:\/\/www.europesays.com\/fr\/wp-json\/wp\/v2\/media\/664608"}],"wp:attachment":[{"href":"https:\/\/www.europesays.com\/fr\/wp-json\/wp\/v2\/media?parent=664607"}],"wp:term":[{"taxonomy":"category","embeddable":true,"href":"https:\/\/www.europesays.com\/fr\/wp-json\/wp\/v2\/categories?post=664607"},{"taxonomy":"post_tag","embeddable":true,"href":"https:\/\/www.europesays.com\/fr\/wp-json\/wp\/v2\/tags?post=664607"}],"curies":[{"name":"wp","href":"https:\/\/api.w.org\/{rel}","templated":true}]}}