{"id":664609,"date":"2026-01-15T05:24:16","date_gmt":"2026-01-15T05:24:16","guid":{"rendered":"https:\/\/www.europesays.com\/fr\/664609\/"},"modified":"2026-01-15T05:24:16","modified_gmt":"2026-01-15T05:24:16","slug":"comment-devenir-ingenieur-sans-quitter-la-region-paca","status":"publish","type":"post","link":"https:\/\/www.europesays.com\/fr\/664609\/","title":{"rendered":"Comment devenir ing\u00e9nieur sans quitter la r\u00e9gion PACA ?"},"content":{"rendered":"<p>                                                <strong>Pourquoi est-il important de rappeler qu\u2019il n\u2019est pas n\u00e9cessaire de quitter le territoire pour devenir ing\u00e9nieur\u00a0?<\/strong><\/p>\n<p class=\"fs-5 \">Parce que cette id\u00e9e reste tr\u00e8s r\u00e9pandue. Beaucoup de familles pensent qu\u2019il faut partir loin pour suivre des \u00e9tudes de qualit\u00e9. Or, depuis plus de trente ans, l\u2019ISEN forme dans le Sud des ing\u00e9nieurs parmi les meilleurs de France.<\/p>\n<p>                                                <strong>Quelles formations proposez-vous apr\u00e8s le bac\u00a0?<\/strong><\/p>\n<p class=\"fs-5 \">Plusieurs voies d\u2019acc\u00e8s sont possibles\u00a0: des classes pr\u00e9paratoires aux grandes \u00e9coles (CPGE), des pr\u00e9pas int\u00e9gr\u00e9es, et des bachelors en sciences et ing\u00e9nierie en trois ans, d\u00e9livrant le grade de licence. Ces parcours permettent d\u2019avancer progressivement vers le m\u00e9tier d\u2019ing\u00e9nieur, selon le profil et le projet de chacun.<\/p>\n<p>        <img decoding=\"async\" src=\"https:\/\/www.europesays.com\/fr\/wp-content\/uploads\/2026\/01\/ARTVIEW-10663403-ORIG-ee60fb2_upload-1-y6wg44ks83xg-agnes.JPG\" class=\"figure-img img-fluid rounded\" alt=\"Agn\u00e8s Laville, Directrice g\u00e9n\u00e9rale de l\u2019ISEN M\u00e9diterran\u00e9e.&#10;&#10;\"\/><\/p>\n<p>                                    Agn\u00e8s Laville, Directrice g\u00e9n\u00e9rale de l\u2019ISEN M\u00e9diterran\u00e9e.<\/p>\n<p>Cr\u00e9dit : Roxane Blanc \/ ISEN M\u00e9diterran\u00e9e<\/p>\n<p>                                                <strong>\u00c0 quel type de profil s\u2019adressent-elles\u00a0?\u00a0<\/strong><\/p>\n<p class=\"fs-5 \">\u00c0 tous. Avec la r\u00e9forme du bac, certains jeunes s\u2019autocensurent en croyant, \u00e0 tort, que les portes vers l\u2019ing\u00e9nierie leur sont ferm\u00e9es. Pourtant, nous accueillons des profils vari\u00e9s\u00a0: bacs g\u00e9n\u00e9raux, STI2D, STL, mais aussi bacs pros dans nos bachelors. Une p\u00e9dagogie diff\u00e9renci\u00e9e, avec remises \u00e0 niveau et suivi personnalis\u00e9, permet \u00e0 chacun de r\u00e9ussir, m\u00eame sans parcours scientifique \u00ab\u00a0classique\u00a0\u00bb.<\/p>\n<p>                                                <strong>Comment adaptez-vous votre enseignement aux besoins des entreprises\u00a0?<\/strong><\/p>\n<p class=\"fs-5 \">Nous travaillons en lien \u00e9troit avec les entreprises, qui nous font r\u00e9guli\u00e8rement part de l\u2019\u00e9volution des m\u00e9tiers et des comp\u00e9tences attendues. Cela nous permet d\u2019adapter nos enseignements aux \u00e9volutions technologiques et aux besoins \u00e9mergents.<\/p>\n<p>                                                <strong>Dans quels domaines se sp\u00e9cialisent vos \u00e9tudiants\u00a0?<\/strong><\/p>\n<p class=\"fs-5 \">L\u2019ISEN est une \u00e9cole d\u2019ing\u00e9nieurs du num\u00e9rique qui propose huit options\u00a0: la cybers\u00e9curit\u00e9, l\u2019e-sant\u00e9, l\u2019ing\u00e9nierie logicielle, les objets connect\u00e9s intelligents, la robotique, la smart energy, les syst\u00e8mes embarqu\u00e9s intelligents et l\u2019ing\u00e9nierie des affaires.<\/p>\n<p>                                                <strong>Quels d\u00e9bouch\u00e9s en r\u00e9gion PACA\u00a0?\u00a0<\/strong><\/p>\n<p class=\"fs-5 \">98 % de nos dipl\u00f4m\u00e9s sont en emploi quatre mois apr\u00e8s le dipl\u00f4me, et plus de 75 % restent en r\u00e9gion PACA. Les d\u00e9bouch\u00e9s, dans le monde entier, concernent notamment la d\u00e9fense, l\u2019\u00e9lectronique, l\u2019IA ou la cybers\u00e9curit\u00e9, dans de grands groupes comme Naval Group ou STMicroelectronics, mais aussi dans des PME innovantes.<\/p>\n<p class=\"fs-5 \"><strong>Et c\u00f4t\u00e9 bachelors\u00a0?<\/strong><br \/>Nous proposons deux bachelors. Le premier en informatique, jeux vid\u00e9o et r\u00e9alit\u00e9 virtuelle \u00e0 Marseille\u00a0; le second \u00e0 Toulon en cybers\u00e9curit\u00e9, avec une premi\u00e8re ann\u00e9e sous statut \u00e9tudiant puis deux ann\u00e9es en apprentissage. Ces parcours permettent \u00e9ventuellement d\u2019int\u00e9grer le cycle ing\u00e9nieur ensuite.<\/p>\n<p class=\"fs-5 \"><strong>Informations\u00a0:<\/strong><\/p>\n<p class=\"fs-5 \"><strong>Journ\u00e9es d\u2019immersion<\/strong><br \/>14 janvier et 11\u00a0mars \u00e0 Toulon<\/p>\n<p class=\"fs-5 \">4\u00a0mars \u00e0 Marseille<\/p>\n<p class=\"fs-5 \"><strong>Journ\u00e9es portes ouvertes<\/strong><br \/>24 janvier et 7\u00a0mars \u00e0 Toulon<\/p>\n<p class=\"fs-5 \">7 f\u00e9vrier\u00a0\u00e0 Marseille<\/p>\n<p class=\"fs-5 \">Plus d\u2019informations sur\u00a0<a href=\"https:\/\/isen-mediterranee.fr\/\" target=\"_blank\" rel=\"noopener\">isen-mediterranee.fr<\/a><\/p>\n","protected":false},"excerpt":{"rendered":"Pourquoi est-il important de rappeler qu\u2019il n\u2019est pas n\u00e9cessaire de quitter le territoire pour devenir ing\u00e9nieur\u00a0? Parce que&hellip;\n","protected":false},"author":2,"featured_media":664610,"comment_status":"","ping_status":"","sticky":false,"template":"","format":"standard","meta":{"footnotes":""},"categories":[9619],"tags":[1111,11,1777,674,1011,27,12,882,25,2310],"class_list":{"0":"post-664609","1":"post","2":"type-post","3":"status-publish","4":"format-standard","5":"has-post-thumbnail","7":"category-toulon","8":"tag-actu","9":"tag-actualites","10":"tag-eu","11":"tag-europe","12":"tag-fr","13":"tag-france","14":"tag-news","15":"tag-provence-alpes-cote-dazur","16":"tag-republique-francaise","17":"tag-toulon"},"share_on_mastodon":{"url":"https:\/\/pubeurope.com\/@fr\/115897451368815824","error":""},"_links":{"self":[{"href":"https:\/\/www.europesays.com\/fr\/wp-json\/wp\/v2\/posts\/664609","targetHints":{"allow":["GET"]}}],"collection":[{"href":"https:\/\/www.europesays.com\/fr\/wp-json\/wp\/v2\/posts"}],"about":[{"href":"https:\/\/www.europesays.com\/fr\/wp-json\/wp\/v2\/types\/post"}],"author":[{"embeddable":true,"href":"https:\/\/www.europesays.com\/fr\/wp-json\/wp\/v2\/users\/2"}],"replies":[{"embeddable":true,"href":"https:\/\/www.europesays.com\/fr\/wp-json\/wp\/v2\/comments?post=664609"}],"version-history":[{"count":0,"href":"https:\/\/www.europesays.com\/fr\/wp-json\/wp\/v2\/posts\/664609\/revisions"}],"wp:featuredmedia":[{"embeddable":true,"href":"https:\/\/www.europesays.com\/fr\/wp-json\/wp\/v2\/media\/664610"}],"wp:attachment":[{"href":"https:\/\/www.europesays.com\/fr\/wp-json\/wp\/v2\/media?parent=664609"}],"wp:term":[{"taxonomy":"category","embeddable":true,"href":"https:\/\/www.europesays.com\/fr\/wp-json\/wp\/v2\/categories?post=664609"},{"taxonomy":"post_tag","embeddable":true,"href":"https:\/\/www.europesays.com\/fr\/wp-json\/wp\/v2\/tags?post=664609"}],"curies":[{"name":"wp","href":"https:\/\/api.w.org\/{rel}","templated":true}]}}