{"id":664611,"date":"2026-01-15T05:25:12","date_gmt":"2026-01-15T05:25:12","guid":{"rendered":"https:\/\/www.europesays.com\/fr\/664611\/"},"modified":"2026-01-15T05:25:12","modified_gmt":"2026-01-15T05:25:12","slug":"pour-le-pouvoir-iranien-la-vie-ne-vaut-pas-grand-chose-temoigne-une-jeune-iranienne-installee-a-toulon","status":"publish","type":"post","link":"https:\/\/www.europesays.com\/fr\/664611\/","title":{"rendered":"\u00abPour le pouvoir iranien, la vie ne vaut pas grand-chose\u00bb,\u00a0t\u00e9moigne une jeune Iranienne install\u00e9e \u00e0 Toulon"},"content":{"rendered":"<p class=\"fs-5 \">Depuis le jeudi 8 janvier, la derni\u00e8re fois o\u00f9 elle a pu parler \u00e0 sa m\u00e8re, Sahar (1) ne l\u00e2che plus son smartphone. M\u00eame si les t\u00e9l\u00e9communications ont \u00e9t\u00e9 coup\u00e9es par le pouvoir, de peur que des images des manifestations monstres, et surtout de leur sanglante r\u00e9pression, ne parviennent \u00e0 l\u2019\u00e9tranger, elle esp\u00e8re toujours qu\u2019une bonne nouvelle appara\u00eetra sur son petit \u00e9cran. \u00ab La situation en Iran est grave. Cette fois, les gens sont tr\u00e8s nombreux \u00e0 manifester dans la rue. Je suis inqui\u00e8te car je sais que la vie ne vaut pas grand-chose pour le pouvoir en place. Alors l\u2019impossibilit\u00e9 de parler avec ma famille me stresse \u00bb, confie la jeune femme.<\/p>\n<p>                                                                                Massacres redout\u00e9s<\/p>\n<p class=\"fs-5 \">\u00c0 pr\u00e8s de 5 000 km de T\u00e9h\u00e9ran, la jeune femme, qui appartient \u00e0 la minorit\u00e9 kurde d\u2019Iran, est bien impuissante, mais elle veut rester positive. \u00ab Je sais que pour le r\u00e9gime, seule sa survie compte. Mais je me dis que, si tous les Iraniens sont dans la rue, les pasdarans (les Gardiens de la r\u00e9volution de 1979, NDLR) et autres forces de s\u00e9curit\u00e9 ne pourront pas tuer tout le monde\u2026 \u00c0 chaque seconde, j\u2019esp\u00e8re apprendre que le r\u00e9gime des mollahs est enfin tomb\u00e9 \u00bb.<\/p>\n<p class=\"fs-5 \">Les rares informations qu\u2019elle glane ici et l\u00e0 ne sont pourtant gu\u00e8re encourageantes jusqu\u2019\u00e0 pr\u00e9sent. Selon Iran International, un m\u00e9dia d\u2019opposition install\u00e9 \u00e0 Londres, \u00ab douze mille personnes auraient \u00e9t\u00e9 tu\u00e9es jeudi et vendredi dernier. 12 000 morts en \u00e0 peine deux jours ! Quel r\u00e9gime est capable d\u2019une telle violence envers son peuple ? \u00bb, interroge-t-elle, abasourdie par l\u2019ampleur des massacres pr\u00e9sum\u00e9s.<\/p>\n<p class=\"fs-5 \">Pour Sahar, les condamnations internationales ne suffisent plus. \u00ab Finies les r\u00e9probations ! Les \u00c9tats-Unis, l\u2019Europe doivent agir. Avec le soutien de Trump, le peuple iranien qui, dans sa grande majorit\u00e9, n\u2019en peut plus du pouvoir en place, peut contribuer \u00e0 faire tomber le r\u00e9gime des mollahs \u00bb, assure la jeune femme. Elle va m\u00eame plus loin en affirmant que : \u00ab En juin dernier, lors de la guerre dite des 12 jours, c\u2019est assez bizarre de dire cela, mais les Iraniens &#8211; v\u00e9ritablement \u00e0 bout par la situation \u00e9conomique et l\u2019absence de libert\u00e9 &#8211; \u00e9taient plut\u00f4t contents qu\u2019Isra\u00ebl et les \u00c9tats-Unis bombardent leur pays \u00bb. Des propos pour le moins surprenants qu\u2019elle explique en ces termes : \u00ab Les bombardements isra\u00e9liens et am\u00e9ricains sur l\u2019Iran n\u2019ont fait aucune victime innocente. Il n\u2019y a pas eu de dommages collat\u00e9raux (2) \u00bb.<\/p>\n<p>                                                                                Reconnaissante envers la France<\/p>\n<p class=\"fs-5 \">Une nouvelle ing\u00e9rence \u00e9trang\u00e8re, v\u00e9ritable cauchemar des mollahs, n\u2019est pas impossible. Trump n\u2019a-t-il pas menac\u00e9 T\u00e9h\u00e9ran \u00e0 plusieurs reprises ces derni\u00e8res semaines ? \u00ab Les dirigeants iraniens condamnent toute ing\u00e9rence \u00e9trang\u00e8re, mais alors que fait l\u2019Iran au Liban, en Syrie, en Irak, ou encore au Y\u00e9men ? \u00bb, r\u00e9torque Sahar.<\/p>\n<p class=\"fs-5 \">Si elle appelle de ses v\u0153ux la chute du r\u00e9gime, la jeune femme n\u2019est pas pour autant pr\u00eate \u00e0 rentrer au pays. \u00ab Je dois toute ma vie \u00e0 la France. Ce pays m\u2019a soutenue dans ma vie personnelle, comme professionnelle. C\u2019est par exemple la France qui paye ma formation en \u00e9cole param\u00e9dicale. Je lui suis extr\u00eamement reconnaissante et je veux rendre \u00e0 la France ce qu\u2019elle m\u2019a donn\u00e9 \u00bb, t\u00e9moigne Sahar, tr\u00e8s \u00e9mue. Apr\u00e8s quelques instants pour se reprendre, elle raconte : \u00ab J\u2019ai toujours voulu travailler dans le m\u00e9dical. Lorsque j\u2019\u00e9tais en premi\u00e8re ann\u00e9e de m\u00e9decine en Iran, \u00e0 l\u2019occasion de la f\u00eate nationale, les \u00e9tudiants ont \u00e9t\u00e9 invit\u00e9s \u00e0 pi\u00e9tiner les drapeaux am\u00e9ricain et isra\u00e9lien d\u00e9pli\u00e9s au sol \u00e0 l\u2019entr\u00e9e de l\u2019universit\u00e9. J\u2019ai refus\u00e9 et j\u2019ai \u00e9t\u00e9 aussit\u00f4t black-list\u00e9e, interdite de poursuivre mon cursus \u00bb.<\/p>\n<p class=\"fs-5 \">1. Pour ne pas exposer sa famille qui vit toujours en Iran, le pr\u00e9nom a \u00e9t\u00e9 chang\u00e9.<\/p>\n<p class=\"fs-5 \">2. Selon l\u2019ONG Human Rights Activists, bas\u00e9e \u00e0 Washington, les bombardements isra\u00e9liens et am\u00e9ricains sur l\u2019Iran auraient fait au moins 1 054 morts et 4 476 bless\u00e9s.<\/p>\n","protected":false},"excerpt":{"rendered":"Depuis le jeudi 8 janvier, la derni\u00e8re fois o\u00f9 elle a pu parler \u00e0 sa m\u00e8re, Sahar (1)&hellip;\n","protected":false},"author":2,"featured_media":664612,"comment_status":"","ping_status":"","sticky":false,"template":"","format":"standard","meta":{"footnotes":""},"categories":[9619],"tags":[1111,11,1777,674,1011,27,12,882,25,2310],"class_list":{"0":"post-664611","1":"post","2":"type-post","3":"status-publish","4":"format-standard","5":"has-post-thumbnail","7":"category-toulon","8":"tag-actu","9":"tag-actualites","10":"tag-eu","11":"tag-europe","12":"tag-fr","13":"tag-france","14":"tag-news","15":"tag-provence-alpes-cote-dazur","16":"tag-republique-francaise","17":"tag-toulon"},"share_on_mastodon":{"url":"https:\/\/pubeurope.com\/@fr\/115897455236396648","error":""},"_links":{"self":[{"href":"https:\/\/www.europesays.com\/fr\/wp-json\/wp\/v2\/posts\/664611","targetHints":{"allow":["GET"]}}],"collection":[{"href":"https:\/\/www.europesays.com\/fr\/wp-json\/wp\/v2\/posts"}],"about":[{"href":"https:\/\/www.europesays.com\/fr\/wp-json\/wp\/v2\/types\/post"}],"author":[{"embeddable":true,"href":"https:\/\/www.europesays.com\/fr\/wp-json\/wp\/v2\/users\/2"}],"replies":[{"embeddable":true,"href":"https:\/\/www.europesays.com\/fr\/wp-json\/wp\/v2\/comments?post=664611"}],"version-history":[{"count":0,"href":"https:\/\/www.europesays.com\/fr\/wp-json\/wp\/v2\/posts\/664611\/revisions"}],"wp:featuredmedia":[{"embeddable":true,"href":"https:\/\/www.europesays.com\/fr\/wp-json\/wp\/v2\/media\/664612"}],"wp:attachment":[{"href":"https:\/\/www.europesays.com\/fr\/wp-json\/wp\/v2\/media?parent=664611"}],"wp:term":[{"taxonomy":"category","embeddable":true,"href":"https:\/\/www.europesays.com\/fr\/wp-json\/wp\/v2\/categories?post=664611"},{"taxonomy":"post_tag","embeddable":true,"href":"https:\/\/www.europesays.com\/fr\/wp-json\/wp\/v2\/tags?post=664611"}],"curies":[{"name":"wp","href":"https:\/\/api.w.org\/{rel}","templated":true}]}}