{"id":664617,"date":"2026-01-15T05:30:16","date_gmt":"2026-01-15T05:30:16","guid":{"rendered":"https:\/\/www.europesays.com\/fr\/664617\/"},"modified":"2026-01-15T05:30:16","modified_gmt":"2026-01-15T05:30:16","slug":"isere-un-enfant-se-blesse-serieusement-sur-une-piste-de-ski-de-fond","status":"publish","type":"post","link":"https:\/\/www.europesays.com\/fr\/664617\/","title":{"rendered":"Is\u00e8re. Un enfant se blesse s\u00e9rieusement sur une piste de ski de fond"},"content":{"rendered":"<p>Les secouristes de la CRS Alpes, du Samu et de la S\u00e9curit\u00e9 civile sont intervenus ce mercredi apr\u00e8s-midi sur le domaine de ski de fond du Sappey-en-Chartreuse pour assister un jeune gar\u00e7on \u00e2g\u00e9 d\u2019une dizaine d\u2019ann\u00e9es qui venait de se blesser en chutant. Il a \u00e9t\u00e9 m\u00e9dicalis\u00e9 sur place pour une suspicion de fracture de f\u00e9mur et a \u00e9t\u00e9 h\u00e9liport\u00e9 au CHU Grenoble Alpes.<\/p>\n<p>Par ailleurs, les m\u00eames \u00e9quipes de secouristes, intervenues \u00e9galement en d\u00e9but d\u2019apr\u00e8s-midi \u00e0 Huez pour un tr\u00e8s grave <a href=\"https:\/\/www.ledauphine.com\/faits-divers-justice\/2026\/01\/14\/un-skieur-de-56-ans-foudroye-par-un-malaise-cardiaque-sur-les-pistes\" target=\"_blank\" rel=\"noopener\">malaise cardiaque sur le domaine skiable<\/a> (lire par ailleurs), se sont rendues dans l\u2019apr\u00e8s-midi sur les pistes de Villard-de-Lans pour un skieur de 28 ans bless\u00e9 au bassin. Il a \u00e9galement \u00e9t\u00e9 m\u00e9dicalis\u00e9 et h\u00e9liport\u00e9 \u00e0 l\u2019h\u00f4pital.<\/p>\n<p>Enfin, les secouristes de la CRS Alpes bas\u00e9s \u00e0 Brian\u00e7on sont intervenus aux Deux-Alpes en compagnie d\u2019un m\u00e9decin et d\u2019un h\u00e9licopt\u00e8re de la gendarmerie pour porter assistance \u00e0 un skieur de 25 ans qui venait de percuter un panneau indicateur sur les pistes des Deux-Alpes. Victime d\u2019un traumatisme thoracique, il a \u00e9t\u00e9 dirig\u00e9 sur le CHU.<\/p>\n","protected":false},"excerpt":{"rendered":"Les secouristes de la CRS Alpes, du Samu et de la S\u00e9curit\u00e9 civile sont intervenus ce mercredi apr\u00e8s-midi&hellip;\n","protected":false},"author":2,"featured_media":664618,"comment_status":"","ping_status":"","sticky":false,"template":"","format":"standard","meta":{"footnotes":""},"categories":[9566],"tags":[119,1111,11,2430,112,1777,674,274,1011,27,2731,108,21293,9598,12,25],"class_list":{"0":"post-664617","1":"post","2":"type-post","3":"status-publish","4":"format-standard","5":"has-post-thumbnail","7":"category-grenoble","8":"tag-accident","9":"tag-actu","10":"tag-actualites","11":"tag-auvergne-rhone-alpes","12":"tag-edition-grenoble-agglomeration","13":"tag-eu","14":"tag-europe","15":"tag-faits-divers-justice","16":"tag-fr","17":"tag-france","18":"tag-grenoble","19":"tag-isere","20":"tag-le-sappey-en-chartreuse","21":"tag-meylan-et-autour","22":"tag-news","23":"tag-republique-francaise"},"share_on_mastodon":{"url":"https:\/\/pubeurope.com\/@fr\/115897475144185169","error":""},"_links":{"self":[{"href":"https:\/\/www.europesays.com\/fr\/wp-json\/wp\/v2\/posts\/664617","targetHints":{"allow":["GET"]}}],"collection":[{"href":"https:\/\/www.europesays.com\/fr\/wp-json\/wp\/v2\/posts"}],"about":[{"href":"https:\/\/www.europesays.com\/fr\/wp-json\/wp\/v2\/types\/post"}],"author":[{"embeddable":true,"href":"https:\/\/www.europesays.com\/fr\/wp-json\/wp\/v2\/users\/2"}],"replies":[{"embeddable":true,"href":"https:\/\/www.europesays.com\/fr\/wp-json\/wp\/v2\/comments?post=664617"}],"version-history":[{"count":0,"href":"https:\/\/www.europesays.com\/fr\/wp-json\/wp\/v2\/posts\/664617\/revisions"}],"wp:featuredmedia":[{"embeddable":true,"href":"https:\/\/www.europesays.com\/fr\/wp-json\/wp\/v2\/media\/664618"}],"wp:attachment":[{"href":"https:\/\/www.europesays.com\/fr\/wp-json\/wp\/v2\/media?parent=664617"}],"wp:term":[{"taxonomy":"category","embeddable":true,"href":"https:\/\/www.europesays.com\/fr\/wp-json\/wp\/v2\/categories?post=664617"},{"taxonomy":"post_tag","embeddable":true,"href":"https:\/\/www.europesays.com\/fr\/wp-json\/wp\/v2\/tags?post=664617"}],"curies":[{"name":"wp","href":"https:\/\/api.w.org\/{rel}","templated":true}]}}