{"id":664621,"date":"2026-01-15T05:33:12","date_gmt":"2026-01-15T05:33:12","guid":{"rendered":"https:\/\/www.europesays.com\/fr\/664621\/"},"modified":"2026-01-15T05:33:12","modified_gmt":"2026-01-15T05:33:12","slug":"previsions-du-jeudi-15-janvier-2026-6","status":"publish","type":"post","link":"https:\/\/www.europesays.com\/fr\/664621\/","title":{"rendered":"pr\u00e9visions du jeudi 15 janvier 2026"},"content":{"rendered":"<p>Aujourd&rsquo;hui, \u00e0 Rennes, on sera sous un ciel bien gris, couvert de nuages. Il va faire 8\u00b0C en moyenne. Un vent de sud, enregistrant 27 km\/h, soufflera. La matin\u00e9e sera marqu\u00e9e par de la bruine l\u00e9g\u00e8re. Le thermom\u00e8tre affichera 9\u00b0C en moyenne. Des pluies \u00e9parses tomberont dans l&rsquo;apr\u00e8s-midi. Les valeurs seront comprises entre 9\u00b0C et 10\u00b0C. Il va pleuvoir le soir. Les temp\u00e9ratures seront de 8\u00b0C au plus bas et de 9\u00b0C au plus haut. Un ciel d\u00e9pourvu de nuages est attendu dans la nuit entre jeudi et vendredi.<\/p>\n<p>Demain, une diminution du mercure est \u00e0 craindre \u00e0 Rennes. Les valeurs s&rsquo;\u00e9chelonneront entre 4 et 10\u00b0C. Dans la matin\u00e9e, le brouillard sera relativement install\u00e9. On pr\u00e9voit des temp\u00e9ratures avoisinant 6\u00b0C. Un vent de sud soufflera un peu, avec 13 km\/h. La ville aura quelques \u00e9claircies demain apr\u00e8s-midi. Les maximales pourront atteindre 10\u00b0C et les minimales seront de 7\u00b0C. Les Rennais vont avoir froid demain soir : les temp\u00e9ratures ne vont pas d\u00e9passer 6\u00b0C. Il fera environ 5\u00b0C. Une l\u00e9g\u00e8re brise de sud soufflera.<\/p>\n<p>Le temps restera stable les prochains jours. Le temps sera ensoleill\u00e9 avec des temp\u00e9ratures autour de 3\u00b0C.<\/p>\n<p><\/p>\n","protected":false},"excerpt":{"rendered":"Aujourd&rsquo;hui, \u00e0 Rennes, on sera sous un ciel bien gris, couvert de nuages. Il va faire 8\u00b0C en&hellip;\n","protected":false},"author":2,"featured_media":664622,"comment_status":"","ping_status":"","sticky":false,"template":"","format":"standard","meta":{"footnotes":""},"categories":[2821],"tags":[1111,11,829,1777,674,1011,27,12,2119,584,25],"class_list":{"0":"post-664621","1":"post","2":"type-post","3":"status-publish","4":"format-standard","5":"has-post-thumbnail","7":"category-rennes","8":"tag-actu","9":"tag-actualites","10":"tag-bretagne","11":"tag-eu","12":"tag-europe","13":"tag-fr","14":"tag-france","15":"tag-news","16":"tag-previsions-meteo","17":"tag-rennes","18":"tag-republique-francaise"},"share_on_mastodon":{"url":"https:\/\/pubeurope.com\/@fr\/115897486939554319","error":""},"_links":{"self":[{"href":"https:\/\/www.europesays.com\/fr\/wp-json\/wp\/v2\/posts\/664621","targetHints":{"allow":["GET"]}}],"collection":[{"href":"https:\/\/www.europesays.com\/fr\/wp-json\/wp\/v2\/posts"}],"about":[{"href":"https:\/\/www.europesays.com\/fr\/wp-json\/wp\/v2\/types\/post"}],"author":[{"embeddable":true,"href":"https:\/\/www.europesays.com\/fr\/wp-json\/wp\/v2\/users\/2"}],"replies":[{"embeddable":true,"href":"https:\/\/www.europesays.com\/fr\/wp-json\/wp\/v2\/comments?post=664621"}],"version-history":[{"count":0,"href":"https:\/\/www.europesays.com\/fr\/wp-json\/wp\/v2\/posts\/664621\/revisions"}],"wp:featuredmedia":[{"embeddable":true,"href":"https:\/\/www.europesays.com\/fr\/wp-json\/wp\/v2\/media\/664622"}],"wp:attachment":[{"href":"https:\/\/www.europesays.com\/fr\/wp-json\/wp\/v2\/media?parent=664621"}],"wp:term":[{"taxonomy":"category","embeddable":true,"href":"https:\/\/www.europesays.com\/fr\/wp-json\/wp\/v2\/categories?post=664621"},{"taxonomy":"post_tag","embeddable":true,"href":"https:\/\/www.europesays.com\/fr\/wp-json\/wp\/v2\/tags?post=664621"}],"curies":[{"name":"wp","href":"https:\/\/api.w.org\/{rel}","templated":true}]}}