{"id":664623,"date":"2026-01-15T05:34:12","date_gmt":"2026-01-15T05:34:12","guid":{"rendered":"https:\/\/www.europesays.com\/fr\/664623\/"},"modified":"2026-01-15T05:34:12","modified_gmt":"2026-01-15T05:34:12","slug":"municipales-2026-catherine-trautmann-veut-garantir-des-droits-essentiels-aux-strasbourgeois","status":"publish","type":"post","link":"https:\/\/www.europesays.com\/fr\/664623\/","title":{"rendered":"Municipales 2026. Catherine Trautmann veut \u00ab\u00a0garantir des droits essentiels\u00a0\u00bb aux Strasbourgeois"},"content":{"rendered":"<p class=\"wp-block-post-excerpt__excerpt\">Catherine Trautmann a d\u00e9voil\u00e9 mardi 13 janvier le troisi\u00e8me volet de son projet politique, consacr\u00e9 au co\u00fbt de la vie et \u00e0 la d\u00e9fense des \u00ab\u00a0droits essentiels\u00a0\u00bb des Strasbourgeois et des Strasbourgeoises. La candidate socialiste esp\u00e8re capitaliser sur le m\u00e9contentement cr\u00e9\u00e9 par la politique sur le stationnement des \u00e9cologistes. <\/p>\n<p class=\"font-sans\">\n\t\t\tCet article est en acc\u00e8s libre. Pour soutenir Rue89 Strasbourg,<br \/>\n\t\t\t<a class=\"underline\" href=\"https:\/\/www.rue89strasbourg.com\/abonnement\" target=\"_blank\" rel=\"noopener\">abonnez-vous<\/a>.\n\t\t<\/p>\n<p>Carl Lefebvre<\/p>\n<p>Publi\u00e9 le 14 janvier 2026\u00a0\u00a0\u00b7\u00a0\u00a0<\/p>\n<p>Imprim\u00e9 le 15 janvier 2026 \u00e0 06h34\u00a0\u00a0\u00b7\u00a0\u00a0<\/p>\n<p>\t\t\t\t\t3\u00a0minutes\n<\/p>\n<p class=\"has-drop-cap\">Elle est install\u00e9e dans l\u2019intimit\u00e9 du bar musical Les Savons d\u2019H\u00e9l\u00e8ne, au centre de Strasbourg, sur une longue table noire proche du comptoir. \u00c0 74 ans, l\u2019ancienne maire de Strasbourg, et actuelle conseill\u00e8re municipale d\u2019opposition, se pr\u00e9sente \u00e0 nouveau aux \u00e9lections municipales. <a href=\"https:\/\/www.rue89strasbourg.com\/catherine-trautmann-candidate-mairie-strasbourg-363183\" target=\"_blank\" rel=\"noreferrer noopener\">Apr\u00e8s l\u2019annonce de sa candidature<\/a>, de premi\u00e8res annonces sur la participation citoyenne, <a href=\"https:\/\/www.rue89strasbourg.com\/securite-catherine-trautmann-strasbourg-2026-368996\" target=\"_blank\" rel=\"noreferrer noopener\">puis sur la s\u00e9curit\u00e9<\/a>, elle a pr\u00e9sent\u00e9 mardi 13 janvier le volet social de son programme.<\/p>\n<p>Catherine Trautmann n\u2019a pas besoin de mise en sc\u00e8ne. Elle compte sur son aplomb habituel, emploie un ton grave, ma\u00eetris\u00e9 pour faire passer ses messages.\u00a0\u00ab\u00a0Les Strasbourgeois ont constat\u00e9 le d\u00e9litement et le d\u00e9classement de la ville\u00a0\u00bb, rapporte-t-elle en introduction, comme une \u00e9vidence. <\/p>\n<p>Les mesures prioritaires de Catherine Trautmann concernant \u00ab\u00a0les droits essentiels\u00a0\u00bb<\/p>\n<ul class=\"wp-block-list\">\n<li><strong>Encadrer les loyers<\/strong>, pour lutter contre les abus et les loyers injustes.<\/li>\n<li><strong>Renforcer la lutte contre l\u2019habitat indigne<\/strong>\u00a0et le non recours aux droits avec un\u00a0m\u00e9diateur du logement.<\/li>\n<li><strong>Renforcer les contr\u00f4les sur les meubl\u00e9s touristiques<\/strong> de type\u00a0Airbnb, afin de lib\u00e9rer des logements pour l\u2019habitat permanent.<\/li>\n<li><strong>Cr\u00e9er une\u00a0mutuelle communale<\/strong>, pour faciliter l\u2019acc\u00e8s aux soins.<\/li>\n<li><strong>Ouvrir une\u00a0maison m\u00e9dicale de garde<\/strong>\u00a0(soir et week-end) pour d\u00e9sengorger les urgences.<\/li>\n<li><strong>Cr\u00e9er un\u00a0service public de l\u2019\u00e9nergie<\/strong>\u00a0pour mieux ma\u00eetriser les tarifs et lutter contre la pr\u00e9carit\u00e9.<\/li>\n<li>Acc\u00e9l\u00e9rer la r\u00e9novation \u00e9nerg\u00e9tique des logements publics et priv\u00e9s.<\/li>\n<li><strong>Gratuit\u00e9 des transports<\/strong>\u00a0pour les plus de 65 ans.<\/li>\n<li><strong>Baisse du stationnement r\u00e9sidentiel<\/strong>\u00a0avec une grille plus juste, entre 5\u20ac et 20\u20ac selon les zones et le quotient familial.<\/li>\n<li><strong>Rendre gratuites les 30 premi\u00e8res minutes <\/strong>de stationnement pour faciliter l\u2019acc\u00e8s aux commerces et aux services.<\/li>\n<li><strong>Offrir des fournitures scolaires gratuites<\/strong>\u00a0\u00e0 chaque rentr\u00e9e pour tous les enfants.<\/li>\n<li><strong>Lancer un \u00ab\u00a0plan livre\u00a0\u00bb<\/strong>\u00a0: carte m\u00e9diath\u00e8que en CP, livre offert en CM2, horaires \u00e9largis.<\/li>\n<li><strong>Favoriser l\u2019\u00e9cole hors les murs<\/strong> et d\u00e9ployer un plan \u00e9t\u00e9 pour proposer aux enfants et aux jeunes des s\u00e9jours et des activit\u00e9s ponctuelles.<\/li>\n<\/ul>\n<p>Pour \u00ab\u00a0redonner \u00e0 la ville son attractivit\u00e9\u00a0\u00bb, la candidate socialiste entend revenir sur une partie des politiques men\u00e9es par Jeanne Barseghian, la maire sortante (Les \u00c9cologistes) de Strasbourg et candidate \u00e0 sa r\u00e9\u00e9lection. Ses premi\u00e8res cibles\u00a0: le prix et les contraintes de stationnement. \u00ab\u00a0Beaucoup de gens ne viennent plus en centre-ville car garer sa voiture est devenu trop cher\u00a0\u00bb, assure-t-elle. Mais dans ses propositions, elle ne mentionne aucun changement de tarif dans les zones payantes. C\u2019est le prix de l\u2019abonnement r\u00e9sident qui serait revu \u00e0 la baisse.<\/p>\n<p>\t\tTarifications solidaires et encadrement des loyers<\/p>\n<p>Anticipant les critiques, Catherine Trautmann assure que ses propositions ne visent pas \u00e0 promouvoir un retour de l\u2019automobile en centre-ville. Mais selon elle, \u00ab\u00a0chaque nouvelle contrainte doit s\u2019accompagner d\u2019une mesure compensatoire\u00a0\u00bb. Des mesures dont elle n\u2019a pas d\u00e9voil\u00e9 pr\u00e9cis\u00e9ment les contours\u2026 Si ce n\u2019est une baisse modeste du prix du ticket Compagnie des transports strasbourgeois (CTS) ou la gratuit\u00e9 des transports en commun pour les plus de 65 ans. Ce dernier point \u00ab\u00a0a \u00e9t\u00e9 chiffr\u00e9 \u00e0 6 millions d\u2019euros, que nous pourrions int\u00e9grer dans le budget de fonctionnement. Pour cela, je compte sur le d\u00e9sendettement de la CTS\u00a0\u00bb, d\u00e9clare celle qui souhaiterait r\u00e9aliser un audit des finances de la Ville d\u00e8s son \u00e9lection. Reste que, pour l\u2019heure, le ton est surtout \u00e0 la r\u00e9habilitation de places de stationnement supprim\u00e9es durant le mandat \u00e9cologiste et au d\u00e9veloppement des <a href=\"https:\/\/participer.strasbourg.eu\/detail-participation\/-\/entity\/id\/454273201\" target=\"_blank\" rel=\"noreferrer noopener\">places \u00ab\u00a0violettes\u00a0\u00bb, celles qui co\u00fbtent deux euros pour une heure et demie<\/a>.<\/p>\n<p>Impossible pour la candidate socialiste de ne pas mentionner le prix du logement, un sujet de premier ordre \u00e0 Strasbourg. Elle souhaite y r\u00e9pondre par l\u2019encadrement des loyers, une mesure qu\u2019elle avait d\u00e9j\u00e0 <a href=\"https:\/\/storage.creacast.com\/strasbourg-vod\/documents\/20221104_EM_delib.pdf\" target=\"_blank\" rel=\"noreferrer noopener\">propos\u00e9e en 2022 lors d\u2019un conseil m\u00e9tropolitain<\/a>\u00a0:<\/p>\n<blockquote class=\"wp-block-quote is-layout-flow wp-block-quote-is-layout-flow\">\n<p>\u00ab\u00a0Nous avions propos\u00e9 d\u2019entrer dans l\u2019exp\u00e9rimentation qui avait \u00e9t\u00e9 suivie par plusieurs villes de France. Je constate aujourd\u2019hui que c\u2019est une proposition qui figure dans celles de la maire sortante, alors qu\u2019elle n\u2019avait pas \u00e9t\u00e9 soutenue par les \u00e9cologistes \u00e0 l\u2019\u00e9poque.\u00a0\u00bb<\/p>\n<\/blockquote>\n<p>Si elle est \u00e9lue, la candidate socialiste projette d\u2019entamer deux grandes r\u00e9flexions autour du logement et des mobilit\u00e9s sous la forme de conf\u00e9rences citoyennes.<\/p>\n","protected":false},"excerpt":{"rendered":"Catherine Trautmann a d\u00e9voil\u00e9 mardi 13 janvier le troisi\u00e8me volet de son projet politique, consacr\u00e9 au co\u00fbt de&hellip;\n","protected":false},"author":2,"featured_media":664624,"comment_status":"","ping_status":"","sticky":false,"template":"","format":"standard","meta":{"footnotes":""},"categories":[2820],"tags":[1111,11,5848,2761,1777,674,1011,27,775,12,25,640],"class_list":{"0":"post-664623","1":"post","2":"type-post","3":"status-publish","4":"format-standard","5":"has-post-thumbnail","7":"category-strasbourg","8":"tag-actu","9":"tag-actualites","10":"tag-catherine-trautmann","11":"tag-elections-municipales-2026","12":"tag-eu","13":"tag-europe","14":"tag-fr","15":"tag-france","16":"tag-grand-est","17":"tag-news","18":"tag-republique-francaise","19":"tag-strasbourg"},"share_on_mastodon":{"url":"https:\/\/pubeurope.com\/@fr\/115897490753417136","error":""},"_links":{"self":[{"href":"https:\/\/www.europesays.com\/fr\/wp-json\/wp\/v2\/posts\/664623","targetHints":{"allow":["GET"]}}],"collection":[{"href":"https:\/\/www.europesays.com\/fr\/wp-json\/wp\/v2\/posts"}],"about":[{"href":"https:\/\/www.europesays.com\/fr\/wp-json\/wp\/v2\/types\/post"}],"author":[{"embeddable":true,"href":"https:\/\/www.europesays.com\/fr\/wp-json\/wp\/v2\/users\/2"}],"replies":[{"embeddable":true,"href":"https:\/\/www.europesays.com\/fr\/wp-json\/wp\/v2\/comments?post=664623"}],"version-history":[{"count":0,"href":"https:\/\/www.europesays.com\/fr\/wp-json\/wp\/v2\/posts\/664623\/revisions"}],"wp:featuredmedia":[{"embeddable":true,"href":"https:\/\/www.europesays.com\/fr\/wp-json\/wp\/v2\/media\/664624"}],"wp:attachment":[{"href":"https:\/\/www.europesays.com\/fr\/wp-json\/wp\/v2\/media?parent=664623"}],"wp:term":[{"taxonomy":"category","embeddable":true,"href":"https:\/\/www.europesays.com\/fr\/wp-json\/wp\/v2\/categories?post=664623"},{"taxonomy":"post_tag","embeddable":true,"href":"https:\/\/www.europesays.com\/fr\/wp-json\/wp\/v2\/tags?post=664623"}],"curies":[{"name":"wp","href":"https:\/\/api.w.org\/{rel}","templated":true}]}}