{"id":664625,"date":"2026-01-15T05:35:15","date_gmt":"2026-01-15T05:35:15","guid":{"rendered":"https:\/\/www.europesays.com\/fr\/664625\/"},"modified":"2026-01-15T05:35:15","modified_gmt":"2026-01-15T05:35:15","slug":"un-bus-depuis-les-vosges-pour-strasbourg-paris-sg-dimanche-1-fevrier-2026","status":"publish","type":"post","link":"https:\/\/www.europesays.com\/fr\/664625\/","title":{"rendered":"un bus depuis les Vosges pour Strasbourg-Paris SG dimanche 1 f\u00e9vrier 2026"},"content":{"rendered":"<p>\t\t\t<img loading=\"lazy\" width=\"930\" height=\"450\" src=\"https:\/\/www.europesays.com\/fr\/wp-content\/uploads\/2026\/01\/Football_Stas_vs_Psg-e1768432715118.png\" class=\"attachment-apostrophe-2-featured size-apostrophe-2-featured wp-post-image\" alt=\"\" decoding=\"async\" data-attachment-id=\"311075\" data-permalink=\"https:\/\/remiremontvallees.com\/2026\/01\/15\/football-ligue-1-un-bus-depuis-les-vosges-pour-strasbourg-paris-sg-dimanche-1-fevrier-2026\/football_stas_vs_psg\/\" data-orig-file=\"https:\/\/i0.wp.com\/remiremontvallees.com\/wp-content\/uploads\/2026\/01\/Football_Stas_vs_Psg-e1768432715118.png?fit=705%2C395&amp;ssl=1\" data-orig-size=\"705,395\" data-comments-opened=\"1\" data-image-meta=\"{&quot;aperture&quot;:&quot;0&quot;,&quot;credit&quot;:&quot;&quot;,&quot;camera&quot;:&quot;&quot;,&quot;caption&quot;:&quot;&quot;,&quot;created_timestamp&quot;:&quot;0&quot;,&quot;copyright&quot;:&quot;&quot;,&quot;focal_length&quot;:&quot;0&quot;,&quot;iso&quot;:&quot;0&quot;,&quot;shutter_speed&quot;:&quot;0&quot;,&quot;title&quot;:&quot;&quot;,&quot;orientation&quot;:&quot;0&quot;}\" data-image-title=\"Football_Stas_vs_Psg\" data-image-description=\"\" data-image-caption=\"\" data-medium-file=\"https:\/\/i0.wp.com\/remiremontvallees.com\/wp-content\/uploads\/2026\/01\/Football_Stas_vs_Psg-e1768432715118.png?fit=300%2C168&amp;ssl=1\" data-large-file=\"https:\/\/i0.wp.com\/remiremontvallees.com\/wp-content\/uploads\/2026\/01\/Football_Stas_vs_Psg-e1768432715118.png?fit=723%2C405&amp;ssl=1\"\/>\t\t<\/p>\n<p class=\"moz-quote-pre\">Dimanche 1 f\u00e9vrier 2026, l\u2019association sportive football de Saulxures-sur-Moselotte-Thi\u00e9fosse (Vosges) organise un d\u00e9placement en bus \u00e0 Strasbourg, pour suivre le match de Ligue 1, entre le Racing Strasbourg et le Paris-Saint-Germain.<\/p>\n<p class=\"moz-quote-pre\">D\u00e9part de :<\/p>\n<ul>\n<li class=\"moz-quote-pre\">Epinal Intersports \u00e0 16 heures 30,<\/li>\n<li class=\"moz-quote-pre\">arr\u00eat \u00e0 : Eloyes-gare \u00e0 16 heures 45,<\/li>\n<li class=\"moz-quote-pre\">Remiremont parking du Leclerc \u00e0 17 heures 00,<\/li>\n<li class=\"moz-quote-pre\">Le Syndicat rond-point \u00e0 17 heures 15,<\/li>\n<li class=\"moz-quote-pre\">G\u00e9rardmer place du Tilleul \u00e0 17 heures 30,<\/li>\n<li class=\"moz-quote-pre\">Saint-Di\u00e9-des-Vosges parking de Carrefour \u00e0 18 heures 00. Match \u00e0 20 heures 45.<\/li>\n<\/ul>\n<p>Retour apr\u00e8s le match.<\/p>\n<p>Le prix : 100 euros. Ce prix comprend le d\u00e9placement en bus Grand Tourisme aller-retour et l\u2019entr\u00e9e au stade en tribune Strasbourg (75 euros).<\/p>\n<p>Les r\u00e9servations ne seront enregistr\u00e9es qu\u2019\u00e0 la r\u00e9ception du r\u00e8glement.<\/p>\n<p>Inscriptions en appelant le 06.82.96.99.58.<\/p>\n<p>\t\t\tPartager cet article sur le r\u00e9seau de votre choix :J\u2019aime \u00e7a\u00a0:<\/p>\n<p>J\u2019aime chargement\u2026<\/p>\n<p><a class=\"sd-link-color\"\/><\/p>\n<p>\n\tArticles similaires<\/p>\n","protected":false},"excerpt":{"rendered":"Dimanche 1 f\u00e9vrier 2026, l\u2019association sportive football de Saulxures-sur-Moselotte-Thi\u00e9fosse (Vosges) organise un d\u00e9placement en bus \u00e0 Strasbourg, pour&hellip;\n","protected":false},"author":2,"featured_media":664626,"comment_status":"","ping_status":"","sticky":false,"template":"","format":"standard","meta":{"footnotes":""},"categories":[2820],"tags":[1111,11,1777,674,1011,27,775,12,25,640],"class_list":{"0":"post-664625","1":"post","2":"type-post","3":"status-publish","4":"format-standard","5":"has-post-thumbnail","7":"category-strasbourg","8":"tag-actu","9":"tag-actualites","10":"tag-eu","11":"tag-europe","12":"tag-fr","13":"tag-france","14":"tag-grand-est","15":"tag-news","16":"tag-republique-francaise","17":"tag-strasbourg"},"share_on_mastodon":{"url":"https:\/\/pubeurope.com\/@fr\/115897494755702017","error":""},"_links":{"self":[{"href":"https:\/\/www.europesays.com\/fr\/wp-json\/wp\/v2\/posts\/664625","targetHints":{"allow":["GET"]}}],"collection":[{"href":"https:\/\/www.europesays.com\/fr\/wp-json\/wp\/v2\/posts"}],"about":[{"href":"https:\/\/www.europesays.com\/fr\/wp-json\/wp\/v2\/types\/post"}],"author":[{"embeddable":true,"href":"https:\/\/www.europesays.com\/fr\/wp-json\/wp\/v2\/users\/2"}],"replies":[{"embeddable":true,"href":"https:\/\/www.europesays.com\/fr\/wp-json\/wp\/v2\/comments?post=664625"}],"version-history":[{"count":0,"href":"https:\/\/www.europesays.com\/fr\/wp-json\/wp\/v2\/posts\/664625\/revisions"}],"wp:featuredmedia":[{"embeddable":true,"href":"https:\/\/www.europesays.com\/fr\/wp-json\/wp\/v2\/media\/664626"}],"wp:attachment":[{"href":"https:\/\/www.europesays.com\/fr\/wp-json\/wp\/v2\/media?parent=664625"}],"wp:term":[{"taxonomy":"category","embeddable":true,"href":"https:\/\/www.europesays.com\/fr\/wp-json\/wp\/v2\/categories?post=664625"},{"taxonomy":"post_tag","embeddable":true,"href":"https:\/\/www.europesays.com\/fr\/wp-json\/wp\/v2\/tags?post=664625"}],"curies":[{"name":"wp","href":"https:\/\/api.w.org\/{rel}","templated":true}]}}