{"id":664631,"date":"2026-01-15T05:39:33","date_gmt":"2026-01-15T05:39:33","guid":{"rendered":"https:\/\/www.europesays.com\/fr\/664631\/"},"modified":"2026-01-15T05:39:33","modified_gmt":"2026-01-15T05:39:33","slug":"des-transports-en-car-vers-nantes-supprimes-dans-ce-village","status":"publish","type":"post","link":"https:\/\/www.europesays.com\/fr\/664631\/","title":{"rendered":"des transports en car vers Nantes supprim\u00e9s dans ce village"},"content":{"rendered":"<p>                    Par<br \/>\n        <strong><br \/>\n            <a href=\"https:\/\/actu.fr\/auteur\/journaliste-er\" title=\"Consulter tous les articles de R\u00e9daction Ch\u00e2teaubriant\" target=\"_blank\" rel=\"noopener\">R\u00e9daction Ch\u00e2teaubriant<\/a><br \/>\n                    <\/strong><\/p>\n<p>        Publi\u00e9 le<\/p>\n<p>            14 janv. 2026 \u00e0 17h22        <\/p>\n<p>\u00ab\u2009Nous souhaitons alerter <b>la population G\u00e2vraise sur le fait que la R\u00e9gion Pays de la Loire<\/b> a d\u00e9cid\u00e9 de supprimer la moiti\u00e9 des allers-retours en car, Le G\u00e2vre \/ Nantes, ligne 311, depuis le 5\u00a0janvier\u2009\u00bb, annonce le maire <b>Nicolas Ouadaert<\/b> du <b>G\u00e2vre<\/b> (Loire-Atlantique) avant de pr\u00e9ciser que \u00ab\u2009la mairie avait eu vent de cette volont\u00e9 de la R\u00e9gion, il y a pr\u00e8s de trois ans maintenant. D\u00e8s ce moment, nous avons demand\u00e9 un rendez-vous \u00e0 la R\u00e9gion\u2009\u00bb.<\/p>\n<p>Loire-Atlantique\u2009: des transports en car vers Nantes supprim\u00e9s dans ce village<\/p>\n<p class=\" wall-content\">Une rencontre entre la mairie et la R\u00e9gion s\u2019est alors tenue <b>le 4\u00a0mai 2023<\/b>.<\/p>\n<blockquote class=\"ac-article-quote wall-content\">\n<p>\u00c0 la suite de quoi, nous avons demand\u00e9 au conseiller r\u00e9gional en charge des mobilit\u00e9s sur la Loire-Atlantique, \u00e0 venir expliquer en quoi la suppression de 50\u2009% des A\/R Le G\u00e2vre\/Nantes allait participer au renforcement de l\u2019offre de transport, comme indiqu\u00e9 dans une pr\u00e9sentation.<\/p>\n<p>Nicolas Ouadaert.<\/p><\/blockquote>\n<p class=\" wall-content\">Une r\u00e9union publique s\u2019est ensuite tenue <b>le 4\u00a0juillet 2023<\/b> au G\u00e2vre, rassemblant de nombreux habitants de la commune pr\u00e9occup\u00e9s par ces suppressions.<\/p>\n<p>Vid\u00e9os : en ce moment sur ActuNouvelles grilles et horaires<\/p>\n<p class=\" wall-content\">\u00ab\u2009Nos quatre allers-retours avaient \u00e9t\u00e9 gard\u00e9s jusqu\u2019ici, et en ce d\u00e9but janvier\u00a02026, les nouvelles grilles et horaires sont sorties avec la suppression de l\u2019A\/R du midi. La suppression d\u2019un d\u00e9part du matin et la suppression d\u2019un retour le soir\u2009\u00bb, annonce la municipalit\u00e9 G\u00e2vraise.<\/p>\n<p>Votre r\u00e9gion, votre actu !<\/p>\n<p>Recevez chaque jour les infos qui comptent pour vous.<\/p>\n<p>\t<a href=\"https:\/\/actu.fr\/newsletter\" class=\"ac-btn ac-btn--corner ac-btn--medium ac-btn--blue800\" target=\"_blank\" rel=\"noopener\">S&rsquo;incrire<\/a><br \/>\nD\u00e9velopper le transport \u00e0 la demande<\/p>\n<p class=\" wall-content\">Pour pallier ces suppressions, la R\u00e9gion Pays de la Loire met en avant <b>le d\u00e9veloppement du transport \u00e0 la demande (TAD)<\/b>. Ce dispositif permet de rejoindre Blain pour ensuite prendre un car vers Nantes, o\u00f9 la fr\u00e9quence des trajets sera augment\u00e9e.<\/p>\n<p class=\" wall-content\">Le maire pr\u00e9cise que ce service n\u00e9cessite <b>une r\u00e9servation la veille avant 16\u2009h, au 09\u200969\u200939\u200914\u200914<\/b>. \u00ab\u2009La liste des points d\u2019arr\u00eats est consultable sur paysdeblain.com\u2009\u00bb.<\/p>\n<p class=\" wall-content\">L\u2019\u00e9quipe municipale conclut\u2009: \u00ab\u2009Nous laisserons \u00e0 chaque G\u00e2vrais le soin de qualifier l\u2019\u00e9volution de l\u2019offre de transport d\u00e9cid\u00e9 par la r\u00e9gion Pays de la Loire en milieu rural\u2009\u00bb.<\/p>\n<p class=\" wall-content\">Personnalisez votre actualit\u00e9 en ajoutant vos villes et m\u00e9dias en favori avec <a href=\"https:\/\/moncompte.actu.fr\" title=\"D\u00e9couvez Mon Actu\" rel=\"nofollow noopener\" data-trk=\"{&quot;cta&quot;:{&quot;action&quot;:&quot;https:\\\/\\\/moncompte.actu.fr&quot;,&quot;category&quot;:&quot;mon compte&quot;,&quot;from&quot;:&quot;article footer&quot;,&quot;name&quot;:&quot;Mon actu&quot;,&quot;type&quot;:&quot;cta&quot;}}\" target=\"_blank\">Mon Actu<\/a>.<\/p>\n","protected":false},"excerpt":{"rendered":"Par R\u00e9daction Ch\u00e2teaubriant Publi\u00e9 le 14 janv. 2026 \u00e0 17h22 \u00ab\u2009Nous souhaitons alerter la population G\u00e2vraise sur le&hellip;\n","protected":false},"author":2,"featured_media":664632,"comment_status":"","ping_status":"","sticky":false,"template":"","format":"standard","meta":{"footnotes":""},"categories":[2818],"tags":[1111,11,1777,674,1011,27,766,12,2636,25,104,2803],"class_list":{"0":"post-664631","1":"post","2":"type-post","3":"status-publish","4":"format-standard","5":"has-post-thumbnail","7":"category-nantes","8":"tag-actu","9":"tag-actualites","10":"tag-eu","11":"tag-europe","12":"tag-fr","13":"tag-france","14":"tag-nantes","15":"tag-news","16":"tag-pays-de-la-loire","17":"tag-republique-francaise","18":"tag-societe","19":"tag-transport"},"share_on_mastodon":{"url":"https:\/\/pubeurope.com\/@fr\/115897510427522549","error":""},"_links":{"self":[{"href":"https:\/\/www.europesays.com\/fr\/wp-json\/wp\/v2\/posts\/664631","targetHints":{"allow":["GET"]}}],"collection":[{"href":"https:\/\/www.europesays.com\/fr\/wp-json\/wp\/v2\/posts"}],"about":[{"href":"https:\/\/www.europesays.com\/fr\/wp-json\/wp\/v2\/types\/post"}],"author":[{"embeddable":true,"href":"https:\/\/www.europesays.com\/fr\/wp-json\/wp\/v2\/users\/2"}],"replies":[{"embeddable":true,"href":"https:\/\/www.europesays.com\/fr\/wp-json\/wp\/v2\/comments?post=664631"}],"version-history":[{"count":0,"href":"https:\/\/www.europesays.com\/fr\/wp-json\/wp\/v2\/posts\/664631\/revisions"}],"wp:featuredmedia":[{"embeddable":true,"href":"https:\/\/www.europesays.com\/fr\/wp-json\/wp\/v2\/media\/664632"}],"wp:attachment":[{"href":"https:\/\/www.europesays.com\/fr\/wp-json\/wp\/v2\/media?parent=664631"}],"wp:term":[{"taxonomy":"category","embeddable":true,"href":"https:\/\/www.europesays.com\/fr\/wp-json\/wp\/v2\/categories?post=664631"},{"taxonomy":"post_tag","embeddable":true,"href":"https:\/\/www.europesays.com\/fr\/wp-json\/wp\/v2\/tags?post=664631"}],"curies":[{"name":"wp","href":"https:\/\/api.w.org\/{rel}","templated":true}]}}