{"id":664633,"date":"2026-01-15T05:40:13","date_gmt":"2026-01-15T05:40:13","guid":{"rendered":"https:\/\/www.europesays.com\/fr\/664633\/"},"modified":"2026-01-15T05:40:13","modified_gmt":"2026-01-15T05:40:13","slug":"lenquete-publique-sur-emme-le-projet-de-raffinerie-de-nickel-et-de-cobalt-sacheve-pres-de-bordeaux","status":"publish","type":"post","link":"https:\/\/www.europesays.com\/fr\/664633\/","title":{"rendered":"l\u2019enqu\u00eate publique sur Emme, le projet de raffinerie de nickel et de cobalt, s\u2019ach\u00e8ve pr\u00e8s de Bordeaux"},"content":{"rendered":"<p>            Souverainet\u00e9<\/p>\n<p>Apr\u00e8s une <a href=\"https:\/\/www.emme-concertation.fr\/\" target=\"_blank\" rel=\"nofollow noopener\">concertation publique<\/a> jalonn\u00e9e de d\u00e9bats <a href=\"https:\/\/www.sudouest.fr\/gironde\/parempuyre\/gironde-fin-de-concertation-en-mer-agitee-pour-le-projet-d-usine-emme-soutenu-par-les-dockers-du-port-de-bordeaux-24408064.p\" target=\"_blank\" rel=\"follow noopener\">parfois houleux<\/a>,<a href=\"https:\/\/www.democratie-active.fr\/enquete-publique-projet-emme\/\" target=\"_blank\" rel=\"nofollow noopener\"> le dossier est soumis \u00e0 enqu\u00eate publique<\/a>. Lanc\u00e9e peu avant la tr\u00eave de No\u00ebl, celle-ci se termine en boulet de canon ce 15\u00a0janvier. La proc\u00e9dure est prescrite au titre de l\u2019autorisation environnementale, incontournable pour une industrie de type Seveso seuil haut. D\u2019elle d\u00e9pend aussi la mise en compatibilit\u00e9 du r\u00e8glement d\u2019urbanisme (PLUI) de Bordeaux M\u00e9tropole. Sachant qu\u2019en l\u2019\u00e9tat, le terrain cibl\u00e9 \u00e0 l\u2019arri\u00e8re du terminal portuaire de Grattequina est inconstructible.<\/p>\n<p>La surface totale du projet atteint 32\u00a0hectares. L<a href=\"https:\/\/www.bordeaux-port.fr\/bordeaux-port-un-trafic-en-hausse-de-14-en-2024\/\" target=\"_blank\" rel=\"nofollow noopener\">e Grand Port maritime de Bordeaux (GPMB)<\/a> est propri\u00e9taire du foncier. Il esp\u00e8re 20\u00a0% de croissance du trafic fluvial de porte-conteneurs. D\u2019autres soutiens font valoir les emplois cr\u00e9\u00e9s, l\u2019impact sur l\u2019\u00e9conomie locale, le d\u00e9fi de la transition \u00e9nerg\u00e9tique via la fili\u00e8re de la batterie (<a href=\"https:\/\/www.battena.fr\/\" target=\"_blank\" rel=\"nofollow noopener\">projet Battena en Nouvelle-Aquitaine<\/a>), le potentiel de recyclage. Soutenir Emme reviendrait \u00e0 favoriser la souverainet\u00e9 industrielle de la France et de l\u2019Europe, et une moindre d\u00e9pendance vis-\u00e0-vis de la Chine. <a href=\"https:\/\/acd-na.fr\/\" target=\"_blank\" rel=\"nofollow noopener\">ACD Nouvelle-Aquitaine<\/a>, cluster r\u00e9gional de la fili\u00e8re chimie, y\u00a0voit une \u00ab\u00a0opportunit\u00e9\u00a0unique\u00a0\u00bb de renforcer les liens avec l\u2019\u00e9cosyst\u00e8me de recherche et d\u00e9veloppement r\u00e9gional (universit\u00e9s, \u00e9coles d\u2019ing\u00e9nieurs, etc.).<\/p>\n<p>Inondable<\/p>\n<p>Reste qu\u2019\u00e0 quelques heures de sa cl\u00f4ture, l\u2019enqu\u00eate publique penche du c\u00f4t\u00e9 inverse. Le registre en ligne compile <a href=\"https:\/\/www.democratie-active.fr\/enquete-publique-projet-emme\/observations-enquete-publique-dematerialisee-s999.html\" target=\"_blank\" rel=\"nofollow noopener\">plus de 1\u00a0200\u00a0observations<\/a> et les avis d\u00e9favorables (anonymes ou sign\u00e9s) l\u2019emportent massivement. Pour beaucoup, l\u2019implantation de l\u2019usine dans une zone inondable situ\u00e9e dans le lit majeur de la Garonne, au c\u0153ur du parc des Jalles et \u00e0 proximit\u00e9 d\u2019une <a href=\"https:\/\/www.natura2000.fr\/carte-natura2000\" target=\"_blank\" rel=\"nofollow noopener\">zone Natura\u00a02000<\/a> est une ineptie. Le remblai de 500\u00a0000\u00a0m3 cens\u00e9 mettre la raffinerie \u00e0 l\u2019abri des sc\u00e9narios les plus pessimistes de submersion (la temp\u00eate de 1999 plus 120\u00a0cm de rehausse des oc\u00e9ans au Verdon-sur-Mer) ne rassure gu\u00e8re dans un contexte de changement climatique. <\/p>\n<p>\u00ab\u00a0L\u2019entreprise aura beau anticiper les risques encourus pour la population [\u2026], nul ne peut pr\u00e9voir le futur. La nature n\u2019a que faire des mod\u00e9lisations digitales des flux [\u2026]. Que vos certitudes d\u2019aujourd\u2019hui ne soient jamais la voie qui fera le malheur d\u2019une multitude demain\u00a0\u00bb, peut-on ainsi lire (contribution\u00a0449). \u00ab\u00a0Le remblai va entra\u00eener l\u2019artificialisation de plus de 30\u00a0hectares, dont environ 15\u00a0hectares de zones humides. Cette transformation remettrait profond\u00e9ment en cause le fonctionnement hydraulique du secteur\u00a0\u00bb, persiste <a href=\"https:\/\/www.sepanso33.org\/\" target=\"_blank\" rel=\"nofollow noopener\">l\u2019association de d\u00e9fense de la nature Sepanso Gironde<\/a>, \u00e9voquant un impact sous-\u00e9valu\u00e9 sur Saint-Louis-de-Montferrand.<\/p>\n<p>Accidents<\/p>\n<p>Une pollution accidentelle de la Garonne est redout\u00e9e. Aux garanties de s\u00e9curit\u00e9 apport\u00e9es par Emme r\u00e9pond l\u2019absence de risque z\u00e9ro. Et certains de rappeler les incendies de <a href=\"https:\/\/www.sudouest.fr\/justice\/incendie-de-lubrizol-a-rouen-le-feu-est-bien-parti-de-l-entreprise-confirme-un-rapport-d-expertise-13757733.php\" target=\"_blank\" rel=\"follow noopener\">Lubrizol \u00e0 Rouen<\/a> et d\u2019<a href=\"https:\/\/www.rhone.gouv.fr\/Actualites\/Explosion-et-incendie-dans-un-laboratoire-du-site-industriel-d-ELKEM-SILICONES-SUD-a-Saint-Fons\" target=\"_blank\" rel=\"nofollow noopener\">Elkem \u00e0 Saint-Fons (Rh\u00f4ne)<\/a>, deux sites pourtant contr\u00f4l\u00e9s en raison de leur qualification Seveso seuil haut. Le choix strat\u00e9gique laisse \u00e9galement perplexe. Des contributeurs rel\u00e8vent le caract\u00e8re \u00ab\u00a0obsol\u00e8te\u00a0\u00bb des batteries NMC (nickel, mangan\u00e8se, cobalt) face \u00e0 la mont\u00e9e en puissance de la technologie LFP (lithium, fer, phosphate). D\u2019autres s\u2019inqui\u00e8tent des impacts du <a href=\"https:\/\/www.sudouest.fr\/gironde\/bordeaux\/gironde-la-mega-usine-emme-aura-besoin-d-une-liaison-electrique-de-7-km-entre-parempuyre-et-le-pian-medoc-25855038.php\" target=\"_blank\" rel=\"follow noopener\">raccordement \u00e9lectrique RTE de l\u2019usine,<\/a> une ligne souterraine de 63\u00a0000\u00a0volts devant saigner Parempuyre sur sept kilom\u00e8tres.<\/p>\n","protected":false},"excerpt":{"rendered":"Souverainet\u00e9 Apr\u00e8s une concertation publique jalonn\u00e9e de d\u00e9bats parfois houleux, le dossier est soumis \u00e0 enqu\u00eate publique. Lanc\u00e9e&hellip;\n","protected":false},"author":2,"featured_media":664634,"comment_status":"","ping_status":"","sticky":false,"template":"","format":"standard","meta":{"footnotes":""},"categories":[2817],"tags":[1111,11,1997,1777,674,1011,27,12,2219,25],"class_list":{"0":"post-664633","1":"post","2":"type-post","3":"status-publish","4":"format-standard","5":"has-post-thumbnail","7":"category-bordeaux","8":"tag-actu","9":"tag-actualites","10":"tag-bordeaux","11":"tag-eu","12":"tag-europe","13":"tag-fr","14":"tag-france","15":"tag-news","16":"tag-nouvelle-aquitaine","17":"tag-republique-francaise"},"share_on_mastodon":{"url":"https:\/\/pubeurope.com\/@fr\/115897514396792265","error":""},"_links":{"self":[{"href":"https:\/\/www.europesays.com\/fr\/wp-json\/wp\/v2\/posts\/664633","targetHints":{"allow":["GET"]}}],"collection":[{"href":"https:\/\/www.europesays.com\/fr\/wp-json\/wp\/v2\/posts"}],"about":[{"href":"https:\/\/www.europesays.com\/fr\/wp-json\/wp\/v2\/types\/post"}],"author":[{"embeddable":true,"href":"https:\/\/www.europesays.com\/fr\/wp-json\/wp\/v2\/users\/2"}],"replies":[{"embeddable":true,"href":"https:\/\/www.europesays.com\/fr\/wp-json\/wp\/v2\/comments?post=664633"}],"version-history":[{"count":0,"href":"https:\/\/www.europesays.com\/fr\/wp-json\/wp\/v2\/posts\/664633\/revisions"}],"wp:featuredmedia":[{"embeddable":true,"href":"https:\/\/www.europesays.com\/fr\/wp-json\/wp\/v2\/media\/664634"}],"wp:attachment":[{"href":"https:\/\/www.europesays.com\/fr\/wp-json\/wp\/v2\/media?parent=664633"}],"wp:term":[{"taxonomy":"category","embeddable":true,"href":"https:\/\/www.europesays.com\/fr\/wp-json\/wp\/v2\/categories?post=664633"},{"taxonomy":"post_tag","embeddable":true,"href":"https:\/\/www.europesays.com\/fr\/wp-json\/wp\/v2\/tags?post=664633"}],"curies":[{"name":"wp","href":"https:\/\/api.w.org\/{rel}","templated":true}]}}