{"id":664637,"date":"2026-01-15T05:42:16","date_gmt":"2026-01-15T05:42:16","guid":{"rendered":"https:\/\/www.europesays.com\/fr\/664637\/"},"modified":"2026-01-15T05:42:16","modified_gmt":"2026-01-15T05:42:16","slug":"airbus-decroche-un-enorme-contrat-de-340-satellites-concurrents-de-starlink-pour-son-usine-de-toulouse","status":"publish","type":"post","link":"https:\/\/www.europesays.com\/fr\/664637\/","title":{"rendered":"Airbus d\u00e9croche un \u00e9norme contrat de 340 satellites concurrents de Starlink pour son usine de Toulouse"},"content":{"rendered":"<p>\n                                                                    l&rsquo;essentiel<br \/>\n                                                                Leader mondial des communications par satellite, Eutelsat vient de passer une tr\u00e8s grosse commande \u00e0 Airbus Defense\u00a0&amp; Space. C\u2019est le site de Toulouse qui assemblera ces mini satellites.\n                            <\/p>\n<p>C\u2019est un cadeau de No\u00ebl avec quelques jours de retard. La division spatiale du groupe Airbus vient de d\u00e9crocher un contrat majeur pour la construction de 340 satellites pour la constellation OneWeb de la part de l\u2019op\u00e9rateur Eutelsat. Plac\u00e9s en orbite basse, ces satellites de 150\u00a0kg chacun fournissent un acc\u00e8s internet haut d\u00e9bit en tout point du globe. D\u00e9j\u00e0 plus de 600 d\u2019entre eux sont actuellement en orbite sur douze plans orbitaux \u00e0 1\u00a0200\u00a0km au-dessus de la Terre. Cette commande est destin\u00e9e \u00e0 renouveler la constellation et ainsi remplacer au fur et \u00e0 mesure les satellites les plus anciens actuellement en service. Cette constellation est un concurrent direct de l\u2019am\u00e9ricain SpaceX et de son service Starlink.<\/p>\n<p>Au total 440 satellites command\u00e9s \u00e0 Airbus<\/p>\n<p>Elle s\u2019ajoute \u00e0 une pr\u00e9c\u00e9dente commande de 100 satellites pass\u00e9e en d\u00e9cembre\u00a02024. Au total Eutelsat, leader mondial des t\u00e9l\u00e9communications par satellite en a command\u00e9s 440. Ils seront tous fabriqu\u00e9s sur la ligne de production de 4\u00a0600\u00a0m2 tr\u00e8s robotis\u00e9e du site toulousain d\u2019Airbus Defense\u00a0&amp; Space situ\u00e9 au Palays. Un investissement qui, lors de <a href=\"https:\/\/www.ladepeche.fr\/article\/2017\/06\/27\/2601970-airbus-inaugure-nouvelle-usine-ultra-moderne-satellites-toulouse.html\" target=\"_blank\" rel=\"noopener\">la construction de la ligne en 2017<\/a>, avait re\u00e7u le soutien de BPI France dans le cadre du Plan d\u2019Investissements d\u2019Avenir (PIA). Cette grosse commande permet de p\u00e9renniser le site toulousain qui n\u2019avait pas engrang\u00e9 de grands contrats depuis le transfert de la charge industrielle de la premi\u00e8re constellation OneWeb vers l\u2019usine jumelle de Floride aux \u00c9tats-Unis en 2019.<\/p>\n<p class=\"std-elt__inline\">\n        <strong>\u00c0 lire aussi :<\/strong><br \/>\n        <a href=\"https:\/\/www.ladepeche.fr\/2025\/07\/01\/airbus-defence-space-taille-dans-ses-effectifs-plus-de-2-000-postes-supprimes-12797819.php\" target=\"_blank\" rel=\"noopener\">Airbus Defence\u00a0&amp; Space\u00a0taille dans ses effectifs\u00a0: plus de 2\u00a0000 postes supprim\u00e9s<\/a>\n    <\/p>\n<p>\u00c0 Toulouse, la production capable d\u2019atteindre un satellite par jour d\u00e9butera donc d\u00e8s 2026 pour des livraisons \u00e0 partir de la fin de l\u2019ann\u00e9e. Le montant du contrat n\u2019a pas \u00e9t\u00e9 d\u00e9voil\u00e9 mais il sera cons\u00e9quent compte tenu du volume de la commande. Apr\u00e8s une lev\u00e9e de fonds boucl\u00e9e en d\u00e9cembre\u00a02025 d\u2019un montant d\u20191,5\u00a0milliard d\u2019euros, le directeur g\u00e9n\u00e9ral d\u2019Eutelsat, Jean-Fran\u00e7ois Fallacher avait d\u00e9clar\u00e9\u00a0: \u00ab\u00a0On va lancer, gr\u00e2ce \u00e0 cette augmentation de capital, 440 nouveaux satellites dans les trois ans qui viennent\u00a0\u00bb. En 2023, face \u00e0 des difficult\u00e9s financi\u00e8res la soci\u00e9t\u00e9 britannique OneWeb avait \u00e9t\u00e9 reprise par le Fran\u00e7ais Eutelsat avec le soutien de l\u2019\u00c9tat fran\u00e7ais.<\/p>\n<p>Un contrat qui tombe en pleine fusion de g\u00e9ants<\/p>\n<p>Cette commande tombe \u00e0 point pour la division spatiale d\u2019Airbus qui est engag\u00e9e \u00e0 la fois dans un plan de r\u00e9duction d\u2019effectifs avec 500 postes \u00e0supprimer en France d\u2019ici l\u2019\u00e9t\u00e9 2026 et dans une grande fusion avec son concurrent franco-italien Thales Alenia Space. Baptis\u00e9e \u00ab\u00a0Bromo\u00a0\u00bb, l\u2019op\u00e9ration de rapprochement a pour but de cr\u00e9er un g\u00e9ant spatial europ\u00e9en en fusionnant une grande partie des activit\u00e9s spatiales d\u2019Airbus, de Leonardo et de Thales. Act\u00e9e en octobre\u00a02025, la fusion a d\u00e9but\u00e9 le 7\u00a0janvier 2026 les \u00e9tapes de pr\u00e9sentation et de consultation aux instances repr\u00e9sentatives du personnel. Une co-entreprise d\u00e9tenue \u00e0 35\u00a0% par Airbus, 32,5\u00a0% par Leonardo et 32,5\u00a0% par Thales sera cr\u00e9\u00e9e pour l\u2019occasion avec un si\u00e8ge social \u00e0 Toulouse.<\/p>\n","protected":false},"excerpt":{"rendered":"l&rsquo;essentiel Leader mondial des communications par satellite, Eutelsat vient de passer une tr\u00e8s grosse commande \u00e0 Airbus Defense\u00a0&amp;&hellip;\n","protected":false},"author":2,"featured_media":664638,"comment_status":"","ping_status":"","sticky":false,"template":"","format":"standard","meta":{"footnotes":""},"categories":[2816],"tags":[1111,11,33,1777,674,1011,27,2722,693,76560,12,2680,25,2312],"class_list":{"0":"post-664637","1":"post","2":"type-post","3":"status-publish","4":"format-standard","5":"has-post-thumbnail","7":"category-toulouse","8":"tag-actu","9":"tag-actualites","10":"tag-economie","11":"tag-eu","12":"tag-europe","13":"tag-fr","14":"tag-france","15":"tag-haute-garonne","16":"tag-industrie","17":"tag-industrie-spatiale","18":"tag-news","19":"tag-occitanie","20":"tag-republique-francaise","21":"tag-toulouse"},"share_on_mastodon":{"url":"https:\/\/pubeurope.com\/@fr\/115897522135482354","error":""},"_links":{"self":[{"href":"https:\/\/www.europesays.com\/fr\/wp-json\/wp\/v2\/posts\/664637","targetHints":{"allow":["GET"]}}],"collection":[{"href":"https:\/\/www.europesays.com\/fr\/wp-json\/wp\/v2\/posts"}],"about":[{"href":"https:\/\/www.europesays.com\/fr\/wp-json\/wp\/v2\/types\/post"}],"author":[{"embeddable":true,"href":"https:\/\/www.europesays.com\/fr\/wp-json\/wp\/v2\/users\/2"}],"replies":[{"embeddable":true,"href":"https:\/\/www.europesays.com\/fr\/wp-json\/wp\/v2\/comments?post=664637"}],"version-history":[{"count":0,"href":"https:\/\/www.europesays.com\/fr\/wp-json\/wp\/v2\/posts\/664637\/revisions"}],"wp:featuredmedia":[{"embeddable":true,"href":"https:\/\/www.europesays.com\/fr\/wp-json\/wp\/v2\/media\/664638"}],"wp:attachment":[{"href":"https:\/\/www.europesays.com\/fr\/wp-json\/wp\/v2\/media?parent=664637"}],"wp:term":[{"taxonomy":"category","embeddable":true,"href":"https:\/\/www.europesays.com\/fr\/wp-json\/wp\/v2\/categories?post=664637"},{"taxonomy":"post_tag","embeddable":true,"href":"https:\/\/www.europesays.com\/fr\/wp-json\/wp\/v2\/tags?post=664637"}],"curies":[{"name":"wp","href":"https:\/\/api.w.org\/{rel}","templated":true}]}}