{"id":664649,"date":"2026-01-15T05:49:13","date_gmt":"2026-01-15T05:49:13","guid":{"rendered":"https:\/\/www.europesays.com\/fr\/664649\/"},"modified":"2026-01-15T05:49:13","modified_gmt":"2026-01-15T05:49:13","slug":"des-prix-en-hausse-en-france-et-a-lyon-en-2025","status":"publish","type":"post","link":"https:\/\/www.europesays.com\/fr\/664649\/","title":{"rendered":"Des prix en hausse en France et \u00e0 Lyon en 2025"},"content":{"rendered":"<p><strong>Le pr\u00e9sident de la FNAIM, Lo\u00efc Cantin, a tenu ce mercredi une conf\u00e9rence de presse afin de dresser le bilan de l\u2019ann\u00e9e \u00e9coul\u00e9e en mati\u00e8re d\u2019immobilier<\/strong>.<\/p>\n<p>Lo\u00efc Cantin, pr\u00e9sident de la FNAIM, tenait ce mercredi une conf\u00e9rence de presse pour dresser le bilan de l\u2019ann\u00e9e 2025 en mati\u00e8re d\u2019immobilier. En introduction, celui-ci a \u00e9voqu\u00e9 un contexte marqu\u00e9 par l\u2019absence de visibilit\u00e9 en mati\u00e8re de politique du logement.<\/p>\n<blockquote class=\"wp-block-quote is-layout-flow wp-block-quote-is-layout-flow\">\n<p>\u00abIl y a juste six mois, nous avions dit: la crise de l\u2019immobilier est derri\u00e8re nous, la crise du logement est devant nous. Et aujourd\u2019hui que se passe-t-il ? Nous attendions un sursaut. Rien ne se passe, et tout reste \u00e0 venir.\u00bb<\/p>\n<p>Lo\u00efc Cantin<\/p><\/blockquote>\n<p>Rebond des transactions<\/p>\n<p>Le pr\u00e9sident de la f\u00e9d\u00e9ration a soulign\u00e9 que l\u2019\u00e9tat du march\u00e9 immobilier restait conforme \u00e0 ce qu\u2019elle avait anticip\u00e9 en janvier et juin 2025. Les ventes de logements anciens sont en effet ressorties en hausse de 11% en 2025 au niveau national, avec 940.000 actes publi\u00e9s. Le redressement est ainsi tr\u00e8s net depuis octobre 2024. La baisse des taux de la banque centrale europ\u00e9enne a permis de redonner du pouvoir d\u2019achat aux acqu\u00e9reurs via un red\u00e9marrage de la production de cr\u00e9dit immobilier. <\/p>\n<p><img decoding=\"async\" src=\"https:\/\/www.europesays.com\/fr\/wp-content\/uploads\/2025\/04\/abonnezvouslarge.jpg\" alt=\"\"\/><\/p>\n<p>Pour lire la totalit\u00e9 de l&rsquo;article,<strong><a href=\"http:\/\/www.lyonpoleimmo.com\/membership-options-page\/\" target=\"_blank\" rel=\"noopener\">abonnez-vous<\/a> <\/strong>ou <a href=\"http:\/\/www.lyonpoleimmo.com\/senregistrer\/\" target=\"_blank\" rel=\"noopener\"><strong>identifiez-vous<\/strong><\/a> <\/p>\n<p>                  <img loading=\"lazy\" decoding=\"async\" alt=\"\" src=\"https:\/\/www.europesays.com\/fr\/wp-content\/uploads\/2026\/01\/1768456153_558_aa80fbcec76b8e31baa828b9e8df762388c5950be21994636af3fb2f598021ac.jpeg\"  class=\"avatar avatar-96 photo\" height=\"96\" width=\"96\"\/>              <\/p>\n<p>\t\tNavigation d\u2019article<\/p>\n","protected":false},"excerpt":{"rendered":"Le pr\u00e9sident de la FNAIM, Lo\u00efc Cantin, a tenu ce mercredi une conf\u00e9rence de presse afin de dresser&hellip;\n","protected":false},"author":2,"featured_media":639746,"comment_status":"","ping_status":"","sticky":false,"template":"","format":"standard","meta":{"footnotes":""},"categories":[1889],"tags":[5265,1111,11,2430,1777,674,1011,27,35636,2428,3238,12,25],"class_list":{"0":"post-664649","1":"post","2":"type-post","3":"status-publish","4":"format-standard","5":"has-post-thumbnail","7":"category-lyon","8":"tag-abonnes","9":"tag-actu","10":"tag-actualites","11":"tag-auvergne-rhone-alpes","12":"tag-eu","13":"tag-europe","14":"tag-fr","15":"tag-france","16":"tag-les-prix","17":"tag-lyon","18":"tag-national","19":"tag-news","20":"tag-republique-francaise"},"share_on_mastodon":{"url":"https:\/\/pubeurope.com\/@fr\/115897549701243852","error":""},"_links":{"self":[{"href":"https:\/\/www.europesays.com\/fr\/wp-json\/wp\/v2\/posts\/664649","targetHints":{"allow":["GET"]}}],"collection":[{"href":"https:\/\/www.europesays.com\/fr\/wp-json\/wp\/v2\/posts"}],"about":[{"href":"https:\/\/www.europesays.com\/fr\/wp-json\/wp\/v2\/types\/post"}],"author":[{"embeddable":true,"href":"https:\/\/www.europesays.com\/fr\/wp-json\/wp\/v2\/users\/2"}],"replies":[{"embeddable":true,"href":"https:\/\/www.europesays.com\/fr\/wp-json\/wp\/v2\/comments?post=664649"}],"version-history":[{"count":0,"href":"https:\/\/www.europesays.com\/fr\/wp-json\/wp\/v2\/posts\/664649\/revisions"}],"wp:featuredmedia":[{"embeddable":true,"href":"https:\/\/www.europesays.com\/fr\/wp-json\/wp\/v2\/media\/639746"}],"wp:attachment":[{"href":"https:\/\/www.europesays.com\/fr\/wp-json\/wp\/v2\/media?parent=664649"}],"wp:term":[{"taxonomy":"category","embeddable":true,"href":"https:\/\/www.europesays.com\/fr\/wp-json\/wp\/v2\/categories?post=664649"},{"taxonomy":"post_tag","embeddable":true,"href":"https:\/\/www.europesays.com\/fr\/wp-json\/wp\/v2\/tags?post=664649"}],"curies":[{"name":"wp","href":"https:\/\/api.w.org\/{rel}","templated":true}]}}