{"id":664668,"date":"2026-01-15T06:00:14","date_gmt":"2026-01-15T06:00:14","guid":{"rendered":"https:\/\/www.europesays.com\/fr\/664668\/"},"modified":"2026-01-15T06:00:14","modified_gmt":"2026-01-15T06:00:14","slug":"lallemagne-sinterroge-sur-lavenir-du-projet-europeen","status":"publish","type":"post","link":"https:\/\/www.europesays.com\/fr\/664668\/","title":{"rendered":"L\u2019Allemagne s\u2019interroge sur l\u2019avenir du projet europ\u00e9en"},"content":{"rendered":"<p>                     <img loading=\"lazy\" decoding=\"async\" src=\"https:\/\/www.europesays.com\/fr\/wp-content\/uploads\/2026\/01\/2fe1a75_upload-1-mcvbamggstr2-313037.jpg\" alt=\"Friedrich Merz, chancelier allemand, \u00e0 Berlin, le 19\u00a0d\u00e9cembre\u00a02025. \"   width=\"664\" height=\"443\"\/>    Friedrich Merz, chancelier allemand, \u00e0 Berlin, le 19\u00a0d\u00e9cembre\u00a02025.  KAY NIETFELD\/AFP                 <\/p>\n<p class=\"article__paragraph  \">Quinze ans apr\u00e8s la crise de l\u2019euro, l\u2019Allemagne se prendrait-elle \u00e0 douter de<strong> <\/strong>l\u2019Europe\u00a0? La progression des partis nationalistes sur le Vieux Continent, quatre ann\u00e9es de guerre en Ukraine sans espoir tangible de cessez-le-feu et la difficult\u00e9 des Vingt-Sept \u00e0 r\u00e9pondre aux attaques r\u00e9p\u00e9t\u00e9es de Donald Trump ont install\u00e9, outre-Rhin, une forme d\u2019incr\u00e9dulit\u00e9 sur la capacit\u00e9 de l\u2019Union europ\u00e9enne (UE) \u00e0 \u00eatre davantage qu\u2019un espace \u00e9conomique.<\/p>\n<p class=\"article__paragraph  \">\u00ab\u00a0Il y a un scepticisme croissant sur le projet europ\u00e9en, reconna\u00eet la copr\u00e9sidente des Verts allemands, Franziska Brantner. Quand je le d\u00e9fends, on me dit\u00a0: \u201cAvec qui veux-tu faire ton Europe\u00a0? Giorgia Meloni est eurosceptique\u00a0; la Hongrie, la Tch\u00e9quie, la Slovaquie le sont aussi, Emmanuel Macron n\u2019a plus de pouvoir, et la France pourrait basculer \u00e0 l\u2019extr\u00eame droite en\u00a02027.\u201d On renonce \u00e0 avancer, notamment dans la d\u00e9fense et la s\u00e9curit\u00e9, \u00e0 cause de l\u2019hypoth\u00e8se d\u2019une Marine Le Pen \u00e0 l\u2019Elys\u00e9e en\u00a02027. Si on continue comme \u00e7a, en permettant \u00e0 Trump de nous diviser, la fin de l\u2019UE est possible.\u00a0\u00bb<\/p>\n<p class=\"reading-mode-only \"><strong>Il vous reste 83.29% de cet article \u00e0 lire. La suite est r\u00e9serv\u00e9e aux abonn\u00e9s.<\/strong><\/p>\n","protected":false},"excerpt":{"rendered":"Friedrich Merz, chancelier allemand, \u00e0 Berlin, le 19\u00a0d\u00e9cembre\u00a02025. KAY NIETFELD\/AFP Quinze ans apr\u00e8s la crise de l\u2019euro, l\u2019Allemagne&hellip;\n","protected":false},"author":2,"featured_media":664669,"comment_status":"","ping_status":"","sticky":false,"template":"","format":"standard","meta":{"footnotes":""},"categories":[1587],"tags":[11,672,1804,1805,1803,1777,674,1801,12,1802],"class_list":{"0":"post-664668","1":"post","2":"type-post","3":"status-publish","4":"format-standard","5":"has-post-thumbnail","7":"category-allemagne","8":"tag-actualites","9":"tag-allemagne","10":"tag-bundesrepublik-deutschland","11":"tag-de","12":"tag-deutschland","13":"tag-eu","14":"tag-europe","15":"tag-germany","16":"tag-news","17":"tag-republique-federale-dallemagne"},"share_on_mastodon":{"url":"https:\/\/pubeurope.com\/@fr\/115897593286842616","error":""},"_links":{"self":[{"href":"https:\/\/www.europesays.com\/fr\/wp-json\/wp\/v2\/posts\/664668","targetHints":{"allow":["GET"]}}],"collection":[{"href":"https:\/\/www.europesays.com\/fr\/wp-json\/wp\/v2\/posts"}],"about":[{"href":"https:\/\/www.europesays.com\/fr\/wp-json\/wp\/v2\/types\/post"}],"author":[{"embeddable":true,"href":"https:\/\/www.europesays.com\/fr\/wp-json\/wp\/v2\/users\/2"}],"replies":[{"embeddable":true,"href":"https:\/\/www.europesays.com\/fr\/wp-json\/wp\/v2\/comments?post=664668"}],"version-history":[{"count":0,"href":"https:\/\/www.europesays.com\/fr\/wp-json\/wp\/v2\/posts\/664668\/revisions"}],"wp:featuredmedia":[{"embeddable":true,"href":"https:\/\/www.europesays.com\/fr\/wp-json\/wp\/v2\/media\/664669"}],"wp:attachment":[{"href":"https:\/\/www.europesays.com\/fr\/wp-json\/wp\/v2\/media?parent=664668"}],"wp:term":[{"taxonomy":"category","embeddable":true,"href":"https:\/\/www.europesays.com\/fr\/wp-json\/wp\/v2\/categories?post=664668"},{"taxonomy":"post_tag","embeddable":true,"href":"https:\/\/www.europesays.com\/fr\/wp-json\/wp\/v2\/tags?post=664668"}],"curies":[{"name":"wp","href":"https:\/\/api.w.org\/{rel}","templated":true}]}}