{"id":664674,"date":"2026-01-15T06:03:23","date_gmt":"2026-01-15T06:03:23","guid":{"rendered":"https:\/\/www.europesays.com\/fr\/664674\/"},"modified":"2026-01-15T06:03:23","modified_gmt":"2026-01-15T06:03:23","slug":"la-revolution-du-verre-bientot-il-se-pliera-et-rebondira-national-geographic","status":"publish","type":"post","link":"https:\/\/www.europesays.com\/fr\/664674\/","title":{"rendered":"La r\u00e9volution du verre : bient\u00f4t, il se pliera et rebondira | National Geographic"},"content":{"rendered":"<p data-paragraph-id=\"5580387-1\">Cette structure mol\u00e9culaire d\u00e9sordonn\u00e9e conf\u00e8re au verre son superpouvoir : une adaptabilit\u00e9 de cam\u00e9l\u00e9on. Puisque ses atomes n\u2019ont pas besoin de se fixer dans un sch\u00e9ma sp\u00e9cifique, sa structure peut int\u00e9grer, \u00e0 des temp\u00e9ratures \u00e9lev\u00e9es, un large \u00e9ventail de compos\u00e9s chimiques. Ces ajouts peuvent apporter de la couleur, de la flexibilit\u00e9, une plus grande r\u00e9sistance \u00e0 la chaleur et une solidit\u00e9 accrue, entre autres.<\/p>\n<p data-paragraph-id=\"5580387-2\">\u00ab La composition du verre peut varier \u00e0 l\u2019infini, et vous pouvez sans cesse changer ses propri\u00e9t\u00e9s \u00bb, confirme Alicia Dur\u00e1n, membre du Conseil sup\u00e9rieur de la recherche scientifique d\u2019Espagne et ancienne pr\u00e9sidente de la Commission internationale du verre qui a oeuvr\u00e9 avec les Nations unies \u00e0 la promotion de ce mat\u00e9riau. \u00ab La principale qualit\u00e9 du verre, poursuit-elle, c\u2019est qu\u2019il peut \u00eatre produit, reproduit, na\u00eetre et rena\u00eetre \u2013 pour la m\u00eame application ou pour d\u2019autres usages \u2013 ind\u00e9finiment. C\u2019est le fondement m\u00eame de la durabilit\u00e9. \u00bb<\/p>\n<p data-paragraph-id=\"5580387-3\">Pour les scientifiques, c\u2019est une opportunit\u00e9 d\u2019exp\u00e9rimentation sans fin. Il en va ainsi au laboratoire d\u2019ing\u00e9nierie et de traitement des mat\u00e9riaux de Corning, une multinationale sp\u00e9cialis\u00e9e dans le verre et la c\u00e9ramique, situ\u00e9e dans l\u2019\u00c9tat de New York. Lorsque je l\u2019ai visit\u00e9, des techniciens v\u00eatus de combinaisons isolantes sortaient d\u2019un four industriel un creuset de verre chauff\u00e9 \u00e0 blanc, y versant avec soin l\u2019une des milliers de nouvelles formules exp\u00e9riment\u00e9es sur le site.<\/p>\n<p data-paragraph-id=\"5580387-4\">Corning est connue pour avoir collabor\u00e9 avec Thomas Edison afin d\u2019am\u00e9liorer son ampoule \u00e9lectrique, en 1879. Depuis, l\u2019entreprise a multipli\u00e9 les innovations autour du verre, depuis le mat\u00e9riel de laboratoire en Pyrex (utilis\u00e9 pour produire la p\u00e9nicilline et les premiers vaccins contre la poliomy\u00e9lite) jusqu\u2019aux premi\u00e8res lignes en fibre optique (essentielles aux autoroutes de l\u2019information) et au verre ultrar\u00e9sistant Gorilla Glass (qui, en g\u00e9n\u00e9ral, emp\u00eache l\u2019\u00e9cran de votre t\u00e9l\u00e9phone de se briser).<\/p>\n<p data-paragraph-id=\"5580387-5\">M\u00eame si une grande partie de ce qui est en cours de d\u00e9veloppement chez Corning demeure confidentiel, de nombreux autres chercheurs partagent ouvertement leurs projets. Ainsi du verre bioactif : en 1969, un professeur de l\u2019universit\u00e9 de Floride a d\u00e9couvert que, en rempla\u00e7ant une partie de la silice par du calcium, il \u00e9tait possible de cr\u00e9er des granules ou de la poudre de verre se liant aux os fractur\u00e9s, acc\u00e9l\u00e9rant ainsi leur gu\u00e9rison. Gr\u00e2ce \u00e0 cette d\u00e9couverte, le bioverre est en cours de reformulation pour devenir un traitement potentiel des infections des os et des blessures des tissus mous, m\u2019explique Julian Jones, sp\u00e9cialiste en sciences des mat\u00e9riaux \u00e0 l\u2019Imperial College London, qui \u00e9tudie le sujet depuis vingt-cinq ans. Cette approche pourrait r\u00e9soudre l\u2019un des plus grands d\u00e9fis de la m\u00e9decine, alors qu\u2019un nombre croissant d\u2019agents pathog\u00e8nes deviennent r\u00e9sistants aux antibiotiques. Julian Jones a \u00e9t\u00e9 le pionnier du bouncy bioglass, un bioverre-polym\u00e8re ayant l\u2019\u00e9lasticit\u00e9 du caoutchouc, imprim\u00e9 en 3D et destin\u00e9 \u00e0 reformer le cartilage. \u00ab Pour les patients \u00e2g\u00e9s souffrant d\u2019arthrite, dit-il, c\u2019est un peu le graal de la r\u00e9g\u00e9n\u00e9ration du cartilage. \u00bb<\/p>\n","protected":false},"excerpt":{"rendered":"Cette structure mol\u00e9culaire d\u00e9sordonn\u00e9e conf\u00e8re au verre son superpouvoir : une adaptabilit\u00e9 de cam\u00e9l\u00e9on. Puisque ses atomes n\u2019ont&hellip;\n","protected":false},"author":2,"featured_media":664675,"comment_status":"","ping_status":"","sticky":false,"template":"","format":"standard","meta":{"footnotes":""},"categories":[2],"tags":[11,1011,27,5701,12,25,43,41,76564,717,710],"class_list":{"0":"post-664674","1":"post","2":"type-post","3":"status-publish","4":"format-standard","5":"has-post-thumbnail","7":"category-actualites","8":"tag-actualites","9":"tag-fr","10":"tag-france","11":"tag-innovation","12":"tag-news","13":"tag-republique-francaise","14":"tag-science","15":"tag-sciences","16":"tag-sciences-physiques","17":"tag-technologie","18":"tag-verre"},"share_on_mastodon":{"url":"https:\/\/pubeurope.com\/@fr\/115897604804205581","error":""},"_links":{"self":[{"href":"https:\/\/www.europesays.com\/fr\/wp-json\/wp\/v2\/posts\/664674","targetHints":{"allow":["GET"]}}],"collection":[{"href":"https:\/\/www.europesays.com\/fr\/wp-json\/wp\/v2\/posts"}],"about":[{"href":"https:\/\/www.europesays.com\/fr\/wp-json\/wp\/v2\/types\/post"}],"author":[{"embeddable":true,"href":"https:\/\/www.europesays.com\/fr\/wp-json\/wp\/v2\/users\/2"}],"replies":[{"embeddable":true,"href":"https:\/\/www.europesays.com\/fr\/wp-json\/wp\/v2\/comments?post=664674"}],"version-history":[{"count":0,"href":"https:\/\/www.europesays.com\/fr\/wp-json\/wp\/v2\/posts\/664674\/revisions"}],"wp:featuredmedia":[{"embeddable":true,"href":"https:\/\/www.europesays.com\/fr\/wp-json\/wp\/v2\/media\/664675"}],"wp:attachment":[{"href":"https:\/\/www.europesays.com\/fr\/wp-json\/wp\/v2\/media?parent=664674"}],"wp:term":[{"taxonomy":"category","embeddable":true,"href":"https:\/\/www.europesays.com\/fr\/wp-json\/wp\/v2\/categories?post=664674"},{"taxonomy":"post_tag","embeddable":true,"href":"https:\/\/www.europesays.com\/fr\/wp-json\/wp\/v2\/tags?post=664674"}],"curies":[{"name":"wp","href":"https:\/\/api.w.org\/{rel}","templated":true}]}}