{"id":664678,"date":"2026-01-15T06:05:13","date_gmt":"2026-01-15T06:05:13","guid":{"rendered":"https:\/\/www.europesays.com\/fr\/664678\/"},"modified":"2026-01-15T06:05:13","modified_gmt":"2026-01-15T06:05:13","slug":"petanque-fleurance-victorieuse-au-premier-tour-de-la-coupe-de-france","status":"publish","type":"post","link":"https:\/\/www.europesays.com\/fr\/664678\/","title":{"rendered":"P\u00e9tanque : Fleurance victorieuse au premier tour de la coupe de France"},"content":{"rendered":"<p>Samedi 10 janvier, le club de Fleurance a lanc\u00e9 avec succ\u00e8s sa campagne en coupe de France de p\u00e9tanque. Oppos\u00e9s \u00e0 Pauilhac lors du premier tour, les Fleurantins se sont impos\u00e9s sur le score de 25 \u00e0 6, confirmant leur solidit\u00e9 collective et leur ambition dans cette \u00e9preuve nationale. Sous la houlette de leur coach Serge Latru, les joueurs de Fleurance ont rapidement pris l\u2019ascendant. Marie-Anne Benazet, Marie-Francie Gaborit, Pierre Gaborit, Jesus Gomez-Acuna, Jo\u00ebl Truilhe, Jean-Claude Dupont, Thierry Ellissagaray et Roland Benazet ont impos\u00e9 leur rythme et leur pr\u00e9cision tout au long de la rencontre. En face, l\u2019\u00e9quipe de Pauilhac, entra\u00een\u00e9e par Nicolas Bach, n\u2019a pas d\u00e9m\u00e9rit\u00e9. Marion Borreil, R\u00e9gis Andr\u00e9, Julien De Campo, David de Magalhaes, Cl\u00e9ment Metge, Xavier Castarede et Patrick Cazes ont tent\u00e9 de r\u00e9sister, sans parvenir \u00e0 inverser la tendance. Gr\u00e2ce \u00e0 ce succ\u00e8s, Fleurance se qualifie pour le 2e tour de la coupe de France. Les Fleurantins se d\u00e9placeront \u00e0 Ladev\u00e8ze-Ville dimanche 25 janvier avec l\u2019objectif de poursuivre l\u2019aventure.<\/p>\n","protected":false},"excerpt":{"rendered":"Samedi 10 janvier, le club de Fleurance a lanc\u00e9 avec succ\u00e8s sa campagne en coupe de France de&hellip;\n","protected":false},"author":2,"featured_media":664679,"comment_status":"","ping_status":"","sticky":false,"template":"","format":"standard","meta":{"footnotes":""},"categories":[4],"tags":[11,69253,1011,27,11328,12,35979,25,517],"class_list":{"0":"post-664678","1":"post","2":"type-post","3":"status-publish","4":"format-standard","5":"has-post-thumbnail","7":"category-france","8":"tag-actualites","9":"tag-fleurance","10":"tag-fr","11":"tag-france","12":"tag-gers","13":"tag-news","14":"tag-pu00e9tanque","15":"tag-republique-francaise","16":"tag-sport"},"share_on_mastodon":{"url":"https:\/\/pubeurope.com\/@fr\/115897612572473546","error":""},"_links":{"self":[{"href":"https:\/\/www.europesays.com\/fr\/wp-json\/wp\/v2\/posts\/664678","targetHints":{"allow":["GET"]}}],"collection":[{"href":"https:\/\/www.europesays.com\/fr\/wp-json\/wp\/v2\/posts"}],"about":[{"href":"https:\/\/www.europesays.com\/fr\/wp-json\/wp\/v2\/types\/post"}],"author":[{"embeddable":true,"href":"https:\/\/www.europesays.com\/fr\/wp-json\/wp\/v2\/users\/2"}],"replies":[{"embeddable":true,"href":"https:\/\/www.europesays.com\/fr\/wp-json\/wp\/v2\/comments?post=664678"}],"version-history":[{"count":0,"href":"https:\/\/www.europesays.com\/fr\/wp-json\/wp\/v2\/posts\/664678\/revisions"}],"wp:featuredmedia":[{"embeddable":true,"href":"https:\/\/www.europesays.com\/fr\/wp-json\/wp\/v2\/media\/664679"}],"wp:attachment":[{"href":"https:\/\/www.europesays.com\/fr\/wp-json\/wp\/v2\/media?parent=664678"}],"wp:term":[{"taxonomy":"category","embeddable":true,"href":"https:\/\/www.europesays.com\/fr\/wp-json\/wp\/v2\/categories?post=664678"},{"taxonomy":"post_tag","embeddable":true,"href":"https:\/\/www.europesays.com\/fr\/wp-json\/wp\/v2\/tags?post=664678"}],"curies":[{"name":"wp","href":"https:\/\/api.w.org\/{rel}","templated":true}]}}