{"id":664680,"date":"2026-01-15T06:08:20","date_gmt":"2026-01-15T06:08:20","guid":{"rendered":"https:\/\/www.europesays.com\/fr\/664680\/"},"modified":"2026-01-15T06:08:20","modified_gmt":"2026-01-15T06:08:20","slug":"le-rugby-amateur-reuni-a-chaban-pour-ubb-northampton-actualites-union-bordeaux-begles-ubb-rugby","status":"publish","type":"post","link":"https:\/\/www.europesays.com\/fr\/664680\/","title":{"rendered":"Le rugby amateur r\u00e9uni \u00e0 Chaban pour UBB &#8211; Northampton &#8211; Actualit\u00e9s &#8211; Union Bordeaux B\u00e8gles (UBB Rugby)"},"content":{"rendered":"<p>                    \u00c0 l&rsquo;occasion du match face aux Saints de Northampton, une cinquantaine de clubs aquitains \u00e9tait convi\u00e9s au stade Chaban Delmas, afin d&rsquo;\u00e9changer notamment sur les actions port\u00e9es par le fonds de dotation Union Bordeaux B\u00e8gles. Un rendez-vous ponctu\u00e9 par la belle victoire de nos Bordeaux &amp; Blanc.<\/p>\n<p><img decoding=\"async\" src=\"https:\/\/www.europesays.com\/fr\/wp-content\/uploads\/2026\/01\/DSC09159.jpg\" alt=\"\" width=\"1200\"\/>Les repr\u00e9sentants des clubs amateurs \u00e9taient convi\u00e9s \u00e0 l&rsquo;espace ubb grands crus<\/p>\n<p>Dans la continuit\u00e9 des actions r\u00e9alis\u00e9es \u00e0 destination du rugby amateur, le Fonds de dotation Union Bordeaux B\u00e8gles a r\u00e9uni <strong>plus de 50 clubs de toute la Nouvelle Aquitaine<\/strong> avant le match face \u00e0 Northampton.\u00a0 L&rsquo;objectif ? Remercier les clubs amateurs pour leur engagement, \u00e9changer sur leurs besoins et \u00e9voquer les nouvelles initiatives qui leurs seront d\u00e9di\u00e9es.<\/p>\n<p>Pour d\u00e9marrer cette r\u00e9union, <strong>Laurent Marti<\/strong> et <strong>Yannick Bru<\/strong> ont d&rsquo;abord pris la parole pour rappeler le lien qui unit l&rsquo;UBB et son histoire au rugby amateur aquitain. Pour rappel, <strong>8 des 23 joueurs<\/strong> pr\u00e9sents sur la feuille de match de la finale remport\u00e9e face \u00e0 Northampton sont issus de clubs de Nouvelle-Aquitaine.<\/p>\n<p><img decoding=\"async\" src=\"https:\/\/www.europesays.com\/fr\/wp-content\/uploads\/2026\/01\/DSC09111.jpg\" alt=\"\" width=\"1200\"\/>yannick bru A tenu \u00e0 ADRESSer QUELQUES MOTS au clubs amateurs AVANT DE REJOINDRE ses joueurs \u00e0 l&rsquo;\u00e9chauffement.<\/p>\n<p><strong><br \/><img decoding=\"async\" src=\"https:\/\/www.europesays.com\/fr\/wp-content\/uploads\/2026\/01\/DSC09131.jpg\" alt=\"Laurent Marti\" width=\"1200\"\/>LE PR\u00c9SIDENT MARTI S&rsquo;EST ensuite ADRESS\u00c9 AUX dirigeants DES CLUBS DE RUGBY POUR LEUR PR\u00c9SENTER SES VOEUX, LES REMERCIER POUR LE TRAVAIL R\u00c9ALIS\u00c9 TOUT AU LONG DE LA SAISON, ET BIEN S\u00dbR\u00a0\u00c9VOQUER LE CHOC UBB &#8211; NORTHAMPTON \u00c0 QUELQUES MINUTES DU COUP D&rsquo;ENVOI.\u00a0<\/strong><\/p>\n<p><strong><br \/>S\u00e9bastien Cailly<\/strong>, responsable de la strat\u00e9gie RSE, a ensuite rappel\u00e9 les engagements du club autour du rugby amateur, avant de pr\u00e9senter une action concr\u00e8te que portera bient\u00f4t le fonds de dotation : un appel \u00e0 projets pour une dotation mat\u00e9rielle des \u00e9coles de rugby.<\/p>\n<p>Les dirigeants de clubs ont ensuite pu discuter avec plusieurs repr\u00e9sentants de la formation de l&rsquo;UBB comme <strong>Jean-Baptiste Dubi\u00e9, Nicolas Zenoni (d\u00e9tection)<\/strong>, <strong>Laurent Ferr\u00e8res (rugby \u00e0 7)<\/strong> ou encore le directeur du centre de formation<strong> Fr\u00e9d\u00e9ric Garcia, <\/strong>le pr\u00e9sident de l&rsquo;association UBB<strong> Michel Maillet, <\/strong>le co-pr\u00e9sident du CABBG<strong> Alban Moga,\u00a0<\/strong>ainsi que bien s\u00fbr que les membres de l&rsquo;\u00e9quipe Coeur de rugby, repr\u00e9sent\u00e9e par<strong> Jean-Pierre Hamelin <\/strong>et<strong> Xavier Du Tertre.<\/strong><\/p>\n<p><strong>Merci \u00e0 tous ces clubs d&rsquo;avoir fait le d\u00e9placement le Chaban et de faire rayonner le rugby sur notre territoire tout au long de l&rsquo;ann\u00e9e.<\/strong><\/p>\n","protected":false},"excerpt":{"rendered":"\u00c0 l&rsquo;occasion du match face aux Saints de Northampton, une cinquantaine de clubs aquitains \u00e9tait convi\u00e9s au stade&hellip;\n","protected":false},"author":2,"featured_media":664681,"comment_status":"","ping_status":"","sticky":false,"template":"","format":"standard","meta":{"footnotes":""},"categories":[1416],"tags":[1111,47,4402,1997,4404,4401,4356,4400,4357,1983,1011,27,1987,1114,2947,955,12,4048,479,1468,517,60,2858,478,4364,4403,1264],"class_list":{"0":"post-664680","1":"post","2":"type-post","3":"status-publish","4":"format-standard","5":"has-post-thumbnail","7":"category-rugby","8":"tag-actu","9":"tag-actualite","10":"tag-begles","11":"tag-bordeaux","12":"tag-chaban","13":"tag-challenge-cup","14":"tag-coronavirus","15":"tag-covid","16":"tag-covid-19","17":"tag-essai","18":"tag-fr","19":"tag-france","20":"tag-girondins","21":"tag-infos","22":"tag-lnr","23":"tag-match","24":"tag-news","25":"tag-presse","26":"tag-rugby","27":"tag-rugby-football","28":"tag-sport","29":"tag-sports","30":"tag-stade","31":"tag-top-14","32":"tag-ubb","33":"tag-union","34":"tag-victoire"},"share_on_mastodon":{"url":"https:\/\/pubeurope.com\/@fr\/115897624584537756","error":""},"_links":{"self":[{"href":"https:\/\/www.europesays.com\/fr\/wp-json\/wp\/v2\/posts\/664680","targetHints":{"allow":["GET"]}}],"collection":[{"href":"https:\/\/www.europesays.com\/fr\/wp-json\/wp\/v2\/posts"}],"about":[{"href":"https:\/\/www.europesays.com\/fr\/wp-json\/wp\/v2\/types\/post"}],"author":[{"embeddable":true,"href":"https:\/\/www.europesays.com\/fr\/wp-json\/wp\/v2\/users\/2"}],"replies":[{"embeddable":true,"href":"https:\/\/www.europesays.com\/fr\/wp-json\/wp\/v2\/comments?post=664680"}],"version-history":[{"count":0,"href":"https:\/\/www.europesays.com\/fr\/wp-json\/wp\/v2\/posts\/664680\/revisions"}],"wp:featuredmedia":[{"embeddable":true,"href":"https:\/\/www.europesays.com\/fr\/wp-json\/wp\/v2\/media\/664681"}],"wp:attachment":[{"href":"https:\/\/www.europesays.com\/fr\/wp-json\/wp\/v2\/media?parent=664680"}],"wp:term":[{"taxonomy":"category","embeddable":true,"href":"https:\/\/www.europesays.com\/fr\/wp-json\/wp\/v2\/categories?post=664680"},{"taxonomy":"post_tag","embeddable":true,"href":"https:\/\/www.europesays.com\/fr\/wp-json\/wp\/v2\/tags?post=664680"}],"curies":[{"name":"wp","href":"https:\/\/api.w.org\/{rel}","templated":true}]}}