{"id":664684,"date":"2026-01-15T06:13:16","date_gmt":"2026-01-15T06:13:16","guid":{"rendered":"https:\/\/www.europesays.com\/fr\/664684\/"},"modified":"2026-01-15T06:13:16","modified_gmt":"2026-01-15T06:13:16","slug":"cyclisme-route-axel-zingle-lequipe-compte-sur-moi-sur-les-courses-secondaires","status":"publish","type":"post","link":"https:\/\/www.europesays.com\/fr\/664684\/","title":{"rendered":"Cyclisme. Route &#8211; Axel Zingle : \u00abL&rsquo;\u00e9quipe compte sur moi sur les courses secondaires\u00bb"},"content":{"rendered":"<p> Lire la suite de l&rsquo;article&#13;<\/p>\n<p>\u00a0<\/p>\n<p>&#13;<br \/>\n\u00ab\u00a0Pas de Grand Tour au programme\u00a0\u00bb&#13;<\/p>\n<p><strong>Tu es actuellement en stage avec Visma | Lease a Bike. Comment se passe cette pr\u00e9paration et l\u2019approche de la saison 2026 ?<\/strong><\/p>\n<p>&#13;<\/p>\n<p>On est arriv\u00e9s hier (lundi 12 janvier, ndlr) en stage, donc on n\u2019a pas encore vraiment commenc\u00e9 \u00e0 s\u2019entra\u00eener intens\u00e9ment. Mais la pr\u00e9paration se passe bien. Je n\u2019ai pas \u00e9t\u00e9 malade pendant les f\u00eates, ce qui est d\u00e9j\u00e0 une bonne chose, surtout avec toutes les maladies qu\u2019il y a eu cet hiver.\u00a0J\u2019ai aussi un peu vari\u00e9 avec un 10 km de course \u00e0 pied pour changer, et on essaie de trouver des axes de progression pour la saison \u00e0 venir.<\/p>\n<p>&#13;<\/p>\n<p>\u00a0<\/p>\n<p>&#13;<\/p>\n<p><strong>Tu as couru un 10 km r\u00e9cemment. Avec quel chrono ?<\/strong><\/p>\n<p>&#13;<\/p>\n<p>33 minutes 30<\/p>\n<p>&#13;<\/p>\n<p>\u00a0<\/p>\n<p>&#13;<\/p>\n<p><strong>Quand commenceras-tu ta saison 2026 en comp\u00e9tition ?<\/strong><\/p>\n<p>&#13;<\/p>\n<p>Je vais reprendre au Tour d\u2019Oman. Ensuite, ce sera s\u00fbrement l\u2019Omloop. J\u2019encha\u00eenerai avec quelques classiques flandriennes, Paris-Nice au milieu, puis l\u2019Amstel Gold Race pour terminer ce premier gros bloc.<\/p>\n<p>&#13;<\/p>\n<p>\u00a0<\/p>\n<p>&#13;<\/p>\n<p><strong>Ce sera donc une saison tr\u00e8s orient\u00e9e courses d\u2019un jour ?<\/strong><\/p>\n<p>&#13;<\/p>\n<p>Oui, clairement. Il n\u2019y aura probablement pas de Grand Tour. L\u2019objectif est surtout de beaucoup courir, de rattraper un peu le manque de jours de course de l\u2019an dernier et d\u2019aller chercher de bons r\u00e9sultats. Faire une saison bien remplie.<\/p>\n<p>&#13;<\/p>\n<p>\u00a0<\/p>\n<p>&#13;<br \/>\nBruno Armirail au micro de Cyclism&rsquo;Actu&#13;<\/p>\n<p style=\"text-align: center;\">\n<p>&#13;<br \/>\n\u00ab\u00a0Essayer de faire une belle saison, avec un maximum de victoires\u00a0\u00bb&#13;<\/p>\n<p><strong>Les classiques flandriennes marquent un changement par rapport \u00e0 l\u2019an dernier. Pourquoi ce choix ?<\/strong><\/p>\n<p>&#13;<\/p>\n<p>L\u2019an dernier, je devais pr\u00e9parer les Ardennaises. J\u2019avais bien pr\u00e9par\u00e9 ce bloc, mais je me suis bless\u00e9 au Tour du Pays Basque, ce qui m\u2019a emp\u00each\u00e9 d\u2019y participer. Cette ann\u00e9e, c\u2019\u00e9tait aussi une demande de ma part de rejoindre le groupe des classiques. Il y avait de la place, notamment parce que Matteo Jorgenson n\u2019y sera pas.\u00a0\u00c7a m\u2019int\u00e9ressait de courir avec des coureurs comme Wout (Van Aert) ou Christophe (Laporte). Je n\u2019ai pas encore eu l\u2019occasion de courir avec eux depuis mon arriv\u00e9e dans l\u2019\u00e9quipe. Ce sont des courses qui me conviennent et pour lesquelles j\u2019\u00e9tais vraiment motiv\u00e9.<\/p>\n<p>&#13;<\/p>\n<p>\u00a0<\/p>\n<p>&#13;<\/p>\n<p><strong>Quel sera ton r\u00f4le au sein de l\u2019\u00e9quipe sur ces classiques ?<\/strong><\/p>\n<p>&#13;<\/p>\n<p>Apr\u00e8s, attaquer de loin n\u2019est pas forc\u00e9ment ce qui me correspond le mieux. Le but principal sera d\u2019\u00eatre au service de Wout et de Christophe, et d\u2019avoir un collectif solide et homog\u00e8ne.\u00a0Forc\u00e9ment, \u00e7a peut aussi ouvrir des opportunit\u00e9s personnelles selon le sc\u00e9nario de course.<\/p>\n<p>&#13;<\/p>\n<p>\u00a0<\/p>\n<p>&#13;<\/p>\n<p><strong>Tu auras aussi des cartes \u00e0 jouer personnellement, d\u00e8s le Tour d\u2019Oman par exemple ?<\/strong><\/p>\n<p>&#13;<\/p>\n<p>Oui, l\u2019\u00e9quipe compte sur moi sur plusieurs courses, parfois dites secondaires, pour aller chercher des r\u00e9sultats. \u00c0 moi d\u2019en profiter et d\u2019essayer de faire une belle saison, avec un maximum de victoires.<\/p>\n<p>&#13;<\/p>\n<p>\u00a0<\/p>\n<p>&#13;<\/p>\n<p><strong>L\u2019absence de Grand Tour est-elle un choix strat\u00e9gique de l\u2019\u00e9quipe ou personnel ?<\/strong><\/p>\n<p>&#13;<\/p>\n<p>Un peu des deux. Je n\u2019ai pas forc\u00e9ment besoin de faire des Grands Tours. J\u2019aime \u00e7a, mais ce n\u2019est pas une n\u00e9cessit\u00e9 absolue pour moi. Comme j\u2019ai peu couru l\u2019an dernier, l\u2019objectif est surtout de se remettre le pied \u00e0 l\u2019\u00e9trier et de faire une saison compl\u00e8te, sans tout miser sur la pr\u00e9paration d\u2019un Grand Tour.\u00a0De toute fa\u00e7on, sur les Grands Tours, l\u2019\u00e9quipe joue souvent le classement g\u00e9n\u00e9ral, et je ne suis pas forc\u00e9ment le plus utile dans ce contexte. L\u2019organisation du calendrier se fait donc naturellement comme \u00e7a, et \u00e7a me convient bien.<\/p>\n<p>&#13;<\/p>\n<p>\u00a0<\/p>\n<p>&#13;<br \/>\nLouis Barr\u00e9 au micro de Cyclism&rsquo;Actu&#13;<\/p>\n<p style=\"text-align: center;\">\n<p>&#13;<\/p>\n<p>\u00a0<\/p>\n<p>&#13;<br \/>\n\u00ab\u00a0J\u2019ai beaucoup regard\u00e9 les courses \u00e0 la t\u00e9l\u00e9vision&#8230;\u00a0\u00bb&#13;<\/p>\n<p><strong>La saison 2025 \u00e9tait ta premi\u00e8re avec l\u2019\u00e9quipe. Quel bilan en tires-tu ?<\/strong><\/p>\n<p>&#13;<\/p>\n<p>J\u2019ai eu tr\u00e8s peu de jours de course en 2025. Seulement 28, ce n\u2019est vraiment pas beaucoup. C\u2019est la premi\u00e8re saison o\u00f9 je passe un peu au travers. J\u2019ai eu quelques blessures, dont une fracture d\u2019une vert\u00e8bre en mai, m\u00eame si ce n\u2019\u00e9tait pas forc\u00e9ment extr\u00eamement grave. Mais il y a aussi la philosophie de l\u2019\u00e9quipe, qui met la priorit\u00e9 sur la r\u00e9cup\u00e9ration.\u00a0Dans mon ancienne \u00e9quipe, j\u2019aurais sans doute forc\u00e9 un peu plus et couru davantage. Ici, l\u2019objectif est vraiment de s\u2019assurer que le corps r\u00e9cup\u00e8re correctement \u00e0 chaque fois.<\/p>\n<p>&#13;<\/p>\n<p>\u00a0<\/p>\n<p>&#13;<\/p>\n<p><strong>Comment as-tu v\u00e9cu cette situation mentalement ?<\/strong><\/p>\n<p>&#13;<\/p>\n<p>Ce n\u2019est pas toujours facile \u00e0 accepter. C\u2019est parfois frustrant. J\u2019ai beaucoup regard\u00e9 les courses \u00e0 la t\u00e9l\u00e9vision, j\u2019ai fait beaucoup de home trainer.\u00a0Mais sur le long terme, c\u2019est clairement le choix le plus sage. J\u2019esp\u00e8re maintenant pouvoir en r\u00e9colter les b\u00e9n\u00e9fices avec une belle saison 2026.<\/p>\n<p>&#13;<\/p>\n<p>\u00a0<\/p>\n<p>&#13;<\/p>\n<p><strong>Si tu devais cocher quelques objectifs forts cette saison, lesquels ressortent ?<\/strong><\/p>\n<p>&#13;<\/p>\n<p>L\u2019Amstel Gold Race est clairement un objectif. J\u2019y aurai un r\u00f4le attendu par l\u2019\u00e9quipe. C\u2019est une course que j\u2019aime beaucoup et o\u00f9 ma seule participation s\u2019\u00e9tait bien pass\u00e9e. C\u2019est probablement la classique qui me convient le mieux. Il y a aussi Paris-Nice, o\u00f9 j\u2019aurai des opportunit\u00e9s sur les sprints et certaines arriv\u00e9es punchy.\u00a0Globalement, mon calendrier sera orient\u00e9 pour que je sois souvent au moins \u00e9lectron libre. L\u2019objectif est d\u2019\u00eatre r\u00e9gulier, en forme toute la saison, et d\u2019aller chercher un maximum de r\u00e9sultats accessibles.<\/p>\n","protected":false},"excerpt":{"rendered":"Lire la suite de l&rsquo;article&#13; \u00a0 &#13; \u00ab\u00a0Pas de Grand Tour au programme\u00a0\u00bb&#13; Tu es actuellement en stage&hellip;\n","protected":false},"author":2,"featured_media":664685,"comment_status":"","ping_status":"","sticky":false,"template":"","format":"standard","meta":{"footnotes":""},"categories":[1411],"tags":[1154,207,211,1011,27,209,60,210,212,208,213],"class_list":{"0":"post-664684","1":"post","2":"type-post","3":"status-publish","4":"format-standard","5":"has-post-thumbnail","7":"category-cyclisme","8":"tag-cycling","9":"tag-cyclisme","10":"tag-ffc","11":"tag-fr","12":"tag-france","13":"tag-route","14":"tag-sports","15":"tag-tour-de-france","16":"tag-uci","17":"tag-velo","18":"tag-world-tour"},"share_on_mastodon":{"url":"https:\/\/pubeurope.com\/@fr\/115897644396209292","error":""},"_links":{"self":[{"href":"https:\/\/www.europesays.com\/fr\/wp-json\/wp\/v2\/posts\/664684","targetHints":{"allow":["GET"]}}],"collection":[{"href":"https:\/\/www.europesays.com\/fr\/wp-json\/wp\/v2\/posts"}],"about":[{"href":"https:\/\/www.europesays.com\/fr\/wp-json\/wp\/v2\/types\/post"}],"author":[{"embeddable":true,"href":"https:\/\/www.europesays.com\/fr\/wp-json\/wp\/v2\/users\/2"}],"replies":[{"embeddable":true,"href":"https:\/\/www.europesays.com\/fr\/wp-json\/wp\/v2\/comments?post=664684"}],"version-history":[{"count":0,"href":"https:\/\/www.europesays.com\/fr\/wp-json\/wp\/v2\/posts\/664684\/revisions"}],"wp:featuredmedia":[{"embeddable":true,"href":"https:\/\/www.europesays.com\/fr\/wp-json\/wp\/v2\/media\/664685"}],"wp:attachment":[{"href":"https:\/\/www.europesays.com\/fr\/wp-json\/wp\/v2\/media?parent=664684"}],"wp:term":[{"taxonomy":"category","embeddable":true,"href":"https:\/\/www.europesays.com\/fr\/wp-json\/wp\/v2\/categories?post=664684"},{"taxonomy":"post_tag","embeddable":true,"href":"https:\/\/www.europesays.com\/fr\/wp-json\/wp\/v2\/tags?post=664684"}],"curies":[{"name":"wp","href":"https:\/\/api.w.org\/{rel}","templated":true}]}}