{"id":664690,"date":"2026-01-15T06:16:18","date_gmt":"2026-01-15T06:16:18","guid":{"rendered":"https:\/\/www.europesays.com\/fr\/664690\/"},"modified":"2026-01-15T06:16:18","modified_gmt":"2026-01-15T06:16:18","slug":"en-espagne-une-maison-ecologique-entre-pinede-et-tour-de-gustave-eiffel","status":"publish","type":"post","link":"https:\/\/www.europesays.com\/fr\/664690\/","title":{"rendered":"En Espagne, une maison \u00e9cologique entre pin\u00e8de et tour de Gustave Eiffel"},"content":{"rendered":"<p><strong>\u00c0 \u00c1vila, une maison \u00e9cologique avec la durabilit\u00e9 comme mot d\u2019ordre et une tour de guet de Gustave Eiffel comme voisine<\/strong><\/p>\n<p>Dans une <a href=\"https:\/\/www.admagazine.fr\/article\/philippe-starck-cabane-pilotis-pinede\" target=\"_blank\" rel=\"noopener\">pin\u00e8de<\/a> de la localit\u00e9 de Navas del Marqu\u00e9s, \u00e0 \u00c1vila, se trouve un belv\u00e9d\u00e8re datant de la fin du XIXe si\u00e8cle, attribu\u00e9 historiquement \u00e0 Gustave Eiffel (1832-1923), qui sert aujourd\u2019hui de romantique point de vue sur la Sierra de Gredos. C\u2019est le seul b\u00e2timent de cette \u00e9poque qui subsiste du complexe comprenant un lac, un jardin botanique, un th\u00e9\u00e2tre, des fontaines et un <a href=\"https:\/\/www.admagazine.fr\/article\/chalet-ancien-champion-monde-ski-saint-moritz\" target=\"_blank\" rel=\"noopener\">chalet<\/a>, construit il y a plus de 100 ans par la duchesse de Medinaceli dans ce lieu. C\u2019est un endroit privil\u00e9gi\u00e9, luxuriant, riche en v\u00e9g\u00e9tation et en faune, qui entretient un lien particulier avec les habitants et qui accueille aujourd\u2019hui Camp Alliances, une construction contemporaine des architectes Ignacio G. Gal\u00e1n y Ozaeta-Fidalgo (l\u2019agence fond\u00e9e par \u00c1lvaro M. Fidalgo et Arantza Ozaeta) qui se veut respectueux de cette for\u00eat de pins r\u00e9sineux qui a tant s\u00e9duit l\u2019aristocrate.<\/p>\n<p><img decoding=\"async\" alt=\"Casa verde moderna\" loading=\"lazy\" class=\"ResponsiveImageContainer-eNxvmU cfBbTk responsive-image__image\"   src=\"https:\/\/www.europesays.com\/fr\/wp-content\/uploads\/2026\/01\/IGG-OF_Camp-Alliances_01.jpeg\"\/><\/p>\n<p>Bienvenue \u00e0 Camp Alliances, un joyau contemporain de l\u2019<a href=\"https:\/\/www.admagazine.fr\/article\/architecture-durable-batiments-respectueux-planete\" target=\"_blank\" rel=\"noopener\">architecture durable<\/a> con\u00e7u par Ignacio G. Gal\u00e1n et Ozaeta-Fidalgo.<\/p>\n<p>\u00a9 Miguel de Guzm\u00e1n, imagen subliminalUne architecture durable et ing\u00e9nieuse<\/p>\n<p>Dans une clairi\u00e8re du bosquet, les propri\u00e9taires ont souhait\u00e9 construire cette maison \u00e9cologique pour passer du temps en famille et continuer \u00e0 nourrir leurs souvenirs d\u2019enfance entre grenouilles, promenades et ruisseaux. Les architectes ont \u00e9t\u00e9 charg\u00e9s de cr\u00e9er une structure aussi durable que possible et peu invasive pour l\u2019\u00e9cosyst\u00e8me. Le r\u00e9sultat est un volume compact, non seulement pour r\u00e9duire les transferts de chaleur pendant les hivers froids et les \u00e9t\u00e9s chauds du climat local, mais aussi pour att\u00e9nuer l\u2019impact du <a href=\"https:\/\/www.admagazine.fr\/article\/10-concepts-comprendre-architecture\" target=\"_blank\" rel=\"noopener\">b\u00e2timent<\/a> sur la continuit\u00e9 de la masse arbor\u00e9e. \u00ab Nous avons minimis\u00e9 le contact avec la surface afin d\u2019\u00e9viter que la construction n\u2019affecte les courants d\u2019eau souterrains, car cela finit par influencer \u00e9galement la v\u00e9g\u00e9tation environnante \u00bb, expliquent les architectes.<\/p>\n<p><img decoding=\"async\" alt=\"Porche de casa moderna sobre los rboles\" loading=\"lazy\" class=\"ResponsiveImageContainer-eNxvmU cfBbTk responsive-image__image\"   src=\"https:\/\/www.europesays.com\/fr\/wp-content\/uploads\/2026\/01\/IGG-OF_Camp-Alliances_10.jpeg\"\/><\/p>\n<p>La terrasse incurv\u00e9e est recouverte d\u2019un sol en bambou et d\u2019un rev\u00eatement en b\u00e9ton coffr\u00e9 \u00e0 l\u2019aide de planches. Elle est sur\u00e9lev\u00e9e afin d\u2019offrir une vue imprenable sur la pin\u00e8de et permet \u00e0 la lumi\u00e8re de p\u00e9n\u00e9trer dans la maison \u00e0 travers les <a href=\"https:\/\/www.admagazine.fr\/article\/patios-architectes-inspirer-ete\" target=\"_blank\" rel=\"noopener\">patios<\/a> int\u00e9rieurs, o\u00f9 de la v\u00e9g\u00e9tation a \u00e9galement \u00e9t\u00e9 int\u00e9gr\u00e9e.<\/p>\n<p>\u00a9 Miguel de Guzm\u00e1nLa richesse de la for\u00eat<\/p>\n<p>Les piliers dor\u00e9s en forme de V, qui g\u00e9n\u00e8rent moins d\u2019empreinte au sol, sont une autre des solutions de cette maison verte qui est, en outre, sur\u00e9lev\u00e9e pour permettre de profiter pleinement de la verdure de la pin\u00e8de depuis n\u2019importe quelle fa\u00e7ade. Pour que l\u2019int\u00e9gration soit totale, Ignacio G. Gal\u00e1n et Ozaeta-Fidalgo ont travaill\u00e9 avec l\u2019agence paysagiste madril\u00e8ne Ambienta Paisajismo. Il fallait que la grande <a href=\"https:\/\/www.admagazine.fr\/article\/amenager-terrasse-hiver-conseils\" target=\"_blank\" rel=\"noopener\">terrasse<\/a> incurv\u00e9e avec son sol en bambou serve d\u2019amortisseur environnemental, ainsi que d\u2019espace de socialisation avec les formes de vie qui entourent le b\u00e2timent. \u00ab Nous devions relier la maison \u00e0 l\u2019\u00e9cosyst\u00e8me environnant, prot\u00e9ger non seulement les pins, mais aussi les ch\u00eanes verts et les ch\u00eanes qui se trouvent sur le terrain ; nous voulions que depuis la terrasse, au lieu de se pencher sur la masse arbor\u00e9e comme c\u2019est le cas avec la petite <a href=\"https:\/\/www.admagazine.fr\/galerie\/creations-geniales-gustave-eiffel\" target=\"_blank\" rel=\"noopener\">tour Eiffel<\/a> voisine, on puisse participer \u00e0 la richesse de la for\u00eat \u00bb, expliquent-ils, ajoutant qu\u2019\u00ab il y a un lien \u00e9troit entre les d\u00e9cisions architecturales et l\u2019utilisation de la v\u00e9g\u00e9tation \u00bb.<\/p>\n","protected":false},"excerpt":{"rendered":"\u00c0 \u00c1vila, une maison \u00e9cologique avec la durabilit\u00e9 comme mot d\u2019ordre et une tour de guet de Gustave&hellip;\n","protected":false},"author":2,"featured_media":664691,"comment_status":"","ping_status":"","sticky":false,"template":"","format":"standard","meta":{"footnotes":""},"categories":[1358],"tags":[13382,1348,1384,1385,1386,58,51,59,123,1011,27],"class_list":{"0":"post-664690","1":"post","2":"type-post","3":"status-publish","4":"format-standard","5":"has-post-thumbnail","7":"category-arts-et-design","8":"tag-architecture-et-nature","9":"tag-arts","10":"tag-arts-and-design","11":"tag-arts-et-design","12":"tag-design","13":"tag-divertissement","14":"tag-ecologie","15":"tag-entertainment","16":"tag-espagne","17":"tag-fr","18":"tag-france"},"share_on_mastodon":{"url":"https:\/\/pubeurope.com\/@fr\/115897655883857241","error":""},"_links":{"self":[{"href":"https:\/\/www.europesays.com\/fr\/wp-json\/wp\/v2\/posts\/664690","targetHints":{"allow":["GET"]}}],"collection":[{"href":"https:\/\/www.europesays.com\/fr\/wp-json\/wp\/v2\/posts"}],"about":[{"href":"https:\/\/www.europesays.com\/fr\/wp-json\/wp\/v2\/types\/post"}],"author":[{"embeddable":true,"href":"https:\/\/www.europesays.com\/fr\/wp-json\/wp\/v2\/users\/2"}],"replies":[{"embeddable":true,"href":"https:\/\/www.europesays.com\/fr\/wp-json\/wp\/v2\/comments?post=664690"}],"version-history":[{"count":0,"href":"https:\/\/www.europesays.com\/fr\/wp-json\/wp\/v2\/posts\/664690\/revisions"}],"wp:featuredmedia":[{"embeddable":true,"href":"https:\/\/www.europesays.com\/fr\/wp-json\/wp\/v2\/media\/664691"}],"wp:attachment":[{"href":"https:\/\/www.europesays.com\/fr\/wp-json\/wp\/v2\/media?parent=664690"}],"wp:term":[{"taxonomy":"category","embeddable":true,"href":"https:\/\/www.europesays.com\/fr\/wp-json\/wp\/v2\/categories?post=664690"},{"taxonomy":"post_tag","embeddable":true,"href":"https:\/\/www.europesays.com\/fr\/wp-json\/wp\/v2\/tags?post=664690"}],"curies":[{"name":"wp","href":"https:\/\/api.w.org\/{rel}","templated":true}]}}