{"id":664705,"date":"2026-01-15T06:25:12","date_gmt":"2026-01-15T06:25:12","guid":{"rendered":"https:\/\/www.europesays.com\/fr\/664705\/"},"modified":"2026-01-15T06:25:12","modified_gmt":"2026-01-15T06:25:12","slug":"le-reseau-social-x-restreint-grok-sur-la-generation-dimages-denudees-de-personnes-reelles","status":"publish","type":"post","link":"https:\/\/www.europesays.com\/fr\/664705\/","title":{"rendered":"Le r\u00e9seau social X restreint Grok sur la g\u00e9n\u00e9ration d\u2019images d\u00e9nud\u00e9es de personnes r\u00e9elles"},"content":{"rendered":"<p>                      <img loading=\"lazy\" decoding=\"async\" src=\"https:\/\/www.europesays.com\/fr\/wp-content\/uploads\/2026\/01\/132aa04_ftp-1-bd3kxepj9t9a-2026-01-14t165636z-1897282979-rc221jaq7zzt-rtrmadp-3-xai-grok-britain.JPG\" alt=\"Un camion arborant un message contre Grok et X en raison des contenus IA p\u00e9dopornographiques pr\u00e9sents sur la plateforme, \u00e0\u00a0Londres, le 14\u00a0janvier\u00a02026.\"   width=\"664\" height=\"443\"\/>    Un camion arborant un message contre Grok et X en raison des contenus IA p\u00e9dopornographiques pr\u00e9sents sur la plateforme, \u00e0\u00a0Londres, le 14\u00a0janvier\u00a02026.  MAJA SMIEJKOWSKA\/REUTERS                            <\/p>\n<p class=\"article__paragraph  \">Le r\u00e9seau social X a annonc\u00e9, mercredi 14\u00a0janvier, avoir d\u00e9ploy\u00e9 des mesures pour \u00ab\u00a0emp\u00eacher\u00a0\u00bb son outil d\u2019intelligence artificielle (IA) Grok de \u00ab\u00a0d\u00e9shabiller\u00a0\u00bb des \u00ab\u00a0personnes r\u00e9elles\u00a0\u00bb en r\u00e9ponse \u00e0 une vague d\u2019indignation mondiale et \u00e0 la pression d\u2019autorit\u00e9s de plusieurs pays.<\/p>\n<p>                                              Lire aussi |  Article r\u00e9serv\u00e9 \u00e0 nos abonn\u00e9s  <a href=\"https:\/\/www.lemonde.fr\/pixels\/article\/2026\/01\/05\/la-moitie-des-images-generees-par-l-ia-grok-pendant-les-fetes-representaient-des-personnes-partiellement-denudees_6660641_4408996.html\" class=\"js-article-read-also catcher--favoris__link\" data-premium=\"1\" id=\"article-title-3453327\" target=\"_blank\" rel=\"noopener\">IA Grok\u00a0: la moiti\u00e9 des images g\u00e9n\u00e9r\u00e9es pendant les f\u00eates repr\u00e9sentaient des personnes partiellement d\u00e9nud\u00e9es<\/a>    <\/p>\n<p>   Lire plus tard  <\/p>\n<p class=\"article__paragraph  \">\u00ab\u00a0Nous avons mis en place des mesures technologiques pour emp\u00eacher le compte Grok de permettre l\u2019\u00e9dition d\u2019images de personnes r\u00e9elles dans des tenues r\u00e9v\u00e9latrices, comme des bikinis\u00a0\u00bb, explique le r\u00e9seau social d\u2019Elon Musk dans un message publi\u00e9 sur la plateforme.<\/p>\n<p class=\"article__paragraph  \">\u00ab\u00a0Cette restriction s\u2019applique \u00e0 tous les utilisateurs, <a href=\"https:\/\/www.lemonde.fr\/pixels\/article\/2026\/01\/09\/l-ia-grok-propose-desormais-de-payer-pour-denuder-les-utilisateurs-sur-x-avec-ou-sans-consentement_6661210_4408996.html\" target=\"_blank\" rel=\"noopener\">y compris les abonn\u00e9s payants<\/a>\u00a0\u00bb, est-il ajout\u00e9, alors que, depuis le 9\u00a0janvier, la g\u00e9n\u00e9ration d\u2019images avec Grok, l\u2019assistant IA d\u00e9velopp\u00e9 par xAI, avait \u00e9t\u00e9 limit\u00e9e aux seuls abonn\u00e9s payants, une mesure toutefois jug\u00e9e insuffisante selon de nombreuses critiques.<\/p>\n<p class=\"article__paragraph  \">Le message de la plateforme laisse n\u00e9anmoins planer une incertitude puisqu\u2019il pr\u00e9cise ensuite appliquer un \u00ab\u00a0blocage g\u00e9ographique\u00a0\u00bb l\u00e0 o\u00f9 la loi l\u2019exige.<\/p>\n<p>                      Ouverture d\u2019enqu\u00eates judiciaires                      <\/p>\n<p class=\"article__paragraph  \">La plateforme avait affirm\u00e9, d\u00e9but janvier, \u00ab\u00a0prendre des mesures contre les contenus ill\u00e9gaux\u00a0\u00bb, notamment p\u00e9dopornographiques, \u00ab\u00a0en les supprimant, en suspendant d\u00e9finitivement les comptes et en collaborant avec les autorit\u00e9s locales\u00a0\u00bb.<\/p>\n<p class=\"article__paragraph  \">Mais elle \u00e9tait rest\u00e9e silencieuse ensuite malgr\u00e9 la multiplication des protestations officielles et l\u2019ouverture d\u2019enqu\u00eates judiciaires ou administratives.<\/p>\n<p class=\"article__paragraph  \">La Commission europ\u00e9enne avait, en effet, d\u00e9clar\u00e9, jeudi 8\u00a0janvier, avoir <a href=\"https:\/\/www.lemonde.fr\/pixels\/article\/2026\/01\/08\/apres-le-scandale-des-images-sexuelles-de-mineurs-generees-par-l-ia-d-elon-musk-l-ue-impose-a-x-une-mesure-conservatoire-a-propos-de-grok_6661021_4408996.html?search-type=classic&amp;ise_click_rank=4\" target=\"_blank\" rel=\"noopener\">impos\u00e9 \u00e0 X une mesure conservatoire<\/a>, suivie par l\u2019Ofcom, l\u2019autorit\u00e9 r\u00e9gulatrice des t\u00e9l\u00e9communications au\u00a0Royaume-Uni, qui avait annonc\u00e9, lundi 12\u00a0janvier, l\u2019ouverture d\u2019une \u00ab\u00a0enqu\u00eate formelle\u00a0\u00bb visant le r\u00e9seau social X \u00ab\u00a0<a href=\"https:\/\/www.lemonde.fr\/pixels\/article\/2026\/01\/12\/generation-d-images-denudees-sur-x-l-ia-grok-visee-par-le-regulateur-britannique_6661502_4408996.html?search-type=classic&amp;ise_click_rank=1\" target=\"_blank\" rel=\"noopener\">concernant des images \u00e0 caract\u00e8re sexuel diffus\u00e9es<\/a>\u00a0\u00bb par son assistant d\u2019intelligence artificielle.<\/p>\n<p>                      \u00ab\u00a0Nous ne reculerons pas\u00a0\u00bb                      <\/p>\n<p class=\"article__paragraph  \">L\u2019Union europ\u00e9enne (UE) et le Royaume-Uni ont salu\u00e9, mercredi, mais avec prudence, ces mesures suppl\u00e9mentaires annonc\u00e9es par X, peu de temps avant qu\u2019elles soient rendues publiques et d\u00e9taill\u00e9es.<\/p>\n<p> Newsletter  <\/p>\n<p> <a href=\"https:\/\/www.lemonde.fr\/newsletters\/pixels\/\" class=\"inread__link js-services-inread-link\" target=\"_blank\" rel=\"noopener\">  <\/p>\n<p>\u00ab Pixels \u00bb<\/p>\n<p>Votre vigie du num\u00e9rique : communaut\u00e9s en ligne, cybers\u00e9curit\u00e9, jeux vid\u00e9o, intelligence artificielle\u2026<\/p>\n<p>S&rsquo;inscrire<\/p>\n<p> <\/a>          <\/p>\n<p> Le Monde Jeux   <\/p>\n<p> <a href=\"https:\/\/jeux.lemonde.fr\/?inread\" class=\"inread__link js-services-inread-link\" target=\"_blank\" rel=\"noopener\">  <\/p>\n<p>Chaque jour de nouvelles grilles de mots crois\u00e9s, Sudoku et mots trouv\u00e9s.<\/p>\n<p>Jouer<\/p>\n<p> <\/a>      <\/p>\n<p> Newsletter  <\/p>\n<p> <a href=\"https:\/\/www.lemonde.fr\/newsletters\/pixels\/\" class=\"inread__link js-services-inread-link\" target=\"_blank\" rel=\"noopener\">  <\/p>\n<p>\u00ab Pixels \u00bb<\/p>\n<p>Votre vigie du num\u00e9rique : communaut\u00e9s en ligne, cybers\u00e9curit\u00e9, jeux vid\u00e9o, intelligence artificielle\u2026<\/p>\n<p>S&rsquo;inscrire<\/p>\n<p> <\/a>      <\/p>\n<p> Le Monde  <\/p>\n<p> <a href=\"https:\/\/www.lemonde.fr\/climat\/meteo\/?lmd_medium=display&amp;lmd_campaign=not_edito_lmfr&amp;lmd_creation=autre&amp;lmd_format=inread&amp;lmd_source=autopromo\" class=\"inread__link js-services-inread-link\" target=\"_blank\" rel=\"noopener\">  <\/p>\n<p>\u00ab La M\u00e9t\u00e9o du Climat \u00bb<\/p>\n<p>Explorez notre portail m\u00e9t\u00e9o et plongez dans nos analyses pour mieux d\u00e9crypter le climat d\u2019aujourd\u2019hui et de demain.<\/p>\n<p>D\u00e9couvrir<\/p>\n<p> <\/a>          <\/p>\n<p> Le Monde  <\/p>\n<p> <a href=\"https:\/\/abo.lemonde.fr\/offre-tarifs-reduits?lmd_medium=display&amp;lmd_campaign=723\" class=\"inread__link js-services-inread-link\" target=\"_blank\" rel=\"noopener\">  <\/p>\n<p>Offre sp\u00e9ciale \u00e9tudiants et enseignants<\/p>\n<p>Acc\u00e9dez \u00e0 tous nos contenus en illimit\u00e9 \u00e0 partir de 6,99 \u20ac\/mois au lieu de 12,99\u20ac.<\/p>\n<p>S&rsquo;abonner<\/p>\n<p> <\/a>      <\/p>\n<p> Newsletter  <\/p>\n<p> <a href=\"https:\/\/www.lemonde.fr\/newsletters\/pixels\/\" class=\"inread__link js-services-inread-link\" target=\"_blank\" rel=\"noopener\">  <\/p>\n<p>\u00ab Pixels \u00bb<\/p>\n<p>Votre vigie du num\u00e9rique : communaut\u00e9s en ligne, cybers\u00e9curit\u00e9, jeux vid\u00e9o, intelligence artificielle\u2026<\/p>\n<p>S&rsquo;inscrire<\/p>\n<p> <\/a>      <\/p>\n<p> Le Monde  <\/p>\n<p> <a href=\"https:\/\/www.lemonde.fr\/climat\/meteo\/?lmd_medium=display&amp;lmd_campaign=not_edito_lmfr&amp;lmd_creation=autre&amp;lmd_format=inread&amp;lmd_source=autopromo\" class=\"inread__link js-services-inread-link\" target=\"_blank\" rel=\"noopener\">  <\/p>\n<p>\u00ab La M\u00e9t\u00e9o du Climat \u00bb<\/p>\n<p>Explorez notre portail m\u00e9t\u00e9o et plongez dans nos analyses pour mieux d\u00e9crypter le climat d\u2019aujourd\u2019hui et de demain.<\/p>\n<p>D\u00e9couvrir<\/p>\n<p> <\/a>             <\/p>\n<p class=\"article__paragraph  \">\u00ab\u00a0Nous prenons acte des mesures suppl\u00e9mentaires adopt\u00e9es par X\u00a0\u00bb et \u00ab\u00a0nous \u00e9valuerons attentivement ces changements afin de nous assurer qu\u2019ils prot\u00e8gent efficacement les citoyens de l\u2019UE\u00a0\u00bb, avait d\u00e9clar\u00e9 Thomas Regnier, un porte-parole de la Commission europ\u00e9enne. \u00ab\u00a0Si ces changements n\u2019\u00e9taient pas effectifs, la Commission n\u2019h\u00e9siterait pas \u00e0 utiliser tout\u00a0\u00bb son arsenal l\u00e9gislatif, qui lui permet d\u2019infliger des astreintes financi\u00e8res, voire de suspendre le r\u00e9seau social sur le sol europ\u00e9en, a ajout\u00e9 le porte-parole.<\/p>\n<p class=\"article__paragraph  \">\u00ab\u00a0J\u2019ai \u00e9t\u00e9 inform\u00e9 ce matin que X agit pour assurer une totale conformit\u00e9 avec la l\u00e9gislation britannique\u00a0\u00bb, avait d\u00e9clar\u00e9, avant lui, le premier ministre britannique, Keir Starmer, devant son Parlement. \u00ab\u00a0Si c\u2019est le cas, c\u2019est une bonne chose, mais nous ne reculerons pas et ils doivent agir\u00a0\u00bb, avait mis en garde le travailliste, rappelant que l\u2019enqu\u00eate ind\u00e9pendante ouverte lundi se\u00a0poursuivait.<\/p>\n<p>                                         Lire aussi |  <a href=\"https:\/\/www.lemonde.fr\/pixels\/article\/2026\/01\/08\/apres-le-scandale-des-images-sexuelles-de-mineurs-generees-par-l-ia-d-elon-musk-l-ue-impose-a-x-une-mesure-conservatoire-a-propos-de-grok_6661021_4408996.html\" class=\"js-article-read-also catcher--favoris__link\" data-premium=\"\" id=\"article-title-3453835\" target=\"_blank\" rel=\"noopener\">Grok\u00a0: l\u2019UE acc\u00e9l\u00e8re son enqu\u00eate sur l\u2019IA du r\u00e9seau social X, d\u00e9tourn\u00e9e pour d\u00e9nuder des femmes et des mineurs<\/a>    <\/p>\n<p>   Lire plus tard  <\/p>\n<p>                            \u00ab\u00a0Tol\u00e9rance z\u00e9ro\u00a0\u00bb                      <\/p>\n<p class=\"article__paragraph  \">Selon une analyse la semaine derni\u00e8re de l\u2019ONG AI Forensics, r\u00e9alis\u00e9e sur plus de 20\u00a0000 images g\u00e9n\u00e9r\u00e9es par Grok, plus de la moiti\u00e9 repr\u00e9sentaient des personnes l\u00e9g\u00e8rement v\u00eatues, dont 81\u00a0% \u00e9taient des femmes et 2\u00a0% paraissaient mineures. Vingt-huit ONG ont sign\u00e9 mercredi l\u2019appel de l\u2019association f\u00e9ministe Ultraviolet \u00e0 ce que Google et Apple retirent Grok et X de leurs boutiques d\u2019applications.<\/p>\n<p class=\"article__paragraph  \">Le procureur g\u00e9n\u00e9ral de Californie, Rob Bonta, un \u00e9lu d\u00e9mocrate hostile aux vell\u00e9it\u00e9s de l\u2019administration Trump d\u2019emp\u00eacher la r\u00e9gulation de l\u2019IA, a d\u00e9clar\u00e9, mercredi, exhorter \u00ab\u00a0xAI \u00e0 prendre des mesures imm\u00e9diates pour que cela ne se reproduise plus\u00a0\u00bb, annon\u00e7ant lancer sa propre enqu\u00eate \u00ab\u00a0afin de d\u00e9terminer si, et comment, xAI a viol\u00e9 la loi\u00a0\u00bb.<\/p>\n<p class=\"article__paragraph  \">Le procureur, qui brigue sa r\u00e9\u00e9lection en novembre pour un second mandat, d\u00e9fend \u00ab\u00a0une tol\u00e9rance z\u00e9ro pour la cr\u00e9ation et la diffusion par l\u2019IA d\u2019images intimes non consenties ou de mat\u00e9riel p\u00e9dopornographique\u00a0\u00bb.<\/p>\n<p class=\"article__paragraph  \">\u00ab\u00a0Le principe de fonctionnement de Grok est de respecter les lois de chaque pays et chaque Etat\u00a0\u00bb, a \u00e9crit, mercredi, Elon Musk sur X, le multimilliardaire assurant qu\u2019il \u00ab\u00a0peut arriver que des tentatives de piratage malveillant entra\u00eenent un comportement inattendu. Le cas \u00e9ch\u00e9ant, nous corrigeons le bug imm\u00e9diatement\u00a0\u00bb.<\/p>\n<p class=\"article__paragraph  \">M.\u00a0Musk, qui s\u2019exprime publiquement tous les jours sur X, d\u00e9nonce r\u00e9guli\u00e8rement les mesures de r\u00e9gulation prises par les gouvernements, les accusant de vouloir \u00ab\u00a0supprimer la libert\u00e9 d\u2019expression\u00a0\u00bb. Il s\u2019\u00e9tait d\u00e9j\u00e0 d\u00e9fendu la semaine derni\u00e8re dans un message post\u00e9 sur sa plateforme, d\u00e9clarant que toute personne utilisant Grok pour \u00ab\u00a0cr\u00e9er du contenu ill\u00e9gal subira les m\u00eames cons\u00e9quences que si elle mettait en ligne du contenu ill\u00e9gal\u00a0\u00bb.<\/p>\n<p class=\"author__detail\">  Le Monde avec AFP  <\/p>\n","protected":false},"excerpt":{"rendered":"Un camion arborant un message contre Grok et X en raison des contenus IA p\u00e9dopornographiques pr\u00e9sents sur la&hellip;\n","protected":false},"author":2,"featured_media":664706,"comment_status":"","ping_status":"","sticky":false,"template":"","format":"standard","meta":{"footnotes":""},"categories":[6],"tags":[35,33,34,1011,27],"class_list":{"0":"post-664705","1":"post","2":"type-post","3":"status-publish","4":"format-standard","5":"has-post-thumbnail","7":"category-economie","8":"tag-business","9":"tag-economie","10":"tag-economy","11":"tag-fr","12":"tag-france"},"share_on_mastodon":{"url":"https:\/\/pubeurope.com\/@fr\/115897691270883613","error":""},"_links":{"self":[{"href":"https:\/\/www.europesays.com\/fr\/wp-json\/wp\/v2\/posts\/664705","targetHints":{"allow":["GET"]}}],"collection":[{"href":"https:\/\/www.europesays.com\/fr\/wp-json\/wp\/v2\/posts"}],"about":[{"href":"https:\/\/www.europesays.com\/fr\/wp-json\/wp\/v2\/types\/post"}],"author":[{"embeddable":true,"href":"https:\/\/www.europesays.com\/fr\/wp-json\/wp\/v2\/users\/2"}],"replies":[{"embeddable":true,"href":"https:\/\/www.europesays.com\/fr\/wp-json\/wp\/v2\/comments?post=664705"}],"version-history":[{"count":0,"href":"https:\/\/www.europesays.com\/fr\/wp-json\/wp\/v2\/posts\/664705\/revisions"}],"wp:featuredmedia":[{"embeddable":true,"href":"https:\/\/www.europesays.com\/fr\/wp-json\/wp\/v2\/media\/664706"}],"wp:attachment":[{"href":"https:\/\/www.europesays.com\/fr\/wp-json\/wp\/v2\/media?parent=664705"}],"wp:term":[{"taxonomy":"category","embeddable":true,"href":"https:\/\/www.europesays.com\/fr\/wp-json\/wp\/v2\/categories?post=664705"},{"taxonomy":"post_tag","embeddable":true,"href":"https:\/\/www.europesays.com\/fr\/wp-json\/wp\/v2\/tags?post=664705"}],"curies":[{"name":"wp","href":"https:\/\/api.w.org\/{rel}","templated":true}]}}