{"id":664713,"date":"2026-01-15T06:31:12","date_gmt":"2026-01-15T06:31:12","guid":{"rendered":"https:\/\/www.europesays.com\/fr\/664713\/"},"modified":"2026-01-15T06:31:12","modified_gmt":"2026-01-15T06:31:12","slug":"en-cas-de-triangulaire-on-gagne-la-ville-de-saint-etienne","status":"publish","type":"post","link":"https:\/\/www.europesays.com\/fr\/664713\/","title":{"rendered":"\u00ab\u00a0En cas de triangulaire, on gagne la ville de Saint-\u00c9tienne \u00bb"},"content":{"rendered":"<blockquote class=\"question\"><p>Le RN se donne pour ambition de gagner de nombreuses villes. Selon vous, Saint-Etienne peut-elle \u00eatre gagnable pour le RN\u00a0?<\/p><\/blockquote>\n<p>\u00ab\u00a0Tout \u00e0 fait. \u00c0 Saint-Etienne, on fait de tr\u00e8s bons scores aux europ\u00e9ennes en juin\u00a02024 (<a href=\"https:\/\/www.leprogres.fr\/p\/jordan-bardella\" target=\"_blank\" rel=\"noopener\">Jordan Bardella<\/a> avait fait obtenu 24,65\u00a0%) et aux l\u00e9gislatives. On ne conna\u00eet pas encore la configuration du second tour mais en cas de triangulaire, et a fortiori de quadrangulaire, on gagne la ville.\u00a0\u00bb<\/p>\n<blockquote class=\"question\"><p>La candidate RN Sophie Robert n\u2019avait pourtant pas atteint les 10\u00a0% aux municipales en 2020. Qu\u2019est ce qui vous rend optimiste cette fois-ci\u00a0?<\/p><\/blockquote>\n<p>\u00ab\u00a0Depuis quatre ans que je milite en politique dans la Loire, je suis tr\u00e8s agr\u00e9ablement surpris par l\u2019accueil qui nous est r\u00e9serv\u00e9 aussi bien dans un cadre public, comme sur les march\u00e9s, que dans le cadre un peu plus formel comme avec des chefs d\u2019entreprise, des associations. Avant, je sentais une forme de timidit\u00e9 dans ce type de cercles. D\u2019ailleurs, <a href=\"https:\/\/www.leprogres.fr\/elections\/2026\/01\/06\/l-ex-patron-du-medef-veut-peser-dans-les-municipales-on-ne-peut-pas-laisser-saint-etienne-se-pauperiser-ainsi\" target=\"_blank\" rel=\"noopener\">l\u2019ancien chef du Medef Loire a dit que nous faisions partie des listes int\u00e9ressantes<\/a>. On&#8230;<\/p>\n","protected":false},"excerpt":{"rendered":"Le RN se donne pour ambition de gagner de nombreuses villes. Selon vous, Saint-Etienne peut-elle \u00eatre gagnable pour&hellip;\n","protected":false},"author":2,"featured_media":664714,"comment_status":"","ping_status":"","sticky":false,"template":"","format":"standard","meta":{"footnotes":""},"categories":[9653],"tags":[1111,11,2430,7539,4188,1777,674,1011,27,3367,12,316,25,4001,7538],"class_list":{"0":"post-664713","1":"post","2":"type-post","3":"status-publish","4":"format-standard","5":"has-post-thumbnail","7":"category-saint-etienne","8":"tag-actu","9":"tag-actualites","10":"tag-auvergne-rhone-alpes","11":"tag-edition-loire-sud","12":"tag-elections-municipales","13":"tag-eu","14":"tag-europe","15":"tag-fr","16":"tag-france","17":"tag-loire","18":"tag-news","19":"tag-politique","20":"tag-republique-francaise","21":"tag-saint-etienne","22":"tag-saint-etienne-ville"},"share_on_mastodon":{"url":"https:\/\/pubeurope.com\/@fr\/115897714991908716","error":""},"_links":{"self":[{"href":"https:\/\/www.europesays.com\/fr\/wp-json\/wp\/v2\/posts\/664713","targetHints":{"allow":["GET"]}}],"collection":[{"href":"https:\/\/www.europesays.com\/fr\/wp-json\/wp\/v2\/posts"}],"about":[{"href":"https:\/\/www.europesays.com\/fr\/wp-json\/wp\/v2\/types\/post"}],"author":[{"embeddable":true,"href":"https:\/\/www.europesays.com\/fr\/wp-json\/wp\/v2\/users\/2"}],"replies":[{"embeddable":true,"href":"https:\/\/www.europesays.com\/fr\/wp-json\/wp\/v2\/comments?post=664713"}],"version-history":[{"count":0,"href":"https:\/\/www.europesays.com\/fr\/wp-json\/wp\/v2\/posts\/664713\/revisions"}],"wp:featuredmedia":[{"embeddable":true,"href":"https:\/\/www.europesays.com\/fr\/wp-json\/wp\/v2\/media\/664714"}],"wp:attachment":[{"href":"https:\/\/www.europesays.com\/fr\/wp-json\/wp\/v2\/media?parent=664713"}],"wp:term":[{"taxonomy":"category","embeddable":true,"href":"https:\/\/www.europesays.com\/fr\/wp-json\/wp\/v2\/categories?post=664713"},{"taxonomy":"post_tag","embeddable":true,"href":"https:\/\/www.europesays.com\/fr\/wp-json\/wp\/v2\/tags?post=664713"}],"curies":[{"name":"wp","href":"https:\/\/api.w.org\/{rel}","templated":true}]}}