{"id":664719,"date":"2026-01-15T06:35:10","date_gmt":"2026-01-15T06:35:10","guid":{"rendered":"https:\/\/www.europesays.com\/fr\/664719\/"},"modified":"2026-01-15T06:35:10","modified_gmt":"2026-01-15T06:35:10","slug":"municipales-2026-a-toulon-laure-lavalette-lance-officiellement-sa-campagne","status":"publish","type":"post","link":"https:\/\/www.europesays.com\/fr\/664719\/","title":{"rendered":"Municipales 2026 \u00e0 Toulon\u00a0: Laure Lavalette lance officiellement sa campagne"},"content":{"rendered":"<p>Apr\u00e8s avoir annonc\u00e9 officiellement sa candidature \u00e0 la mairie de Toulon mardi 6 janvier, Laure Lavalette organisait hier, mercredi 14 janvier, son <strong>premier meeting de campagne <\/strong>au Palais Neptune.\u00a0\u00ab\u00a0Merci de votre pr\u00e9sence si nombreuse\u00a0\u00bb\u00a0lance la candidate selon qui <strong>plus de 1 500 sympathisants<\/strong> ont r\u00e9pondu \u00e0 l&rsquo;appel.<\/p>\n<p>Les grandes lignes de son programme<\/p>\n<p>La d\u00e9put\u00e9e RN de la 2e\u00a0circonscription du Var d\u00e9voile les grandes lignes de son programme\u00a0: <strong>la s\u00e9curit\u00e9, premi\u00e8re des priorit\u00e9s<\/strong> avec le recrutement d&rsquo;une soixantaine de policiers municipaux, un plan de r\u00e9fection des routes et trottoirs, la climatisation des \u00e9coles ou encore la<strong> cr\u00e9ation d&rsquo;un centre de la mer <\/strong>o\u00f9 se m\u00ealeraient expositions, salles \u00e0 th\u00e8me sur le pass\u00e9, le pr\u00e9sent et l&rsquo;avenir de la rade ainsi qu&rsquo;un aquarium. Avec en fil rouge une plus grande participation des habitants.<\/p>\n<p>\u00ab\u00a0Il est temps que les d\u00e9cisions du quotidien soient prises en pleine concertation avec vous. J&rsquo;organiserai, comme je le fais d\u00e9j\u00e0 dans le cadre de mon mandat des d\u00e9put\u00e9s, <strong>des consultations dans tous les quartiers<\/strong> pour recueillir vos dol\u00e9ances et vos id\u00e9es. Sur le mod\u00e8le de ce qui r\u00e9ussit ailleurs, nous lancerons d\u00e8s les premiers mois <strong>une application pour vous permettre de vous exprimer<\/strong>, de nous signaler un manque, une nuisance et qui simplifiera l&rsquo;action des services d&rsquo;intervention\u00a0\u00bb.<\/p>\n<p>Laure Lavalette d\u00e9voile les 15 premiers noms de sa liste<\/p>\n<p>La candidate promet un referendum municipal sur les transports en commun\u00a0: tramway, BHNS, RER m\u00e9tropolitain ou m\u00e9tro. Pour rappel, <a href=\"https:\/\/www.rcf.fr\/articles\/actualite\/le-projet-de-bhns-dans-la-metropole-toulon-provence-mediterranee-est\" target=\"_blank\" rel=\"noopener\">les travaux pour le Bus \u00e0 haut niveau de service sont d\u00e9sormais lanc\u00e9s.<\/a><\/p>\n<p>L&rsquo;ancienne \u00e9lue d\u2019opposition pr\u00e9sente ensuite <strong>les 15 premiers noms de son \u00e9quipe<\/strong>. Certains d\u00e9j\u00e0 connus comme<strong> l&rsquo;ancien rugbyman, form\u00e9 au Rugby Club Toulonnais, David G\u00e9rard<\/strong>. D&rsquo;autres attendus comme le policier S\u00e9bastien Soul\u00e9, candidat RN aux derni\u00e8res l\u00e9gislatives, ou le conseiller municipal Amaury Navarranne.<\/p>\n<p>Responsable associatif, chanteuse lyrique \u00e0 l&rsquo;Op\u00e9ra de Toulon ou avocate compl\u00e8tent une liste jug\u00e9e convaincante par Michel\u00a0:\u00a0\u00ab\u00a0<strong>Ce ne sont pas des gens politiques mais des gens qui connaissent le travail<\/strong>. Ils seront \u00e0 des postes dans lesquels ils pourront \u0153uvrer pour la ville sans sectarisme, sans \u00e9tiquette\u00a0\u00bb.\u00a0Laure Lavalette n&rsquo;a en effet pas sollicit\u00e9 l&rsquo;investiture de son parti.<\/p>\n","protected":false},"excerpt":{"rendered":"Apr\u00e8s avoir annonc\u00e9 officiellement sa candidature \u00e0 la mairie de Toulon mardi 6 janvier, Laure Lavalette organisait hier,&hellip;\n","protected":false},"author":2,"featured_media":664720,"comment_status":"","ping_status":"","sticky":false,"template":"","format":"standard","meta":{"footnotes":""},"categories":[9619],"tags":[1111,11,1777,674,1011,27,12,882,25,2310],"class_list":{"0":"post-664719","1":"post","2":"type-post","3":"status-publish","4":"format-standard","5":"has-post-thumbnail","7":"category-toulon","8":"tag-actu","9":"tag-actualites","10":"tag-eu","11":"tag-europe","12":"tag-fr","13":"tag-france","14":"tag-news","15":"tag-provence-alpes-cote-dazur","16":"tag-republique-francaise","17":"tag-toulon"},"share_on_mastodon":{"url":"https:\/\/pubeurope.com\/@fr\/115897730551914480","error":""},"_links":{"self":[{"href":"https:\/\/www.europesays.com\/fr\/wp-json\/wp\/v2\/posts\/664719","targetHints":{"allow":["GET"]}}],"collection":[{"href":"https:\/\/www.europesays.com\/fr\/wp-json\/wp\/v2\/posts"}],"about":[{"href":"https:\/\/www.europesays.com\/fr\/wp-json\/wp\/v2\/types\/post"}],"author":[{"embeddable":true,"href":"https:\/\/www.europesays.com\/fr\/wp-json\/wp\/v2\/users\/2"}],"replies":[{"embeddable":true,"href":"https:\/\/www.europesays.com\/fr\/wp-json\/wp\/v2\/comments?post=664719"}],"version-history":[{"count":0,"href":"https:\/\/www.europesays.com\/fr\/wp-json\/wp\/v2\/posts\/664719\/revisions"}],"wp:featuredmedia":[{"embeddable":true,"href":"https:\/\/www.europesays.com\/fr\/wp-json\/wp\/v2\/media\/664720"}],"wp:attachment":[{"href":"https:\/\/www.europesays.com\/fr\/wp-json\/wp\/v2\/media?parent=664719"}],"wp:term":[{"taxonomy":"category","embeddable":true,"href":"https:\/\/www.europesays.com\/fr\/wp-json\/wp\/v2\/categories?post=664719"},{"taxonomy":"post_tag","embeddable":true,"href":"https:\/\/www.europesays.com\/fr\/wp-json\/wp\/v2\/tags?post=664719"}],"curies":[{"name":"wp","href":"https:\/\/api.w.org\/{rel}","templated":true}]}}