{"id":664723,"date":"2026-01-15T06:37:10","date_gmt":"2026-01-15T06:37:10","guid":{"rendered":"https:\/\/www.europesays.com\/fr\/664723\/"},"modified":"2026-01-15T06:37:10","modified_gmt":"2026-01-15T06:37:10","slug":"ce-que-montpellier-fait-mieux-que-presque-toutes-les-villes-francaises","status":"publish","type":"post","link":"https:\/\/www.europesays.com\/fr\/664723\/","title":{"rendered":"ce que Montpellier fait mieux que presque toutes les villes fran\u00e7aises"},"content":{"rendered":"<p>                    Par<br \/>\n        <strong><br \/>\n            <a href=\"https:\/\/actu.fr\/auteur\/metropoop\" title=\"Consulter tous les articles de R\u00e9daction M\u00e9tropolitain\" target=\"_blank\" rel=\"noopener\">R\u00e9daction M\u00e9tropolitain<\/a><br \/>\n                    <\/strong><\/p>\n<p>        Publi\u00e9 le<\/p>\n<p>            15 janv. 2026 \u00e0 6h12        <\/p>\n<p>Le classement est d\u00e9sormais officiel. La plateforme de VTC Uber a d\u00e9voil\u00e9<strong> ce mardi 13 janvier 2026<\/strong> son palmar\u00e8s annuel du savoir-vivre \u00e0 l\u2019arri\u00e8re des v\u00e9hicules, un indicateur suivi de pr\u00e8s par les professionnels du secteur. Ce classement repose exclusivement sur les notes attribu\u00e9es par les chauffeurs eux-m\u00eames, au fil des courses. Avec une moyenne de <strong>4,92 sur 5<\/strong>, Montpellier d\u00e9croche une solide sixi\u00e8me place \u00e0 l\u2019\u00e9chelle nationale.<\/p>\n<p>Une ville jeune et habitu\u00e9e aux VTC<\/p>\n<p class=\" wall-content\">Cette performance s\u2019explique en partie par le profil de la ville. Montpellier compte pr\u00e8s de 70 000 \u00e9tudiants et une population globalement jeune, mobile et famili\u00e8re des applications de transport. Dans la m\u00e9tropole, on estime entre 500 et 700 le nombre de chauffeurs VTC actifs utilisant Uber au quotidien. Si Montpellier se maintient dans le haut du tableau, la comparaison r\u00e9gionale apporte une pointe de frustration. Perpignangrimpe \u00e0 la quatri\u00e8me place nationale, juste derri\u00e8re Avignon. Dans ce duel occitan de la courtoisie, les Perpignanais devancent donc les Montpelli\u00e9rains cette ann\u00e9e.<\/p>\n<p class=\" wall-content\">Au-del\u00e0 des chiffres, les chauffeurs soulignent une atmosph\u00e8re particuli\u00e8re. \u00c0 Montpellier, le trajet en VTC se vit souvent comme une parenth\u00e8se entre deux rendez-vous, une sortie nocturne ou un retour au calme apr\u00e8s une journ\u00e9e dense. La conversation d\u00e9marre facilement, sans obligation, dans un esprit proche de celui observ\u00e9 \u00e0 Marseille ou Toulouse, elles aussi bien not\u00e9es.<\/p>\n<p>Comment viser le Top 5 \u00e0 l\u2019avenir<\/p>\n<p class=\" wall-content\">Pour gagner encore quelques places et viser le Top 5 lors des prochaines \u00e9ditions, la marge de progression reste claire. La ponctualit\u00e9 demeure un point cl\u00e9, notamment lors des prises en charge au pied des immeubles. La courtoisie, avec un simple bonjour et un au revoir, continue de faire la diff\u00e9rence. La propret\u00e9 enfin reste un crit\u00e8re d\u00e9cisif. Le sommet du classement reste occup\u00e9 par des villes du Nord, avec Saint-Quentin en t\u00eate et une note impressionnante de 4,98 sur 5. La ville peut toutefois relativiser en jetant un \u0153il vers la capitale : Paris ferme la marche avec une note de 4,85 sur 5, \u00e0 \u00e9galit\u00e9 avec Grenoble.\u00a0<\/p>\n<p class=\" wall-content\">Personnalisez votre actualit\u00e9 en ajoutant vos villes et m\u00e9dias en favori avec <a href=\"https:\/\/moncompte.actu.fr\" title=\"D\u00e9couvez Mon Actu\" rel=\"nofollow noopener\" data-trk=\"{&quot;cta&quot;:{&quot;action&quot;:&quot;https:\\\/\\\/moncompte.actu.fr&quot;,&quot;category&quot;:&quot;mon compte&quot;,&quot;from&quot;:&quot;article footer&quot;,&quot;name&quot;:&quot;Mon actu&quot;,&quot;type&quot;:&quot;cta&quot;}}\" target=\"_blank\">Mon Actu<\/a>.<\/p>\n","protected":false},"excerpt":{"rendered":"Par R\u00e9daction M\u00e9tropolitain Publi\u00e9 le 15 janv. 2026 \u00e0 6h12 Le classement est d\u00e9sormais officiel. La plateforme de&hellip;\n","protected":false},"author":2,"featured_media":664724,"comment_status":"","ping_status":"","sticky":false,"template":"","format":"standard","meta":{"footnotes":""},"categories":[9599],"tags":[1111,11,3542,1777,674,1011,27,1305,2208,12,2680,25,2803],"class_list":{"0":"post-664723","1":"post","2":"type-post","3":"status-publish","4":"format-standard","5":"has-post-thumbnail","7":"category-montpellier","8":"tag-actu","9":"tag-actualites","10":"tag-circulation","11":"tag-eu","12":"tag-europe","13":"tag-fr","14":"tag-france","15":"tag-lifestyle","16":"tag-montpellier","17":"tag-news","18":"tag-occitanie","19":"tag-republique-francaise","20":"tag-transport"},"share_on_mastodon":{"url":"https:\/\/pubeurope.com\/@fr\/115897738409642564","error":""},"_links":{"self":[{"href":"https:\/\/www.europesays.com\/fr\/wp-json\/wp\/v2\/posts\/664723","targetHints":{"allow":["GET"]}}],"collection":[{"href":"https:\/\/www.europesays.com\/fr\/wp-json\/wp\/v2\/posts"}],"about":[{"href":"https:\/\/www.europesays.com\/fr\/wp-json\/wp\/v2\/types\/post"}],"author":[{"embeddable":true,"href":"https:\/\/www.europesays.com\/fr\/wp-json\/wp\/v2\/users\/2"}],"replies":[{"embeddable":true,"href":"https:\/\/www.europesays.com\/fr\/wp-json\/wp\/v2\/comments?post=664723"}],"version-history":[{"count":0,"href":"https:\/\/www.europesays.com\/fr\/wp-json\/wp\/v2\/posts\/664723\/revisions"}],"wp:featuredmedia":[{"embeddable":true,"href":"https:\/\/www.europesays.com\/fr\/wp-json\/wp\/v2\/media\/664724"}],"wp:attachment":[{"href":"https:\/\/www.europesays.com\/fr\/wp-json\/wp\/v2\/media?parent=664723"}],"wp:term":[{"taxonomy":"category","embeddable":true,"href":"https:\/\/www.europesays.com\/fr\/wp-json\/wp\/v2\/categories?post=664723"},{"taxonomy":"post_tag","embeddable":true,"href":"https:\/\/www.europesays.com\/fr\/wp-json\/wp\/v2\/tags?post=664723"}],"curies":[{"name":"wp","href":"https:\/\/api.w.org\/{rel}","templated":true}]}}