{"id":664727,"date":"2026-01-15T06:40:18","date_gmt":"2026-01-15T06:40:18","guid":{"rendered":"https:\/\/www.europesays.com\/fr\/664727\/"},"modified":"2026-01-15T06:40:18","modified_gmt":"2026-01-15T06:40:18","slug":"municipales-2026-deja-10-candidats-a-grenoble-qui-sont-ils","status":"publish","type":"post","link":"https:\/\/www.europesays.com\/fr\/664727\/","title":{"rendered":"Municipales 2026. D\u00e9j\u00e0 10 candidats \u00e0 Grenoble\u00a0: qui sont-ils\u00a0?"},"content":{"rendered":"<p>&#13;<br \/>\n  Baptiste Anglade, Nouveau parti anticapitaliste R\u00e9volutionnaires<\/p>\n<p>    &#13;<br \/>\n    &#13;<br \/>\n    &#13;<br \/>\n    <a href=\"https:\/\/cdn-s-www.ledauphine.com\/images\/43b23cbe-a014-4639-b4cb-a7af42b4c716\/NW_raw\/baptiste-anglade-travailleur-social-de-34-ans-sera-la-tete-de-liste-du-npa-revolutionnaires-pour-les-elections-municipales-de-mars-2026-a-grenoble-photo-le-dl-albane-pommereau-1768389357.jpg\" title=\"Baptiste Anglade, travailleur social de 34 ans, sera la t\u00eate de liste du NPA-R\u00e9volutionnaires pour les \u00e9lections municipales de mars 2026 \u00e0 Grenoble. Photo Le DL\/Albane Pommereau\" class=\"chocolat-image GA-tracking\" data-ga_type=\"click\" data-ga_category=\"D\u00e9tail\" data-ga_action=\"zoomer\" data-ga_label=\"aggrandir image\" target=\"_blank\" rel=\"noopener\">&#13;<br \/>\n        <img src=\"https:\/\/www.europesays.com\/fr\/wp-content\/uploads\/2026\/01\/baptiste-anglade-travailleur-social-de-34-ans-sera-la-tete-de-liste-du-npa-revolutionnaires-pour-les.jpeg\"   alt=\"Baptiste Anglade, travailleur social de 34 ans, sera la t\u00eate de liste du NPA-R\u00e9volutionnaires pour les \u00e9lections municipales de mars 2026 \u00e0 Grenoble. Photo Le DL\/Albane Pommereau\" fetchpriority=\"high\" decoding=\"async\" data-mobile=\"NW_listA_M|1768389357\" data-base=\"NW_listA|1768389357\"\/>&#13;<br \/>\n    <\/a>&#13;<\/p>\n<p>Baptiste Anglade, travailleur social de 34 ans, sera la t\u00eate de liste du NPA-R\u00e9volutionnaires pour les \u00e9lections municipales de mars 2026 \u00e0 Grenoble. Photo Le DL\/Albane Pommereau<\/p>\n<p>D\u00e9j\u00e0 candidat au <a href=\"https:\/\/www.ledauphine.com\/elections\/2024\/06\/21\/legislatives-3e-circonscription-de-l-isere-baptiste-anglade-candidat-pour-un-monde-sans-frontieres-ni-patrons\" target=\"_blank\" rel=\"noopener\">poste de d\u00e9put\u00e9 dans la 3e\u00a0circonscription<\/a> (puis en d\u00e9cembre\u00a02024 pour la <a href=\"https:\/\/www.ledauphine.com\/elections\/2024\/12\/19\/1re-circonscription-de-l-isere-legislative-partielle-baptiste-anglade-est-le-candidat-du-npa-revolutionnaires\" target=\"_blank\" rel=\"noopener\">l\u00e9gislative partielle<\/a> dans la 1re\u00a0circonscription apr\u00e8s la <a href=\"https:\/\/www.ledauphine.com\/isere\/isere\/violences-sexuelles-le-depute-lfi-de-l-isere-hugo-prevost-dans-la-tourmente\" target=\"_blank\" rel=\"noopener\">d\u00e9mission d\u2019Hugo Prevost<\/a>) et aux <a href=\"https:\/\/www.ledauphine.com\/elections\/2024\/06\/06\/isere-europeennes-le-npa-veut-faire-en-sorte-qu-il-n-y-ait-plus-de-capitalisme\" target=\"_blank\" rel=\"noopener\">europ\u00e9ennes<\/a> en juin\u00a02024, le travailleur social de 34 ans sera la t\u00eate de liste du NPA-R\u00e9volutionnaires (le NPA, form\u00e9 en 2009, s&rsquo;est scind\u00e9 en 2022), comme il l&rsquo;a annonc\u00e9 <a href=\"https:\/\/www.ledauphine.com\/elections\/2025\/10\/29\/baptiste-anglade-menera-la-liste-du-npa-revolutionnaires-a-grenoble\" target=\"_blank\" rel=\"noopener\">le 29 octobre dernier<\/a>.<\/p>\n<p>R\u00e9quisition des logements vacants pour l&rsquo;h\u00e9bergement d&rsquo;urgence, gratuit\u00e9 des transports, des cantines et des maisons de retraite font notamment partie de ses promesses de campagne.\u00a0\u00a0<\/p>\n<p>&#13;<br \/>\n  Nadia Bela\u00efd et Thomas Simon,\u00a0Grenoble Alpes Collectif<\/p>\n<p>    &#13;<br \/>\n    &#13;<br \/>\n    &#13;<br \/>\n    <a href=\"https:\/\/cdn-s-www.ledauphine.com\/images\/26c1daa0-42b1-4f4a-96d9-75043563c8a9\/NW_raw\/nadia-belaid-58-ans-et-thomas-simon-35-ans-ont-ete-designes-commebinome-tete-de-liste-du-grenoble-alpes-collectif-(gac)-photo-le-dl-ines-fakche-1768389546.jpg\" title=\"Nadia Bela\u00efd, 58 ans, et Thomas Simon, 35 ans, ont \u00e9t\u00e9 d\u00e9sign\u00e9s commebin\u00f4me t\u00eate de liste du Grenoble Alpes Collectif (GAC). Photo Le DL\/In\u00e8s Fakche\" class=\"chocolat-image GA-tracking\" data-ga_type=\"click\" data-ga_category=\"D\u00e9tail\" data-ga_action=\"zoomer\" data-ga_label=\"aggrandir image\" target=\"_blank\" rel=\"noopener\">&#13;<br \/>\n        <img src=\"https:\/\/www.europesays.com\/fr\/wp-content\/uploads\/2026\/01\/nadia-belaid-58-ans-et-thomas-simon-35-ans-ont-ete-designes-commebinome-tete-de-liste-du-grenoble-al.jpeg\"   alt=\"Nadia Bela\u00efd, 58 ans, et Thomas Simon, 35 ans, ont \u00e9t\u00e9 d\u00e9sign\u00e9s commebin\u00f4me t\u00eate de liste du Grenoble Alpes Collectif (GAC). Photo Le DL\/In\u00e8s Fakche\" fetchpriority=\"high\" decoding=\"async\" data-mobile=\"NW_listA_M|1768389546\" data-base=\"NW_listA|1768389546\"\/>&#13;<br \/>\n    <\/a>&#13;<\/p>\n<p>Nadia Bela\u00efd, 58 ans, et Thomas Simon, 35 ans, ont \u00e9t\u00e9 d\u00e9sign\u00e9s commebin\u00f4me t\u00eate de liste du Grenoble Alpes Collectif (GAC). Photo Le DL\/In\u00e8s Fakche<\/p>\n<p>Nadia Bela\u00efd et Thomas Simon\u00a0ont \u00e9t\u00e9 <a href=\"https:\/\/www.ledauphine.com\/elections\/2025\/12\/12\/isere-municipales-2026-c-est-un-mouvement-fort-et-inedit-qui-sont-nadia-belaid-et-thomas-simon-les-tetes-de-liste-du-grenoble-alpes-collectif\" target=\"_blank\" rel=\"noopener\">d\u00e9sign\u00e9s bin\u00f4me t\u00eate de liste<\/a> du Grenoble Alpes Collectif (GAC), \u00e0 l&rsquo;issue d&rsquo;un processus inhabituel\u00a0:\u00a0le pl\u00e9biscite citoyen.\u00a0<\/p>\n<p>Nadia\u00a0Bela\u00efd, 58 ans, est architecte, install\u00e9e \u00e0 Grenoble depuis 1989. Thomas Simon, 35 ans, est le codirigeant d&rsquo;une coop\u00e9rative sp\u00e9cialis\u00e9e dans la d\u00e9mocratie directe.\u00a0Le collectif citoyen doit d\u00e9signer une t\u00eate de liste parmi le bin\u00f4me, au cours d\u2019un vote interne pr\u00e9vu en f\u00e9vrier.<\/p>\n<p>GAC d\u00e9fend un\u00a0budget 100\u00a0% citoyen, enti\u00e8rement d\u00e9cid\u00e9 par une assembl\u00e9e tir\u00e9e au sort.\u00a0Le collectif souhaite \u00e9galement redescendre la d\u00e9cision au niveau des quartiers, en cr\u00e9ant des bin\u00f4mes de co-maires de quartier, charg\u00e9s d\u2019organiser la d\u00e9mocratie locale.<\/p>\n<p>&#13;<br \/>\n  Catherine Brun,\u00a0Lutte ouvri\u00e8re<\/p>\n<p>    &#13;<br \/>\n    &#13;<br \/>\n    &#13;<br \/>\n    <a href=\"https:\/\/cdn-s-www.ledauphine.com\/images\/95ce2100-9150-412a-a850-13399a6ef30f\/NW_raw\/catherine-brun-enseignante-a-la-retraite-de-68-ans-sera-la-tete-de-la-liste-lutte-ouvriere-a-grenoble-pour-les-elections-municipales-de-mars-prochain-photo-le-dl-albane-pommereau-1768389575.jpg\" title=\"Catherine Brun, enseignante \u00e0 la retraite de 68 ans, sera la t\u00eate de la liste Lutte ouvri\u00e8re \u00e0 Grenoble pour les \u00e9lections municipales de mars prochain. Photo Le DL\/Albane Pommereau\" class=\"chocolat-image GA-tracking\" data-ga_type=\"click\" data-ga_category=\"D\u00e9tail\" data-ga_action=\"zoomer\" data-ga_label=\"aggrandir image\" target=\"_blank\" rel=\"noopener\">&#13;<br \/>\n        <img src=\"https:\/\/www.europesays.com\/fr\/wp-content\/uploads\/2026\/01\/catherine-brun-enseignante-a-la-retraite-de-68-ans-sera-la-tete-de-la-liste-lutte-ouvriere-a-grenobl.jpeg\"   alt=\"Catherine Brun, enseignante \u00e0 la retraite de 68 ans, sera la t\u00eate de la liste Lutte ouvri\u00e8re \u00e0 Grenoble pour les \u00e9lections municipales de mars prochain. Photo Le DL\/Albane Pommereau\" fetchpriority=\"high\" decoding=\"async\" data-mobile=\"NW_listA_M|1768389575\" data-base=\"NW_listA|1768389575\"\/>&#13;<br \/>\n    <\/a>&#13;<\/p>\n<p>Catherine Brun, enseignante \u00e0 la retraite de 68 ans, sera la t\u00eate de la liste Lutte ouvri\u00e8re \u00e0 Grenoble pour les \u00e9lections municipales de mars prochain. Photo Le DL\/Albane Pommereau<\/p>\n<p>D\u00e9j\u00e0 candidate en 2008, 2014 et 2020, Catherine Brun se pr\u00e9sente de nouveau aux \u00e9lections municipales de Grenoble. Cette ancienne enseignante en histoire-g\u00e9ographie de 68\u200aans porte sur tous les fronts et toutes les \u00e9lections (l\u00e9gislatives, municipales\u2026) le message de son parti, Lutte ouvri\u00e8re. <\/p>\n<p>Aux derni\u00e8res \u00e9lections municipales, elle avait r\u00e9colt\u00e9 1,19 % des voix au premier tour du scrutin.<\/p>\n<p>La candidate ne d\u00e9roulera pas de programme local, estimant que ce n&rsquo;est pas l&rsquo;\u00e9chelle \u00e0 laquelle se r\u00e9solve les probl\u00e8mes des travailleurs.<\/p>\n<p>&#13;<br \/>\n  Allan Brunon, La France insoumise<\/p>\n<p>    &#13;<br \/>\n    &#13;<br \/>\n    &#13;<br \/>\n    <a href=\"https:\/\/cdn-s-www.ledauphine.com\/images\/73e1deff-0eb3-44c5-8fa2-1b4a0d23856b\/NW_raw\/allan-brunon-26-ans-a-ete-assistant-parlementaire-du-depute-insoumis-du-rhone-gabriel-amard-il-est-co-animateur-du-pole-antifasciste-de-la-france-insoumise-photo-le-dl-anouk-anglade-1762194573.jpg\" title=\"Allan Brunon, 26 ans, a \u00e9t\u00e9 assistant parlementaire du d\u00e9put\u00e9 insoumis du Rh\u00f4ne Gabriel Amard. Il est co-animateur du p\u00f4le antifasciste de La France insoumise. Photo Le DL\/Anouk Anglade\" class=\"chocolat-image GA-tracking\" data-ga_type=\"click\" data-ga_category=\"D\u00e9tail\" data-ga_action=\"zoomer\" data-ga_label=\"aggrandir image\" target=\"_blank\" rel=\"noopener\">&#13;<br \/>\n        <img src=\"https:\/\/www.europesays.com\/fr\/wp-content\/uploads\/2026\/01\/allan-brunon-26-ans-a-ete-assistant-parlementaire-du-depute-insoumis-du-rhone-gabriel-amard-il-est-c.jpeg\"   alt=\"Allan Brunon, 26 ans, a \u00e9t\u00e9 assistant parlementaire du d\u00e9put\u00e9 insoumis du Rh\u00f4ne Gabriel Amard. Il est co-animateur du p\u00f4le antifasciste de La France insoumise. Photo Le DL\/Anouk Anglade\" fetchpriority=\"high\" decoding=\"async\" data-mobile=\"NW_listA_M|1762194573\" data-base=\"NW_listA|1762194573\"\/>&#13;<br \/>\n    <\/a>&#13;<\/p>\n<p>Allan Brunon, 26 ans, a \u00e9t\u00e9 assistant parlementaire du d\u00e9put\u00e9 insoumis du Rh\u00f4ne Gabriel Amard. Il est co-animateur du p\u00f4le antifasciste de La France insoumise. Photo Le DL\/Anouk Anglade<\/p>\n<p>Apr\u00e8s plusieurs semaines de rumeurs, Allan Brunon a finalement <a href=\"https:\/\/www.ledauphine.com\/elections\/2025\/09\/20\/les-insoumis-auront-une-liste-autonome-menee-par-allan-brunon-il-faut-de-la-radicalite\" target=\"_blank\" rel=\"noopener\">annonc\u00e9 sa candidature<\/a> en septembre dernier, actant la fin de l&rsquo;alliance qui liait les Insoumis avec les \u00c9cologistes depuis la premi\u00e8re \u00e9lection d&rsquo;<a href=\"https:\/\/www.ledauphine.com\/p\/eric-piolle\" target=\"_blank\" rel=\"noopener\">\u00c9ric Piolle<\/a> en 2014. Une liste autonome soutenue par la d\u00e9put\u00e9e (et ancienne premi\u00e8re adjointe d&rsquo;\u00c9ric Piolle) LFI <a href=\"https:\/\/www.ledauphine.com\/p\/elisa-martin\" target=\"_blank\" rel=\"noopener\">\u00c9lisa Martin<\/a>, mais pas par <a href=\"https:\/\/www.ledauphine.com\/elections\/2025\/10\/01\/l-insoumise-emilie-marche-ce-que-fait-lfi-a-grenoble-est-insense\" target=\"_blank\" rel=\"noopener\">la conseill\u00e8re r\u00e9gionale \u00c9milie Marche<\/a> ni l&rsquo;adjoint au maire Alan Confesson (qui a <a href=\"https:\/\/www.ledauphine.com\/elections\/2025\/10\/13\/isere-grenoble-municipales-2026-alan-confesson-(lfi)-rejoint-la-liste-de-laurence-ruffin-l-omerta-est-tres-forte-a-l-interieur-de-lfi\" target=\"_blank\" rel=\"noopener\">rejoint la liste de Laurence Ruffin<\/a>), suspendus depuis par le parti de Jean-Luc M\u00e9lenchon.<\/p>\n<p>Candidat aux l\u00e9gislatives en 2022 sur la 10e circonscription de l\u2019Is\u00e8re, il a \u00e9galement \u00e9t\u00e9 assistant parlementaire du d\u00e9put\u00e9 LFI du Rh\u00f4ne, Gabriel Amard.\u00a0<\/p>\n<p>Les premi\u00e8res mesures qu&rsquo;Allan Brunon, 26 ans et originaire du Nord-Is\u00e8re, porte dans son programme :\u00a0la gratuit\u00e9 de la cantine scolaire, l\u2019investissement dans les logements du social et un grand plan pour le mal logement, la cr\u00e9ation d\u2019un service municipal de la tranquillit\u00e9 publique et un pouvoir de r\u00e9vocation des \u00e9lus.\u00a0<\/p>\n<p>&#13;<br \/>\n    &#13;\n                                         <\/p>\n<p>&#13;<br \/>\n  Pierre-\u00c9douard Cardinal, \u201cGrenoble, la belle ambition\u201d avec Renaissance et\u00a0 MoDem<\/p>\n<p>    &#13;<br \/>\n    &#13;<br \/>\n    &#13;<br \/>\n    <a href=\"https:\/\/cdn-s-www.ledauphine.com\/images\/c6b42af3-9120-48a0-8ce9-90b4758ddc5a\/NW_raw\/pierre-edouard-cardinal-34-ans-est-le-directeur-general-de-la-sem-minatec-photo-le-dl-stephane-pillaud-1768414673.jpg\" title=\"Pierre-\u00c9douard Cardinal, 34 ans, est le directeur g\u00e9n\u00e9ral de la Sem Minatec. Photo Le DL\/St\u00e9phane Pillaud\" class=\"chocolat-image GA-tracking\" data-ga_type=\"click\" data-ga_category=\"D\u00e9tail\" data-ga_action=\"zoomer\" data-ga_label=\"aggrandir image\" target=\"_blank\" rel=\"noopener\">&#13;<br \/>\n        <img src=\"https:\/\/www.europesays.com\/fr\/wp-content\/uploads\/2026\/01\/pierre-edouard-cardinal-34-ans-est-le-directeur-general-de-la-sem-minatec-photo-le-dl-stephane-pilla.jpeg\"   alt=\"Pierre-\u00c9douard Cardinal, 34 ans, est le directeur g\u00e9n\u00e9ral de la Sem Minatec. Photo Le DL\/St\u00e9phane Pillaud\" fetchpriority=\"high\" decoding=\"async\" data-mobile=\"NW_listA_M|1768414673\" data-base=\"NW_listA|1768414673\"\/>&#13;<br \/>\n    <\/a>&#13;<\/p>\n<p>Pierre-\u00c9douard Cardinal, 34 ans, est le directeur g\u00e9n\u00e9ral de la Sem Minatec. Photo Le DL\/St\u00e9phane Pillaud<\/p>\n<p>Directeur g\u00e9n\u00e9ral de la Sem Minatec (un complexe scientifique d\u2019envergure europ\u00e9enne situ\u00e9 sur le polygone scientifique de Grenoble), Pierre-\u00c9douard Cardinal, 34\u200aans, est Grenoblois depuis cinq ans.<\/p>\n<p>Le 13 novembre dernier,\u00a0il a annonc\u00e9 <a href=\"https:\/\/www.ledauphine.com\/elections\/2025\/11\/14\/isere-municipales-2026-a-grenoble-quelle-est-cette-liste-menee-par-pierre-edouard-cardinal-candidat-surprise\" target=\"_blank\" rel=\"noopener\">sa candidature<\/a>\u00a0\u00e0 la t\u00eate de la liste \u201cGrenoble, la belle ambition\u00a0!\u201d, soutenue par le parti Renaissance et le Modem. Il compte \u00e9galement dans ses soutiens l&rsquo;ex-candidate \u00e0 la mairie en 2020, <a href=\"https:\/\/www.ledauphine.com\/p\/emilie-chalas\" target=\"_blank\" rel=\"noopener\">\u00c9milie Chalas<\/a>, mais \u00e9galement\u00a0l\u2019\u00e9lue Delphine Bense (MoDem), Gilles Escala (Camp de base et CFDT), l\u2019ancienne adjointe de <a href=\"https:\/\/www.ledauphine.com\/p\/michel-destot\" target=\"_blank\" rel=\"noopener\">Michel Destot<\/a>, Marie-Jos\u00e9 Salat, et <a href=\"https:\/\/www.ledauphine.com\/p\/david-smetanine\" target=\"_blank\" rel=\"noopener\">David Sm\u00e9tanine<\/a> (ancien \u00e9lu r\u00e9gional et champion paralympique).<\/p>\n<p>Celui qui se d\u00e9finit \u00ab\u00a0r\u00e9solument social-d\u00e9mocrate\u00a0\u00bb\u00a0affiche \u00e9galement des soutiens Horizons et Place publique, deux formations d\u00e9j\u00e0 incarn\u00e9es respectivement par <a href=\"https:\/\/www.ledauphine.com\/p\/herve-gerbi\" target=\"_blank\" rel=\"noopener\">Herv\u00e9 Gerbi<\/a> et Romain Gentil.<\/p>\n<p>  <a href=\"https:\/\/www.ledauphine.com\/p\/alain-carignon\" target=\"_blank\" rel=\"noopener\">Alain Carignon<\/a>, \u201cR\u00e9concilier Grenoble\u201d, Les R\u00e9publicains                            <\/p>\n<p>    &#13;<br \/>\n    &#13;<br \/>\n    &#13;<br \/>\n    <a href=\"https:\/\/cdn-s-www.ledauphine.com\/images\/a941d0c8-cc9f-4e02-a056-c0bf47a33de0\/NW_raw\/alain-carignon-a-ete-maire-de-grenoble-de-1983-a-1995-photo-le-dl-jean-benoit-vigny-1768414672.jpg\" title=\"Alain Carignon a \u00e9t\u00e9 maire de Grenoble de 1983 \u00e0 1995. Photo Le DL\/Jean-Benoit Vigny\" class=\"chocolat-image GA-tracking\" data-ga_type=\"click\" data-ga_category=\"D\u00e9tail\" data-ga_action=\"zoomer\" data-ga_label=\"aggrandir image\" target=\"_blank\" rel=\"noopener\">&#13;<br \/>\n        <img src=\"https:\/\/www.europesays.com\/fr\/wp-content\/uploads\/2026\/01\/alain-carignon-a-ete-maire-de-grenoble-de-1983-a-1995-photo-le-dl-jean-benoit-vigny-1768414672.jpg\"   alt=\"Alain Carignon a \u00e9t\u00e9 maire de Grenoble de 1983 \u00e0 1995. Photo Le DL\/Jean-Benoit Vigny\" fetchpriority=\"high\" decoding=\"async\" data-mobile=\"NW_listA_M|1768414672\" data-base=\"NW_listA|1768414672\"\/>&#13;<br \/>\n    <\/a>&#13;<\/p>\n<p>Alain Carignon a \u00e9t\u00e9 maire de Grenoble de 1983 \u00e0 1995. Photo Le DL\/Jean-Benoit Vigny<\/p>\n<p>Maire de Grenoble de 1983 \u00e0 1995, pr\u00e9sident du conseil g\u00e9n\u00e9ral (1985-1997), Alain Carignon, 76 ans, a \u00e9t\u00e9 ministre dans les gouvernements Chirac (1986-1988) puis Balladur (1993-1994). Il est condamn\u00e9 en 1996 \u00e0 cinq ans de prison dont un an avec sursis. Il revient en politique en 2003 \u00e0 la t\u00eate de l\u2019UMP38. Il redevient conseiller municipal d\u2019opposition (LR) \u00e0 Grenoble en 2019, se pr\u00e9sente aux municipales en 2020 o\u00f9 il termine (23,44 %) derri\u00e8re \u00c9ric Piolle.\u00a0<\/p>\n<p>L&rsquo;ancien maire a annonc\u00e9 repartir en campagne pour les municipales <a href=\"https:\/\/www.ledauphine.com\/elections\/2025\/06\/05\/isere-grenoble-municipales-2026-ca-y-est-alain-carignon-est-officiellement-candidat\" target=\"_blank\" rel=\"noopener\">en juin 2025<\/a>, \u00e0 la t\u00eate de la liste \u201cR\u00e9concilier Grenoble\u201d.\u00a0Une candidature soutenue \u00ab\u00a0\u00e0 l&rsquo;unanimit\u00e9\u00a0\u00bb par son parti, Les R\u00e9publicains.<\/p>\n<p>Son programme promet notamment \u00ab\u00a0la s\u00e9curit\u00e9 et la salubrit\u00e9 de la ville\u00a0\u00bb avec <a href=\"https:\/\/www.ledauphine.com\/elections\/2025\/11\/20\/isere-municipales-2026-le-candidat-carignon-promet-150-policiers-municipaux-de-plus-a-grenoble\" target=\"_blank\" rel=\"noopener\">150 agents de la police municipale de plus<\/a>, qu&rsquo;il souhaite armer, et la cr\u00e9ation d&rsquo;un r\u00e9seau de vid\u00e9oprotection d\u00e9velopp\u00e9, un PC op\u00e9rationnel 24 heures sur 24.<\/p>\n<p>&#13;<br \/>\n  Valentin Gabriac, \u201cGrenoble capitale des Alpes\u201d, Rassemblement national et UDR<\/p>\n<p>    &#13;<br \/>\n    &#13;<br \/>\n    &#13;<br \/>\n    <a href=\"https:\/\/cdn-s-www.ledauphine.com\/images\/46ae624f-3b22-4a4d-8621-e881e553b086\/NW_raw\/le-rassemblement-national-n-avait-pas-presente-de-liste-lors-des-elections-municipales-de-2020-photo-le-dl-guillaume-drevet-1768414672.jpg\" title=\"Le Rassemblement national n&#039;avait pas pr\u00e9sent\u00e9 de liste lors des \u00e9lections municipales de 2020. Photo Le DL\/Guillaume Drevet\" class=\"chocolat-image GA-tracking\" data-ga_type=\"click\" data-ga_category=\"D\u00e9tail\" data-ga_action=\"zoomer\" data-ga_label=\"aggrandir image\" target=\"_blank\" rel=\"noopener\">&#13;<br \/>\n        <img src=\"https:\/\/www.europesays.com\/fr\/wp-content\/uploads\/2026\/01\/le-rassemblement-national-n-avait-pas-presente-de-liste-lors-des-elections-municipales-de-2020-photo.jpeg\"   alt=\"Le Rassemblement national n'avait pas pr\u00e9sent\u00e9 de liste lors des \u00e9lections municipales de 2020. Photo Le DL\/Guillaume Drevet\" fetchpriority=\"high\" decoding=\"async\" data-mobile=\"NW_listA_M|1768414672\" data-base=\"NW_listA|1768414672\"\/>&#13;<br \/>\n    <\/a>&#13;<\/p>\n<p>Le Rassemblement national n&rsquo;avait pas pr\u00e9sent\u00e9 de liste lors des \u00e9lections municipales de 2020. Photo Le DL\/Guillaume Drevet<\/p>\n<p>C&rsquo;est le 8 d\u00e9cembre que le Rassemblement national est <a href=\"https:\/\/www.ledauphine.com\/elections\/2025\/12\/08\/grenoble-le-rn-associe-a-l-udr-entre-en-campagne-et-sa-liste-est-prete\" target=\"_blank\" rel=\"noopener\">officiellement entr\u00e9 dans la campagne<\/a>, avec l&rsquo;annonce d&rsquo;une liste men\u00e9e par Valentin Gabriac, 33 ans, soutenue par l&rsquo;Union des droites pour la R\u00e9publique, le parti d&rsquo;\u00c9ric Ciotti.\u00a0En 2020, le RN n&rsquo;avait pas pr\u00e9sent\u00e9 de candidat.<\/p>\n<p>Responsable de formation dans une grande entreprise internationale, le trentenaire est revenu dans la capitale des Alpes, o\u00f9 il avait fait ses toutes \u00e9tudes, il y a quelques ann\u00e9es apr\u00e8s avoir v\u00e9cu \u00e0 l\u2019\u00e9tranger.<\/p>\n<p>La s\u00e9curit\u00e9 est le principal cheval de bataille de Valentin Gabriac et de ses colistiers qui veulent \u00ab\u00a0d\u00e9velopper une police municipale arm\u00e9e. Nous voulons \u00eatre une mairie pro-s\u00e9curit\u00e9. Nous serons aussi pro-commerce, pro-entreprise\u00a0\u00bb mais \u00e9galement \u00ab\u00a0lutter contre les tags et refaire de Grenoble une ville propre\u00a0\u00bb.<\/p>\n<p>&#13;<br \/>\n  Romain Gentil,\u00a0\u201cGrenoble capitale citoyenne\u201d, \u00c9quinoxe, Place publique et Parti radical de gauche<\/p>\n<p>    &#13;<br \/>\n    &#13;<br \/>\n    &#13;<br \/>\n    <a href=\"https:\/\/cdn-s-www.ledauphine.com\/images\/f0745bd6-9942-473f-a69f-b291452c9df7\/NW_raw\/chef-d-entreprise-romain-gentil-est-conseiller-municipal-d-opposition-depuis-2021-archives-photo-le-dl-jean-benoit-vigny-1768058320.jpg\" title=\"Chef d&#039;entreprise, Romain Gentil est conseiller municipal d&#039;opposition depuis 2021. Archives photo Le DL\/Jean-Beno\u00eet Vigny\" class=\"chocolat-image GA-tracking\" data-ga_type=\"click\" data-ga_category=\"D\u00e9tail\" data-ga_action=\"zoomer\" data-ga_label=\"aggrandir image\" target=\"_blank\" rel=\"noopener\">&#13;<br \/>\n        <img src=\"https:\/\/www.europesays.com\/fr\/wp-content\/uploads\/2026\/01\/chef-d-entreprise-romain-gentil-est-conseiller-municipal-d-opposition-depuis-2021-archives-photo-le-.jpeg\"   alt=\"Chef d'entreprise, Romain Gentil est conseiller municipal d'opposition depuis 2021. Archives photo Le DL\/Jean-Beno\u00eet Vigny\" fetchpriority=\"high\" decoding=\"async\" data-mobile=\"NW_listA_M|1768058320\" data-base=\"NW_listA|1768058320\"\/>&#13;<br \/>\n    <\/a>&#13;<\/p>\n<p>Chef d&rsquo;entreprise, Romain Gentil est conseiller municipal d&rsquo;opposition depuis 2021. Archives photo Le DL\/Jean-Beno\u00eet Vigny<\/p>\n<p><a href=\"https:\/\/www.ledauphine.com\/elections\/2025\/11\/09\/romain-gentil-a-son-local-de-campagne-de-l-energie-et-surtout-l-envie-d-etre-maire\" target=\"_blank\" rel=\"noopener\">Romain Gentil<\/a> est le chef de file de \u201cGrenoble capitale citoyenne\u201d, une coalition politique n\u00e9e de l\u2019union de collectifs citoyens ancr\u00e9s \u00e0 gauche rejoints, en mai 2025, par le parti \u00e9cologiste \u00c9quinoxe puis par Place publique et le PRG &#8211; Le Centre Gauche en septembre.<\/p>\n<p>\u00c2g\u00e9 de 39 ans, Romain Gentil est arriv\u00e9 \u00e0 Grenoble pour ses \u00e9tudes apr\u00e8s avoir grandi en Italie. Il se lance ensuite dans l\u2019entrepreneuriat. Entre 2023 et juin 2025, il pr\u00e9side La French Tech Alpes. Candidat sur la liste d\u2019Olivier Noblecourt en 2020, il devient conseiller municipal d\u2019opposition en 2021.\u00a0<\/p>\n<p>Parmi les premi\u00e8res mesures\u00a0: un centre de sant\u00e9 pluridisciplinaire ou une maison de sant\u00e9 par secteur de la ville, la gratuit\u00e9 r\u00e9elle de l&rsquo;\u00e9cole avec la cantine et le soutien inclus, une police municipale de proximit\u00e9 et renforc\u00e9e de 80 postes suppl\u00e9mentaires de m\u00e9diateurs et agents.<\/p>\n<p>&#13;<br \/>\n  Herv\u00e9 Gerbi, \u201cNous Grenoble\u201d, Horizons<\/p>\n<p>    &#13;<br \/>\n    &#13;<br \/>\n    &#13;<br \/>\n    <a href=\"https:\/\/cdn-s-www.ledauphine.com\/images\/8132fc35-39e7-4440-a3f3-07e00a3275bc\/NW_raw\/herve-gerbi-avait-ete-candidat-lors-de-l-election-legislative-partielle-de-la-1ere-circonscription-de-l-isere-en-janvier-2025-photo-le-dl-stephane-pillaud-1737964343.jpg\" title=\"Herv\u00e9 Gerbi avait \u00e9t\u00e9 candidat lors de l&#039;\u00e9lection l\u00e9gislative partielle de la 1\u00e8re circonscription de l&#039;Is\u00e8re en janvier 2025. Photo Le DL\/St\u00e9phane Pillaud\" class=\"chocolat-image GA-tracking\" data-ga_type=\"click\" data-ga_category=\"D\u00e9tail\" data-ga_action=\"zoomer\" data-ga_label=\"aggrandir image\" target=\"_blank\" rel=\"noopener\">&#13;<br \/>\n        <img src=\"https:\/\/www.europesays.com\/fr\/wp-content\/uploads\/2026\/01\/herve-gerbi-avait-ete-candidat-lors-de-l-election-legislative-partielle-de-la-1ere-circonscription-d.jpeg\"   alt=\"Herv\u00e9 Gerbi avait \u00e9t\u00e9 candidat lors de l'\u00e9lection l\u00e9gislative partielle de la 1\u00e8re circonscription de l'Is\u00e8re en janvier 2025. Photo Le DL\/St\u00e9phane Pillaud\" fetchpriority=\"high\" decoding=\"async\" data-mobile=\"NW_listA_M|1737964343\" data-base=\"NW_listA|1743413192\"\/>&#13;<br \/>\n    <\/a>&#13;<\/p>\n<p>Herv\u00e9 Gerbi avait \u00e9t\u00e9 candidat lors de l&rsquo;\u00e9lection l\u00e9gislative partielle de la 1\u00e8re circonscription de l&rsquo;Is\u00e8re en janvier 2025. Photo Le DL\/St\u00e9phane Pillaud<\/p>\n<p>N\u00e9 dans le Sud de la France, Herv\u00e9 Gerbi, 54 ans, est avocat depuis 1996, sp\u00e9cialis\u00e9 dans la d\u00e9fense des victimes. Il a \u00e9t\u00e9 pr\u00e9sident du Crif Grenoble-Dauphin\u00e9 de 2021 \u00e0 2024. Fin 2024, il pr\u00e9sente sa candidature \u00e0 la l\u00e9gislative partielle dans la 1re circonscription de l\u2019Is\u00e8re et obtient 8,5 % des voix.<\/p>\n<p>Le centriste Herv\u00e9 Gerbi a \u00e9t\u00e9 le tout premier \u00e0 dire qu\u2019il \u00e9tait candidat et t\u00eate de la liste \u201cNous Grenoble\u201d, <a href=\"https:\/\/www.ledauphine.com\/elections\/2025\/04\/26\/isere-grenoble-municipales-2026-mais-pourquoi-herve-gerbi-est-il-deja-candidat\" target=\"_blank\" rel=\"noopener\">en avril dernier<\/a>. L&rsquo;avocat est soutenu par le parti Horizons d&rsquo;\u00c9douard Philippe, mais \u00e9galement par\u00a0Hakima Necib (divers gauche), Jean-Charles Colas-Roy (Renaissance), <a href=\"https:\/\/www.ledauphine.com\/p\/nassim-akrour\" target=\"_blank\" rel=\"noopener\">Nassim Akrour<\/a> (ex-GF38), Guillaume Sagnes (d\u00e9l\u00e9gu\u00e9 d\u00e9partemental d\u2019Horizons), Lo\u00efck Roche (soci\u00e9t\u00e9 civile).<\/p>\n<p>Parmi les mesures qui figurent dans son programme\u00a0: une baisse de 10% de la taxe fonci\u00e8re, un plan s\u00e9curit\u00e9 chiffr\u00e9 \u00e0 10,8 millions d&rsquo;euros, un bouclier alimentaire des a\u00een\u00e9s, un ch\u00e8que resto pour les plus de 70 ans, la cantine gratuite dans les \u00e9coles de Grenoble.<\/p>\n<p>  <a href=\"https:\/\/www.ledauphine.com\/p\/laurence-ruffin\" target=\"_blank\" rel=\"noopener\">Laurence Ruffin<\/a>, \u201cOui Grenoble\u201d, Europe \u00c9cologie-Les Verts, Parti communiste fran\u00e7ais, G\u00e9n\u00e9ration.s, Parti animaliste et Parti socialiste                            <\/p>\n<p>    &#13;<br \/>\n    &#13;<br \/>\n    &#13;<br \/>\n    <a href=\"https:\/\/cdn-s-www.ledauphine.com\/images\/81efd6d0-32fd-4d39-b742-778f721bc9c9\/NW_raw\/native-d-amiens-et-arrivee-a-grenoble-en-2003-laurence-ruffin-a-longtemps-dirige-la-scop-alma-photo-le-dl-jean-baptiste-bornier-1768058320.jpg\" title=\"Native d&#039;Amiens et arriv\u00e9e \u00e0 Grenoble en 2003, Laurence Ruffin a longtemps dirig\u00e9 la Scop Alma. Photo Le DL\/Jean-Baptiste Bornier\" class=\"chocolat-image GA-tracking\" data-ga_type=\"click\" data-ga_category=\"D\u00e9tail\" data-ga_action=\"zoomer\" data-ga_label=\"aggrandir image\" target=\"_blank\" rel=\"noopener\">&#13;<br \/>\n        <img src=\"https:\/\/www.europesays.com\/fr\/wp-content\/uploads\/2026\/01\/native-d-amiens-et-arrivee-a-grenoble-en-2003-laurence-ruffin-a-longtemps-dirige-la-scop-alma-photo-.jpeg\"   alt=\"Native d'Amiens et arriv\u00e9e \u00e0 Grenoble en 2003, Laurence Ruffin a longtemps dirig\u00e9 la Scop Alma. Photo Le DL\/Jean-Baptiste Bornier\" fetchpriority=\"high\" decoding=\"async\" data-mobile=\"NW_listA_M|1768058320\" data-base=\"NW_listA|1768058320\"\/>&#13;<br \/>\n    <\/a>&#13;<\/p>\n<p>Native d&rsquo;Amiens et arriv\u00e9e \u00e0 Grenoble en 2003, Laurence Ruffin a longtemps dirig\u00e9 la Scop Alma. Photo Le DL\/Jean-Baptiste Bornier<\/p>\n<p>N\u00e9e \u00e0 Amiens, Laurence Ruffin, 47 ans, a fait de la capitale des Alpes \u00ab\u200asa ville de c\u0153ur\u200a\u00bb depuis 2003. Non affili\u00e9e \u00e0 un parti, la s\u0153ur du d\u00e9put\u00e9 Fran\u00e7ois Ruffin (ex-LFI), \u00e9tait jusqu\u2019\u00e0 r\u00e9cemment PDG de la Scop Alma, sp\u00e9cialis\u00e9e dans l\u2019\u00e9dition de logiciels.<\/p>\n<p>En septembre, elle est d\u00e9sign\u00e9e par un vote des militants pour succ\u00e9der \u00e0 \u00c9ric Piolle et mener la liste du \u201crassemblement des gauches, des \u00e9cologistes et des citoyen\u00b7nes\u201d qui r\u00e9unit EELV, Parti communiste fran\u00e7ais, G\u00e9n\u00e9ration. s, Parti animaliste et Parti socialiste.<\/p>\n","protected":false},"excerpt":{"rendered":"&#13; Baptiste Anglade, Nouveau parti anticapitaliste R\u00e9volutionnaires &#13; &#13; &#13; &#13; &#13; &#13; Baptiste Anglade, travailleur social de&hellip;\n","protected":false},"author":2,"featured_media":664728,"comment_status":"","ping_status":"","sticky":false,"template":"","format":"standard","meta":{"footnotes":""},"categories":[9566],"tags":[1111,11,2430,1984,112,4188,1777,674,107,1011,27,2731,3540,108,2338,6225,3539,6319,12,8387,3541,316,1078,25,106],"class_list":{"0":"post-664727","1":"post","2":"type-post","3":"status-publish","4":"format-standard","5":"has-post-thumbnail","7":"category-grenoble","8":"tag-actu","9":"tag-actualites","10":"tag-auvergne-rhone-alpes","11":"tag-conseil-municipal","12":"tag-edition-grenoble-agglomeration","13":"tag-elections-municipales","14":"tag-eu","15":"tag-europe","16":"tag-fil-info","17":"tag-fr","18":"tag-france","19":"tag-grenoble","20":"tag-horizons","21":"tag-isere","22":"tag-la-france-insoumise","23":"tag-la-matinale","24":"tag-les-ecologistes","25":"tag-les-republicains","26":"tag-news","27":"tag-parti-communiste","28":"tag-parti-socialiste","29":"tag-politique","30":"tag-rassemblement-national","31":"tag-republique-francaise","32":"tag-selection-de-la-redaction-38"},"share_on_mastodon":{"url":"https:\/\/pubeurope.com\/@fr\/115897750638462368","error":""},"_links":{"self":[{"href":"https:\/\/www.europesays.com\/fr\/wp-json\/wp\/v2\/posts\/664727","targetHints":{"allow":["GET"]}}],"collection":[{"href":"https:\/\/www.europesays.com\/fr\/wp-json\/wp\/v2\/posts"}],"about":[{"href":"https:\/\/www.europesays.com\/fr\/wp-json\/wp\/v2\/types\/post"}],"author":[{"embeddable":true,"href":"https:\/\/www.europesays.com\/fr\/wp-json\/wp\/v2\/users\/2"}],"replies":[{"embeddable":true,"href":"https:\/\/www.europesays.com\/fr\/wp-json\/wp\/v2\/comments?post=664727"}],"version-history":[{"count":0,"href":"https:\/\/www.europesays.com\/fr\/wp-json\/wp\/v2\/posts\/664727\/revisions"}],"wp:featuredmedia":[{"embeddable":true,"href":"https:\/\/www.europesays.com\/fr\/wp-json\/wp\/v2\/media\/664728"}],"wp:attachment":[{"href":"https:\/\/www.europesays.com\/fr\/wp-json\/wp\/v2\/media?parent=664727"}],"wp:term":[{"taxonomy":"category","embeddable":true,"href":"https:\/\/www.europesays.com\/fr\/wp-json\/wp\/v2\/categories?post=664727"},{"taxonomy":"post_tag","embeddable":true,"href":"https:\/\/www.europesays.com\/fr\/wp-json\/wp\/v2\/tags?post=664727"}],"curies":[{"name":"wp","href":"https:\/\/api.w.org\/{rel}","templated":true}]}}