{"id":664731,"date":"2026-01-15T06:43:09","date_gmt":"2026-01-15T06:43:09","guid":{"rendered":"https:\/\/www.europesays.com\/fr\/664731\/"},"modified":"2026-01-15T06:43:09","modified_gmt":"2026-01-15T06:43:09","slug":"bientot-une-nouvelle-promenade-unique-au-pied-des-remparts","status":"publish","type":"post","link":"https:\/\/www.europesays.com\/fr\/664731\/","title":{"rendered":"bient\u00f4t une nouvelle promenade unique au pied des remparts"},"content":{"rendered":"<p>                    Par<br \/>\n        <strong><br \/>\n            <a href=\"https:\/\/actu.fr\/auteur\/brian-legoff\" title=\"Consulter tous les articles de Brian Le Goff\" target=\"_blank\" rel=\"noopener\">Brian Le Goff<\/a><br \/>\n                    <\/strong><\/p>\n<p>        Publi\u00e9 le<\/p>\n<p>            15 janv. 2026 \u00e0 6h32        <\/p>\n<p>Encore quelques mois et, apr\u00e8s <strong>plus de deux ans et demi de travaux,<\/strong> les Rennais <strong>d\u00e9couvriront au cours du printemps 2026<\/strong> une nouvelle promenade in\u00e9dite au pied des vestiges des remparts de Rennes datant des \u00e9poques antique, puis m\u00e9di\u00e9vale. Une <strong>\u00e9tape cl\u00e9 dans la finalisation du chantier<\/strong> a en effet eu lieu, mercredi 14\u00a0janvier en milieu de matin\u00e9e, avec <strong>la pose de la passerelle des Chandeli\u00e8res<\/strong>. Un moment auquel <a href=\"https:\/\/actu.fr\/rennes\/\" target=\"_blank\" rel=\"noopener\">actu Rennes<\/a> a assist\u00e9.<\/p>\n<p>\u00ab\u2009Une op\u00e9ration \u00e0 l\u2019aveugle\u2009\u00bb<\/p>\n<p class=\" wall-content\">Il \u00e9tait 10\u00a0heures pass\u00e9es de quelques minutes \u2013 et il n\u2019en a pas fallu beaucoup plus pour la man\u0153uvre \u2013 quand <strong>l\u2019infrastructure d\u2019une vingtaine de m\u00e8tres de long et d\u2019environ 2,50 m\u00e8tres de large pour un poids de 2 \u00e0 3\u00a0tonnes<\/strong> s\u2019est \u00e9lev\u00e9e dans le ciel de la capitale bretonne depuis l\u2019esplanade situ\u00e9e face aux portes mordelaises et est pass\u00e9e par-dessus l\u2019une des parties restantes du boulevard d\u2019Artillerie de l\u2019\u00e9poque, pour y prendre place juste derri\u00e8re. \u00ab\u2009C\u2019est une op\u00e9ration \u00e0 l\u2019aveugle qui demande beaucoup de vigilance\u2009\u00bb, explique Romain Gautier de la direction des jardins et de la biodiversit\u00e9, qui conduit les travaux de restauration.<\/p>\n<p class=\" wall-content\"><a href=\"https:\/\/www.instagram.com\/p\/DTfiryzjHLQ\/embed\" title=\"Ouvrir le lien sur Instagram\" target=\"_blank\" rel=\"noopener\">Visualiser le contenu sur Instagram<\/a><\/p>\n<p class=\" wall-content\">Apr\u00e8s avoir <a href=\"https:\/\/actu.fr\/bretagne\/rennes_35238\/a-rennes-une-passerelle-au-pied-des-portes-mordelaises_43799952.html\" target=\"_blank\" rel=\"noopener\">r\u00e9am\u00e9nag\u00e9 le site des Portes Mordelaises entre\u00a02018 et\u00a02022<\/a>, la municipalit\u00e9 a poursuivi <strong>le r\u00e9am\u00e9nagement de l\u2019espace entre les b\u00e2timents de la rue Nantaise et les remparts<\/strong> afin d\u2019en faire un lieu de promenade et de passage entre la place des Lices, la place Foch, puis le Mail Fran\u00e7ois Mitterrand et la place de Bretagne.<\/p>\n<p>Un travail de longue haleine en passe d\u2019aboutir<\/p>\n<p class=\" wall-content\">Pour cela, la Ville a<strong> travaill\u00e9 depuis de longues ann\u00e9es,<\/strong> avant m\u00eame le d\u00e9but effectif des travaux, pour <strong>acqu\u00e9rir les terrains et le b\u00e2ti accol\u00e9 \u00e0 la forteresse<\/strong>. \u00ab\u2009Cela fait presque des d\u00e9cennies que c\u2019est en cours. On a ensuite proc\u00e9d\u00e9 \u00e0 la <strong>d\u00e9molition d\u2019un certain nombre de b\u00e2timents qui n\u2019avaient pas forc\u00e9ment de valeur patrimoniale<\/strong> afin de r\u00e9v\u00e9ler les vestiges des remparts\u2009\u00bb, explique Marc Herv\u00e9, adjoint \u00e0 l\u2019urbanisme.<\/p>\n<p class=\" wall-content\">Lanc\u00e9s en 2023, avec l\u2019objectif de restituer le chantier fini en 2024, les travaux entre les portes mordelaises et le square Hyacinthe-Lorette ont consist\u00e9 \u00e0 <strong>cr\u00e9er un parvis \u00e0 l\u2019arri\u00e8re des b\u00e2timents de la rue Nantaise<\/strong>. Ce dernier accueillera \u00e0 l\u2019avenir les terrasses des restaurateurs implant\u00e9s dans la rue.<\/p>\n<p>Accessibilit\u00e9 et nouvelle visibilit\u00e9 sur les vestiges historiques<\/p>\n<p class=\" wall-content\">La passerelle, install\u00e9e\u00a0ce mercredi 14\u00a0janvier le long d\u2019un mur de l\u2019ancien boulevard d\u2019Artillerie, permet ainsi de faire la jonction entre les<a href=\"https:\/\/actu.fr\/bretagne\/rennes_35238\/photos-le-site-des-portes-mordelaises-renove-qu-est-ce-que-ca-change_49305168.html\" target=\"_blank\" rel=\"noopener\"> portes mordelaises et ce parvis<\/a>. L\u00e9g\u00e8rement inclin\u00e9e avec une pente \u00e0 4\u2009%, elle offrira la <strong>possibilit\u00e9 \u00e0 toute personne, m\u00eame \u00e0 mobilit\u00e9 r\u00e9duite, de pouvoir acc\u00e9der<\/strong> \u00e0 cet endroit.<\/p>\n<p>Votre r\u00e9gion, votre actu !<\/p>\n<p>Recevez chaque jour les infos qui comptent pour vous.<\/p>\n<p>\t<a href=\"https:\/\/actu.fr\/newsletter\" class=\"ac-btn ac-btn--corner ac-btn--medium ac-btn--blue800\" target=\"_blank\" rel=\"noopener\">S&rsquo;incrire<\/a><\/p>\n<p class=\" wall-content\">Entre les remparts et les nouveaux cheminements am\u00e9nag\u00e9s, comme au niveau du square Hyacinthe-Lorette, la douve a \u00e9t\u00e9 reconstitu\u00e9e comme \u00e0 l\u2019\u00e9poque m\u00e9di\u00e9vale et <strong>pr\u00e9serve la visibilit\u00e9 sur les remparts<\/strong>, qui b\u00e9n\u00e9ficieront d\u2019un l\u00e9ger \u00e9clairage de mise en valeur nocturne, o\u00f9 l\u2019on distingue la juxtaposition des diff\u00e9rentes structures construites au fil des \u00e9poques. Un \u00e9l\u00e9ment rappel\u00e9 dans la cr\u00e9ation de deux murets travaill\u00e9s en diff\u00e9rentes couches pour d\u00e9limiter certains espaces.<\/p>\n<p>Des derniers am\u00e9nagements avant l\u2019ouverture au public<\/p>\n<p class=\" wall-content\">\u00c0 pr\u00e9sent, apr\u00e8s la pose de cette passerelle, les diff\u00e9rentes entreprises mandat\u00e9es pour les travaux et les \u00e9quipes municipales, notamment celles de la direction des jardins et de la biodiversit\u00e9 de la ville de Rennes, mobilis\u00e9es dans l\u2019am\u00e9nagement de cette promenade, entrent dans la derni\u00e8re phase du chantier.<\/p>\n<blockquote class=\"ac-article-quote wall-content\">\n<p>Il nous reste encore certaines rembarres, les portails qui fermeront le jardin \u00e0 partir de 22h chaque nuit entre les portes mordelaises et le square Hyacinthe Lorette afin de pr\u00e9server les riverains des nuisances, le mobilier urbain et les diff\u00e9rentes plantations \u00e0 mettre en place dans les prochaines semaines, voire mois.<br \/>\n.<\/p>\n<p>    <strong>Romain Gautier<\/strong><br \/>\n        Direction des jardins et de la biodiversit\u00e9 \u00e0 Rennes Ville et M\u00e9tropole    <\/p><\/blockquote>\n<p class=\" wall-content\">Au total, l\u2019ensemble du chantier, commenc\u00e9 en 2018 avec le r\u00e9am\u00e9nagement du secteur des portes mordelaises et l\u2019am\u00e9nagement de la promenade des remparts, aura co\u00fbt\u00e9 <strong>5\u00a0millions d\u2019euros \u00e0 la Ville,<\/strong> avec une participation de 25\u2009% du minist\u00e8re de la Culture, via son antenne r\u00e9gionale, la Drac Bretagne, sur la partie restauration des monuments historiques.<\/p>\n<p class=\" wall-content\">Personnalisez votre actualit\u00e9 en ajoutant vos villes et m\u00e9dias en favori avec <a href=\"https:\/\/moncompte.actu.fr\" title=\"D\u00e9couvez Mon Actu\" rel=\"nofollow noopener\" data-trk=\"{&quot;cta&quot;:{&quot;action&quot;:&quot;https:\\\/\\\/moncompte.actu.fr&quot;,&quot;category&quot;:&quot;mon compte&quot;,&quot;from&quot;:&quot;article footer&quot;,&quot;name&quot;:&quot;Mon actu&quot;,&quot;type&quot;:&quot;cta&quot;}}\" target=\"_blank\">Mon Actu<\/a>.<\/p>\n<p>                    <script async src=\"\/\/www.instagram.com\/embed.js\"><\/script><\/p>\n","protected":false},"excerpt":{"rendered":"Par Brian Le Goff Publi\u00e9 le 15 janv. 2026 \u00e0 6h32 Encore quelques mois et, apr\u00e8s plus de&hellip;\n","protected":false},"author":2,"featured_media":664732,"comment_status":"","ping_status":"","sticky":false,"template":"","format":"standard","meta":{"footnotes":""},"categories":[2821],"tags":[1111,11,829,1777,674,1011,27,12,2551,584,25,104,2086],"class_list":{"0":"post-664731","1":"post","2":"type-post","3":"status-publish","4":"format-standard","5":"has-post-thumbnail","7":"category-rennes","8":"tag-actu","9":"tag-actualites","10":"tag-bretagne","11":"tag-eu","12":"tag-europe","13":"tag-fr","14":"tag-france","15":"tag-news","16":"tag-patrimoine","17":"tag-rennes","18":"tag-republique-francaise","19":"tag-societe","20":"tag-travaux"},"share_on_mastodon":{"url":"https:\/\/pubeurope.com\/@fr\/115897761940615651","error":""},"_links":{"self":[{"href":"https:\/\/www.europesays.com\/fr\/wp-json\/wp\/v2\/posts\/664731","targetHints":{"allow":["GET"]}}],"collection":[{"href":"https:\/\/www.europesays.com\/fr\/wp-json\/wp\/v2\/posts"}],"about":[{"href":"https:\/\/www.europesays.com\/fr\/wp-json\/wp\/v2\/types\/post"}],"author":[{"embeddable":true,"href":"https:\/\/www.europesays.com\/fr\/wp-json\/wp\/v2\/users\/2"}],"replies":[{"embeddable":true,"href":"https:\/\/www.europesays.com\/fr\/wp-json\/wp\/v2\/comments?post=664731"}],"version-history":[{"count":0,"href":"https:\/\/www.europesays.com\/fr\/wp-json\/wp\/v2\/posts\/664731\/revisions"}],"wp:featuredmedia":[{"embeddable":true,"href":"https:\/\/www.europesays.com\/fr\/wp-json\/wp\/v2\/media\/664732"}],"wp:attachment":[{"href":"https:\/\/www.europesays.com\/fr\/wp-json\/wp\/v2\/media?parent=664731"}],"wp:term":[{"taxonomy":"category","embeddable":true,"href":"https:\/\/www.europesays.com\/fr\/wp-json\/wp\/v2\/categories?post=664731"},{"taxonomy":"post_tag","embeddable":true,"href":"https:\/\/www.europesays.com\/fr\/wp-json\/wp\/v2\/tags?post=664731"}],"curies":[{"name":"wp","href":"https:\/\/api.w.org\/{rel}","templated":true}]}}