{"id":664733,"date":"2026-01-15T06:45:01","date_gmt":"2026-01-15T06:45:01","guid":{"rendered":"https:\/\/www.europesays.com\/fr\/664733\/"},"modified":"2026-01-15T06:45:01","modified_gmt":"2026-01-15T06:45:01","slug":"strasbourg-une-grande-manifestation-des-agriculteurs-le-20-janvier-contre-les-accords-avec-le-mercosur","status":"publish","type":"post","link":"https:\/\/www.europesays.com\/fr\/664733\/","title":{"rendered":"Strasbourg. Une \u00ab\u00a0grande manifestation\u00a0\u00bb des\u00a0agriculteurs le 20\u00a0janvier contre les accords avec le Mercosur"},"content":{"rendered":"<p>Une majorit\u00e9 d\u2019\u00c9tats europ\u00e9ens ayant donn\u00e9 leur feu vert \u00e0 la signature de l\u2019accord de libre-\u00e9change avec le Mercosur, march\u00e9 commun du sud de l\u2019Am\u00e9rique, le mouvement des Jeunes Agriculteurs (JA) annonce une \u00ab\u00a0grande manifestation\u00a0\u00bb le mardi 20\u00a0janvier, \u00e0 Strasbourg. Les JA d\u00e9noncent \u00ab\u00a0une trahison\u00a0\u00bb, \u00ab\u00a0une insulte\u00a0\u00bb, et disent leur col\u00e8re, l\u2019application provisoire de l\u2019accord ayant de surcro\u00eet \u00e9t\u00e9 act\u00e9e \u00ab\u00a0sans attendre le vote du <a href=\"https:\/\/www.dna.fr\/p\/parlement-europeen\" target=\"_blank\" rel=\"noopener\">Parlement europ\u00e9en<\/a>\u00a0\u00bb.<\/p>\n<p>Ils disent qu\u2019ils ne baisseront pas les bras, d\u2019autant qu\u2019agriculteurs comme citoyens fran\u00e7ais \u00ab\u00a0sont unanimement oppos\u00e9s \u00e0 <a href=\"https:\/\/www.dna.fr\/economie\/2026\/01\/08\/mercosur-voici-ce-que-l-union-europeenne-a-deja-concede-aux-agriculteurs-(en-vain)\" target=\"_blank\" rel=\"nofollow noopener\">cet accord commercial<\/a> catastrophique\u00a0\u00bb.<\/p>\n<p>  Mettre la pression sur les d\u00e9put\u00e9s europ\u00e9ens<\/p>\n<p>La mobilisation devrait \u00eatre d\u2019ampleur. Elle reposera sur le fait que les JA pensent que \u00ab\u00a0tout n\u2019est pas perdu\u00a0\u00bb dans leur combat. En effet, lors de la session pl\u00e9ni\u00e8re du Parlement europ\u00e9en dans la capitale alsacienne pendant la semaine du 19\u00a0janvier, les eurod\u00e9put\u00e9s pourraient avoir \u00e0 se prononcer sur la saisine de la Cour de justice de l\u2019Union europ\u00e9enne (CJUE), laquelle suspendrait l\u2019accord pendant plusieurs mois. <a href=\"https:\/\/www.dna.fr\/economie\/2026\/01\/09\/mercosur-une-majorite-de-pays-de-l-ue-donne-leur-feu-vert-en-faveur-de-l-accord\" target=\"_blank\" rel=\"nofollow noopener\">La mobilisation des JA et de la FNSEA<\/a> devant le d\u00e9partement vise donc \u00e0 faire pression sur les d\u00e9put\u00e9s europ\u00e9ens pour obtenir ce vote favorable en faveur de la saisine. Elle vise aussi \u00e0 leur rappeler \u00ab\u00a0les cons\u00e9quences d\u00e9sastreuses de cet accord\u00a0\u00bb, dont ils souhaitent le rejet \u00ab\u00a0pur et simple\u00a0\u00bb.<\/p>\n<p>  Des \u201ccontr\u00f4les\u201d programm\u00e9s<\/p>\n<p>Avant cette manifestation importante du 20\u00a0janvier, les syndicats agricoles pr\u00e9voient d\u2019autres mobilisations \u00ab\u00a0pour emp\u00eacher l\u2019entr\u00e9e sur le territoire europ\u00e9en de produits qui ne respectent pas nos normes sanitaires, nos exigences environnementales et notre syst\u00e8me social\u00a0\u00bb. Des \u00ab\u00a0contr\u00f4les\u00a0\u00bb op\u00e9r\u00e9s par les agriculteurs eux-m\u00eames viseront les ports, les fronti\u00e8res, les axes de circulation et les enseignes de grande distribution.<\/p>\n","protected":false},"excerpt":{"rendered":"Une majorit\u00e9 d\u2019\u00c9tats europ\u00e9ens ayant donn\u00e9 leur feu vert \u00e0 la signature de l\u2019accord de libre-\u00e9change avec le&hellip;\n","protected":false},"author":2,"featured_media":664734,"comment_status":"","ping_status":"","sticky":false,"template":"","format":"standard","meta":{"footnotes":""},"categories":[2820],"tags":[1111,11,327,2389,2649,33,2880,1777,674,107,1011,27,775,12,25,640,2879],"class_list":{"0":"post-664733","1":"post","2":"type-post","3":"status-publish","4":"format-standard","5":"has-post-thumbnail","7":"category-strasbourg","8":"tag-actu","9":"tag-actualites","10":"tag-agriculture","11":"tag-alsace","12":"tag-bas-rhin","13":"tag-economie","14":"tag-edition-strasbourg","15":"tag-eu","16":"tag-europe","17":"tag-fil-info","18":"tag-fr","19":"tag-france","20":"tag-grand-est","21":"tag-news","22":"tag-republique-francaise","23":"tag-strasbourg","24":"tag-strasbourg-ville"},"share_on_mastodon":{"url":"","error":""},"_links":{"self":[{"href":"https:\/\/www.europesays.com\/fr\/wp-json\/wp\/v2\/posts\/664733","targetHints":{"allow":["GET"]}}],"collection":[{"href":"https:\/\/www.europesays.com\/fr\/wp-json\/wp\/v2\/posts"}],"about":[{"href":"https:\/\/www.europesays.com\/fr\/wp-json\/wp\/v2\/types\/post"}],"author":[{"embeddable":true,"href":"https:\/\/www.europesays.com\/fr\/wp-json\/wp\/v2\/users\/2"}],"replies":[{"embeddable":true,"href":"https:\/\/www.europesays.com\/fr\/wp-json\/wp\/v2\/comments?post=664733"}],"version-history":[{"count":0,"href":"https:\/\/www.europesays.com\/fr\/wp-json\/wp\/v2\/posts\/664733\/revisions"}],"wp:featuredmedia":[{"embeddable":true,"href":"https:\/\/www.europesays.com\/fr\/wp-json\/wp\/v2\/media\/664734"}],"wp:attachment":[{"href":"https:\/\/www.europesays.com\/fr\/wp-json\/wp\/v2\/media?parent=664733"}],"wp:term":[{"taxonomy":"category","embeddable":true,"href":"https:\/\/www.europesays.com\/fr\/wp-json\/wp\/v2\/categories?post=664733"},{"taxonomy":"post_tag","embeddable":true,"href":"https:\/\/www.europesays.com\/fr\/wp-json\/wp\/v2\/tags?post=664733"}],"curies":[{"name":"wp","href":"https:\/\/api.w.org\/{rel}","templated":true}]}}