{"id":664742,"date":"2026-01-15T06:52:09","date_gmt":"2026-01-15T06:52:09","guid":{"rendered":"https:\/\/www.europesays.com\/fr\/664742\/"},"modified":"2026-01-15T06:52:09","modified_gmt":"2026-01-15T06:52:09","slug":"des-voeux-et-des-propositions-en-vue-des-municipales","status":"publish","type":"post","link":"https:\/\/www.europesays.com\/fr\/664742\/","title":{"rendered":"des v\u0153ux et des propositions en vue des municipales"},"content":{"rendered":"<p>Au-del\u00e0 des inqui\u00e9tudes du patronat concernant <a href=\"https:\/\/www.sudouest.fr\/politique\/sebastien-lecornu\/budget-une-reprise-des-debats-sous-tension-pour-lecornu-27393331.php\" target=\"_blank\" rel=\"noopener\">le flou politique et budg\u00e9taire<\/a>, le pr\u00e9sident du Medef\u00a033, Mathias Saura, a pr\u00e9sent\u00e9 un ouvrage de 21\u00a0pages consacr\u00e9 aux \u00ab\u00a0propositions des entreprises pour un d\u00e9veloppement territorial au service de l\u2019\u00e9conomie et des Girondins\u00a0\u00bb.<\/p>\n<p>Un cahier de propositions \u00e0 destination des \u00e9lus<\/p>\n<p>Le recueil, \u00e9labor\u00e9 avant les municipales de mars, avec les contributions d\u2019une quinzaine de f\u00e9d\u00e9rations professionnelles, rappelle le poids \u00e9conomique et social de l\u2019entreprise, ses responsabilit\u00e9s vis-\u00e0-vis de la soci\u00e9t\u00e9, ses besoins en stabilit\u00e9 fiscale, en visibilit\u00e9.  \u00ab\u00a0Mais nous y pr\u00e9sentons surtout nos solutions au service de notre \u00e9conomie et de notre territoire. Ce travail se veut \u00eatre un engagement constructif, une d\u00e9marche collective autour des \u00e9lections municipales, un outil \u00e0 la disposition de l\u2019ensemble du monde des d\u00e9cideurs politiques\u00a0\u00bb, a insist\u00e9 Mathias Saura.<\/p>\n<p>Un message re\u00e7u cinq sur cinq par les \u00e9lus pr\u00e9sents, semble-t-il. Lors de leurs prises de parole, Pierre Hurmic a d\u00e9fendu un bilan de cr\u00e9ations d\u2019entreprises bordelaises de +54\u00a0% entre 2020 et 2024, Christine Bost a assur\u00e9 que la M\u00e9tropole est le premier investisseur pour le territoire, tandis qu\u2019Alain Rousset a soulign\u00e9 que le soutien \u00e0 l\u2019\u00e9conomie est \u00ab une priorit\u00e9, m\u00eame avec un budget contraint\u00a0\u00bb. <\/p>\n","protected":false},"excerpt":{"rendered":"Au-del\u00e0 des inqui\u00e9tudes du patronat concernant le flou politique et budg\u00e9taire, le pr\u00e9sident du Medef\u00a033, Mathias Saura, a&hellip;\n","protected":false},"author":2,"featured_media":664743,"comment_status":"","ping_status":"","sticky":false,"template":"","format":"standard","meta":{"footnotes":""},"categories":[2817],"tags":[1111,11,1997,1777,674,1011,27,12,2219,25],"class_list":{"0":"post-664742","1":"post","2":"type-post","3":"status-publish","4":"format-standard","5":"has-post-thumbnail","7":"category-bordeaux","8":"tag-actu","9":"tag-actualites","10":"tag-bordeaux","11":"tag-eu","12":"tag-europe","13":"tag-fr","14":"tag-france","15":"tag-news","16":"tag-nouvelle-aquitaine","17":"tag-republique-francaise"},"share_on_mastodon":{"url":"https:\/\/pubeurope.com\/@fr\/115897797450749811","error":""},"_links":{"self":[{"href":"https:\/\/www.europesays.com\/fr\/wp-json\/wp\/v2\/posts\/664742","targetHints":{"allow":["GET"]}}],"collection":[{"href":"https:\/\/www.europesays.com\/fr\/wp-json\/wp\/v2\/posts"}],"about":[{"href":"https:\/\/www.europesays.com\/fr\/wp-json\/wp\/v2\/types\/post"}],"author":[{"embeddable":true,"href":"https:\/\/www.europesays.com\/fr\/wp-json\/wp\/v2\/users\/2"}],"replies":[{"embeddable":true,"href":"https:\/\/www.europesays.com\/fr\/wp-json\/wp\/v2\/comments?post=664742"}],"version-history":[{"count":0,"href":"https:\/\/www.europesays.com\/fr\/wp-json\/wp\/v2\/posts\/664742\/revisions"}],"wp:featuredmedia":[{"embeddable":true,"href":"https:\/\/www.europesays.com\/fr\/wp-json\/wp\/v2\/media\/664743"}],"wp:attachment":[{"href":"https:\/\/www.europesays.com\/fr\/wp-json\/wp\/v2\/media?parent=664742"}],"wp:term":[{"taxonomy":"category","embeddable":true,"href":"https:\/\/www.europesays.com\/fr\/wp-json\/wp\/v2\/categories?post=664742"},{"taxonomy":"post_tag","embeddable":true,"href":"https:\/\/www.europesays.com\/fr\/wp-json\/wp\/v2\/tags?post=664742"}],"curies":[{"name":"wp","href":"https:\/\/api.w.org\/{rel}","templated":true}]}}