{"id":664744,"date":"2026-01-15T06:53:13","date_gmt":"2026-01-15T06:53:13","guid":{"rendered":"https:\/\/www.europesays.com\/fr\/664744\/"},"modified":"2026-01-15T06:53:13","modified_gmt":"2026-01-15T06:53:13","slug":"la-meteo-a-bordeaux-du-jeudi-15-janvier-2026","status":"publish","type":"post","link":"https:\/\/www.europesays.com\/fr\/664744\/","title":{"rendered":"La m\u00e9t\u00e9o \u00e0 Bordeaux du jeudi 15 janvier 2026"},"content":{"rendered":"<p><strong>Pr\u00e9visions M\u00e9t\u00e9o \u00e0 Bordeaux demain<\/strong><\/p>\n<p>Des pr\u00e9cipitations \u00e9parses s&rsquo;imposeront demain. La temp\u00e9rature minimale sera de 7\u00b0C et la temp\u00e9rature maximale de 11\u00b0C. Une brise douce limit\u00e9e \u00e0 9 km\/h soufflera. Le matin, le thermom\u00e8tre atteindra 9\u00b0C environ. Demain apr\u00e8s-midi, il va faire 10\u00b0C environ, une temp\u00e9rature au-dessus des normales de saison. La grisaille, qui continue demain soir, retardera encore l&rsquo;arriv\u00e9e du beau temps. La temp\u00e9rature sera autour de 9\u00b0C.<\/p>\n<p><strong>M\u00e9t\u00e9o \u00e0 Bordeaux pour les prochains jours<\/strong><\/p>\n","protected":false},"excerpt":{"rendered":"Pr\u00e9visions M\u00e9t\u00e9o \u00e0 Bordeaux demain Des pr\u00e9cipitations \u00e9parses s&rsquo;imposeront demain. La temp\u00e9rature minimale sera de 7\u00b0C et la&hellip;\n","protected":false},"author":2,"featured_media":664745,"comment_status":"","ping_status":"","sticky":false,"template":"","format":"standard","meta":{"footnotes":""},"categories":[2817],"tags":[1111,11,1997,1777,674,1011,27,12,2219,25],"class_list":{"0":"post-664744","1":"post","2":"type-post","3":"status-publish","4":"format-standard","5":"has-post-thumbnail","7":"category-bordeaux","8":"tag-actu","9":"tag-actualites","10":"tag-bordeaux","11":"tag-eu","12":"tag-europe","13":"tag-fr","14":"tag-france","15":"tag-news","16":"tag-nouvelle-aquitaine","17":"tag-republique-francaise"},"share_on_mastodon":{"url":"https:\/\/pubeurope.com\/@fr\/115897801328423092","error":""},"_links":{"self":[{"href":"https:\/\/www.europesays.com\/fr\/wp-json\/wp\/v2\/posts\/664744","targetHints":{"allow":["GET"]}}],"collection":[{"href":"https:\/\/www.europesays.com\/fr\/wp-json\/wp\/v2\/posts"}],"about":[{"href":"https:\/\/www.europesays.com\/fr\/wp-json\/wp\/v2\/types\/post"}],"author":[{"embeddable":true,"href":"https:\/\/www.europesays.com\/fr\/wp-json\/wp\/v2\/users\/2"}],"replies":[{"embeddable":true,"href":"https:\/\/www.europesays.com\/fr\/wp-json\/wp\/v2\/comments?post=664744"}],"version-history":[{"count":0,"href":"https:\/\/www.europesays.com\/fr\/wp-json\/wp\/v2\/posts\/664744\/revisions"}],"wp:featuredmedia":[{"embeddable":true,"href":"https:\/\/www.europesays.com\/fr\/wp-json\/wp\/v2\/media\/664745"}],"wp:attachment":[{"href":"https:\/\/www.europesays.com\/fr\/wp-json\/wp\/v2\/media?parent=664744"}],"wp:term":[{"taxonomy":"category","embeddable":true,"href":"https:\/\/www.europesays.com\/fr\/wp-json\/wp\/v2\/categories?post=664744"},{"taxonomy":"post_tag","embeddable":true,"href":"https:\/\/www.europesays.com\/fr\/wp-json\/wp\/v2\/tags?post=664744"}],"curies":[{"name":"wp","href":"https:\/\/api.w.org\/{rel}","templated":true}]}}