{"id":664746,"date":"2026-01-15T06:54:10","date_gmt":"2026-01-15T06:54:10","guid":{"rendered":"https:\/\/www.europesays.com\/fr\/664746\/"},"modified":"2026-01-15T06:54:10","modified_gmt":"2026-01-15T06:54:10","slug":"la-gestion-technique-des-batiments-un-secteur-porteur-pour-acorus-verdone","status":"publish","type":"post","link":"https:\/\/www.europesays.com\/fr\/664746\/","title":{"rendered":"La gestion technique des b\u00e2timents, un secteur porteur pour Acorus-Verdone"},"content":{"rendered":"<p>Le d\u00e9cret Bacs (\u00ab\u00a0building automation and control system\u00a0\u00bb), issu des travaux de la COP\u00a021 \u00e0 Paris, impose en effet aux entreprises de mettre en place des sc\u00e9narios d\u2019usage vertueux de leurs b\u00e2timents gr\u00e2ce \u00e0 un suivi \u00e9nerg\u00e9tique et des fonctions de r\u00e9gulation, dans l\u2019objectif de sortir de la d\u00e9pendance aux \u00e9nergies fossiles. Dans ce march\u00e9 tr\u00e8s porteur, <a href=\"https:\/\/www.verdone.fr\/\" target=\"_blank\" rel=\"nofollow noopener\">la soci\u00e9t\u00e9 sp\u00e9cialis\u00e9e Verdone<\/a> cherche \u00e0 se d\u00e9velopper dans la r\u00e9gion bordelaise. Pour y parvenir, la PME toulousaine a rejoint le groupe Acorus install\u00e9 \u00e0 M\u00e9rignac, il y a un an.<\/p>\n<p>B\u00e2timents industriels a\u00e9ronautiques<\/p>\n<p>La soci\u00e9t\u00e9 dispose d\u2019une expertise recherch\u00e9e dans son domaine. Pour le CNRS, Acorus-Verdone a, par exemple, install\u00e9 un syst\u00e8me de gestion des flux d\u2019air dans un labo de mani\u00e8re \u00e0 \u00e9viter la fuite de virus. En Gironde, elle cible plut\u00f4t le secteur de l\u2019a\u00e9ronautique. \u00ab\u00a0Nous travaillons d\u00e9j\u00e0 avec Airbus et les grands groupes a\u00e9ronautiques, souligne David Caillier, le directeur g\u00e9n\u00e9ral. \u00c0\u00a0Bordeaux, le parc industriel est bien d\u00e9velopp\u00e9 dans ce domaine. Nous comptons ArianeGroup parmi notre client\u00e8le et nous ciblons maintenant des acteurs comme Dassault. Nous sommes actuellement en plein ciblage commercial aupr\u00e8s de tous ces grands groupes du secteur.\u00a0\u00bb <\/p>\n<p>La plupart des b\u00e2timents industriels sont d\u00e9j\u00e0 \u00e9quip\u00e9s de syst\u00e8mes de gestion automatis\u00e9s, mais beaucoup datent des ann\u00e9es 1980 et ils s\u2018av\u00e8rent aujourd\u2019hui obsol\u00e8tes. Il y a donc un gros besoin de renouvellement de ces \u00e9quipements.<\/p>\n<p>        <img decoding=\"async\" id=\"27392705\" src=\"https:\/\/www.europesays.com\/fr\/wp-content\/uploads\/2026\/01\/20240503-110547.jpg\" itemprop=\"contentURL\"\/><\/p>\n<p>Acorus-Verdone<\/p>\n<p>    Tensions sur les recrutements<\/p>\n<p>Dans ce contexte, Verdone conna\u00eet une croissance importante de 10\u00a0% en 2025 et table sur le m\u00eame \u00e9lan en 2026. La PME est ainsi pass\u00e9e de 33 \u00e0 40\u00a0salari\u00e9s l\u2019ann\u00e9e derni\u00e8re et va continuer \u00e0 recruter pour servir ses nouveaux clients dans la r\u00e9gion bordelaise. Pour cela, elle va devoir recruter encore, et la t\u00e2che n\u2019est pas ais\u00e9e. \u00ab\u00a0Nos m\u00e9tiers sont tr\u00e8s tendus en termes de ressources, poursuit David Caillier. Les candidats sont tr\u00e8s difficiles \u00e0 trouver car il n\u2019y a pas d\u2019\u00e9cole d\u00e9di\u00e9e. Nous avons besoin d\u2019automaticiens professionnels d\u00e9j\u00e0 form\u00e9s, ou de jeunes que nous formons en interne mais cela prend du temps.\u00a0\u00bb<\/p>\n","protected":false},"excerpt":{"rendered":"Le d\u00e9cret Bacs (\u00ab\u00a0building automation and control system\u00a0\u00bb), issu des travaux de la COP\u00a021 \u00e0 Paris, impose en&hellip;\n","protected":false},"author":2,"featured_media":664747,"comment_status":"","ping_status":"","sticky":false,"template":"","format":"standard","meta":{"footnotes":""},"categories":[2816],"tags":[1111,11,1777,674,1011,27,12,2680,25,2312],"class_list":{"0":"post-664746","1":"post","2":"type-post","3":"status-publish","4":"format-standard","5":"has-post-thumbnail","7":"category-toulouse","8":"tag-actu","9":"tag-actualites","10":"tag-eu","11":"tag-europe","12":"tag-fr","13":"tag-france","14":"tag-news","15":"tag-occitanie","16":"tag-republique-francaise","17":"tag-toulouse"},"share_on_mastodon":{"url":"https:\/\/pubeurope.com\/@fr\/115897805363891876","error":""},"_links":{"self":[{"href":"https:\/\/www.europesays.com\/fr\/wp-json\/wp\/v2\/posts\/664746","targetHints":{"allow":["GET"]}}],"collection":[{"href":"https:\/\/www.europesays.com\/fr\/wp-json\/wp\/v2\/posts"}],"about":[{"href":"https:\/\/www.europesays.com\/fr\/wp-json\/wp\/v2\/types\/post"}],"author":[{"embeddable":true,"href":"https:\/\/www.europesays.com\/fr\/wp-json\/wp\/v2\/users\/2"}],"replies":[{"embeddable":true,"href":"https:\/\/www.europesays.com\/fr\/wp-json\/wp\/v2\/comments?post=664746"}],"version-history":[{"count":0,"href":"https:\/\/www.europesays.com\/fr\/wp-json\/wp\/v2\/posts\/664746\/revisions"}],"wp:featuredmedia":[{"embeddable":true,"href":"https:\/\/www.europesays.com\/fr\/wp-json\/wp\/v2\/media\/664747"}],"wp:attachment":[{"href":"https:\/\/www.europesays.com\/fr\/wp-json\/wp\/v2\/media?parent=664746"}],"wp:term":[{"taxonomy":"category","embeddable":true,"href":"https:\/\/www.europesays.com\/fr\/wp-json\/wp\/v2\/categories?post=664746"},{"taxonomy":"post_tag","embeddable":true,"href":"https:\/\/www.europesays.com\/fr\/wp-json\/wp\/v2\/tags?post=664746"}],"curies":[{"name":"wp","href":"https:\/\/api.w.org\/{rel}","templated":true}]}}