{"id":664748,"date":"2026-01-15T06:55:11","date_gmt":"2026-01-15T06:55:11","guid":{"rendered":"https:\/\/www.europesays.com\/fr\/664748\/"},"modified":"2026-01-15T06:55:11","modified_gmt":"2026-01-15T06:55:11","slug":"les-terrasses-ont-demenage-place-du-capitole-voici-pourquoi","status":"publish","type":"post","link":"https:\/\/www.europesays.com\/fr\/664748\/","title":{"rendered":"les terrasses ont d\u00e9m\u00e9nag\u00e9 place du Capitole, voici pourquoi"},"content":{"rendered":"<p>                    Par<br \/>\n        <strong><br \/>\n            <a href=\"https:\/\/actu.fr\/auteur\/anaelle-petit\" title=\"Consulter tous les articles de Ana\u00eblle Petit\" target=\"_blank\" rel=\"noopener\">Ana\u00eblle Petit<\/a><br \/>\n                    <\/strong><\/p>\n<p>        Publi\u00e9 le<\/p>\n<p>            15 janv. 2026 \u00e0 6h16        <\/p>\n<p>Depuis lundi 12\u00a0janvier 2026, commer\u00e7ants et passants doivent s\u2019adapter <a href=\"https:\/\/actu.fr\/occitanie\/toulouse_31555\/le-monument-prefere-des-francais-sur-france-3-a-quelle-place-a-termine-la-place-du-capitole-de-toulouse_63179122.html\" target=\"_blank\" rel=\"noopener\"><strong>place du Capitole, <\/strong><\/a><strong>\u00e0 <a href=\"https:\/\/actu.fr\/toulouse\/\" target=\"_blank\" rel=\"noopener\">Toulouse.<\/a><\/strong>Terrasses d\u00e9m\u00e9nag\u00e9es, acc\u00e8s restreint, voici les raisons de ce remaniement qui devrait durer encore <strong>six semaines<\/strong> et qui risque d\u2019impacter les boutiques et restaurants.<\/p>\n<p>Les terrasses des restaurants ont \u00e9t\u00e9 avanc\u00e9es<\/p>\n<p class=\" wall-content\">Durant six semaines, la <strong>rue Romigui\u00e8res<\/strong> et le long du parvis attenant aux <strong>arcades<\/strong> de la place du Capitole font l\u2019objet de<strong> travaux de r\u00e9novation<\/strong> du r\u00e9seau d\u2019assainissement.<\/p>\n<p class=\" wall-content\">R\u00e9alis\u00e9s par <strong>Eau de Toulouse M\u00e9tropole<\/strong>, ces travaux ont impos\u00e9 le r\u00e9am\u00e9nagement de la place et de l\u2019acc\u00e8s aux commerces. Les terrasses des restaurants ont \u00e9t\u00e9 avanc\u00e9es par-devant les barri\u00e8res.<\/p>\n<p class=\" wall-content\">Les enseignes restent ouvertes, tout comme l\u2019acc\u00e8s pi\u00e9ton et PMR, possible sur la place ou derri\u00e8re les barri\u00e8res m\u00e9talliques et la grande b\u00e2che qui d\u00e9limite le p\u00e9rim\u00e8tre du chantier.<\/p>\n<p>\u00ab\u2009Personne ne nous voit derri\u00e8re les travaux\u2009\u00bb<\/p>\n<p class=\" wall-content\">Pour les commer\u00e7ants, difficile de ne pas constater la <strong>baisse d\u2019affluence<\/strong>. Dans la rue Romigui\u00e8res, la boutique <strong>TLSE Cadeaux Et Souvenirs<\/strong> est enti\u00e8rement cach\u00e9e derri\u00e8re les travaux.<\/p>\n<p class=\" wall-content\">\u00ab\u2009Personne ne nous voit derri\u00e8re les barri\u00e8res. Habituellement, j\u2019ouvre la porte et j\u2019ai des pr\u00e9sentoirs devant, l\u00e0, je ne peux pas \u00e0 cause de la poussi\u00e8re. On m\u2019a m\u00eame demand\u00e9 de retirer mon panneau publicitaire\u2009\u00bb, confie <strong>Rizlene.D<\/strong>, la responsable.<\/p>\n<p>\u00ab\u2009J\u2019ai perdu 80\u2009% de mon chiffre d\u2019affaires\u2009\u00bb<\/p>\n<p class=\" wall-content\">Elle affirme avoir perdu au moins <strong>80\u2009% de son chiffre d\u2019affaires<\/strong> journalier habituel sur la journ\u00e9e d\u2019hier, et craint que cela p\u00e8se durablement sur son activit\u00e9 pendant toute la dur\u00e9e de la r\u00e9novation.<\/p>\n<p>Votre r\u00e9gion, votre actu !<\/p>\n<p>Recevez chaque jour les infos qui comptent pour vous.<\/p>\n<p>\t<a href=\"https:\/\/actu.fr\/newsletter\" class=\"ac-btn ac-btn--corner ac-btn--medium ac-btn--blue800\" target=\"_blank\" rel=\"noopener\">S&rsquo;incrire<\/a><\/p>\n<p class=\" wall-content\">Un peu plus loin, sous les arcades, le responsable de la pizzeria<strong> Osteria Le Bellini<\/strong> assure toutefois qu\u2019il \u00ab\u2009vaut mieux que les travaux se d\u00e9roulent en p\u00e9riode creuse. En janvier et en f\u00e9vrier peu de gens utilisent notre terrasse.\u2009\u00bb<\/p>\n<p class=\" wall-content\">Il nuance tout de m\u00eame\u2009: \u00ab\u2009Par contre, les clients doivent venir jusque <strong>derri\u00e8re les barri\u00e8res<\/strong> pour voir que l\u2019on est ouvert\u2009\u00bb.<\/p>\n<p>\u00ab\u2009Il faut bien y passer \u00e0 un moment donn\u00e9\u2009\u00bb<\/p>\n<p class=\" wall-content\">Du c\u00f4t\u00e9 des Toulousains, certains d\u00e9plorent<strong> les nuisances<\/strong> caus\u00e9es par les chantiers.<\/p>\n<p class=\" wall-content\">\u00ab\u2009On s\u2019entend \u00e0 peine parler, si je vais manger ailleurs, c\u2019est davantage <strong>en raison du bruit<\/strong> que de l\u2019am\u00e9nagement en lui-m\u00eame\u2009\u00bb, affirme l\u2019un d\u2019entre eux.<\/p>\n<p class=\" wall-content\">D\u2019autres tol\u00e8rent cette p\u00e9riode de travaux, qu\u2019ils estiment n\u00e9cessaire. \u00ab\u2009Les travaux, c\u2019est g\u00e9n\u00e9ralement l\u00e0 pour <strong>am\u00e9liorer la ville<\/strong>, il faut bien y passer \u00e0 un moment donn\u00e9, donc non, \u00e7a ne me d\u00e9range pas que \u00e7a reste comme \u00e7a quelque temps\u2009\u00bb, explique une passante.<\/p>\n<p>Tout est mis en \u0153uvre\u2009pour limiter la g\u00eane<\/p>\n<p class=\" wall-content\">Ce chantier fait suite \u00e0 des <strong>infiltrations<\/strong> r\u00e9cemment identifi\u00e9es dans les sous-sols. Toulouse M\u00e9tropole confirme que les travaux de modernisation des r\u00e9seaux sous terrains d\u2019assainissement de la place du Capitole ont \u00e9t\u00e9 d\u00e9cid\u00e9s \u00ab\u2009en accord avec <strong>l\u2019association et la f\u00e9d\u00e9ration des commer\u00e7ants<\/strong> et apr\u00e8s des r\u00e9unions de pr\u00e9sentation et de concertation\u2009\u00bb.<\/p>\n<p class=\" wall-content\">\u00ab\u2009En lien avec les entreprises intervenant sur le chantier, la Collectivit\u00e9 met tout en \u0153uvre pour minimiser les potentielles g\u00eanes occasionn\u00e9es (bruit, poussi\u00e8re)\u2009\u00bb, explique la mairie.<\/p>\n<p class=\" wall-content\">Afin de limiter les nuisances, une <strong>interruption<\/strong> quotidienne du chantier est pr\u00e9vue entre 12\u2009h\u200930 et 13\u2009h\u200930 ainsi qu\u2019une r\u00e9duction des t\u00e2ches bruyantes de 12\u2009h \u00e0 12\u2009h\u200930 et de 13\u2009h\u200930 \u00e0 14\u2009h.<\/p>\n<p class=\" wall-content\">Personnalisez votre actualit\u00e9 en ajoutant vos villes et m\u00e9dias en favori avec <a href=\"https:\/\/moncompte.actu.fr\" title=\"D\u00e9couvez Mon Actu\" rel=\"nofollow noopener\" data-trk=\"{&quot;cta&quot;:{&quot;action&quot;:&quot;https:\\\/\\\/moncompte.actu.fr&quot;,&quot;category&quot;:&quot;mon compte&quot;,&quot;from&quot;:&quot;article footer&quot;,&quot;name&quot;:&quot;Mon actu&quot;,&quot;type&quot;:&quot;cta&quot;}}\" target=\"_blank\">Mon Actu<\/a>.<\/p>\n","protected":false},"excerpt":{"rendered":"Par Ana\u00eblle Petit Publi\u00e9 le 15 janv. 2026 \u00e0 6h16 Depuis lundi 12\u00a0janvier 2026, commer\u00e7ants et passants doivent&hellip;\n","protected":false},"author":2,"featured_media":664749,"comment_status":"","ping_status":"","sticky":false,"template":"","format":"standard","meta":{"footnotes":""},"categories":[2816],"tags":[1111,11,4519,215,1777,674,1011,27,12,2680,25,104,2312,2086],"class_list":{"0":"post-664748","1":"post","2":"type-post","3":"status-publish","4":"format-standard","5":"has-post-thumbnail","7":"category-toulouse","8":"tag-actu","9":"tag-actualites","10":"tag-capitole","11":"tag-commerce","12":"tag-eu","13":"tag-europe","14":"tag-fr","15":"tag-france","16":"tag-news","17":"tag-occitanie","18":"tag-republique-francaise","19":"tag-societe","20":"tag-toulouse","21":"tag-travaux"},"share_on_mastodon":{"url":"https:\/\/pubeurope.com\/@fr\/115897809190511499","error":""},"_links":{"self":[{"href":"https:\/\/www.europesays.com\/fr\/wp-json\/wp\/v2\/posts\/664748","targetHints":{"allow":["GET"]}}],"collection":[{"href":"https:\/\/www.europesays.com\/fr\/wp-json\/wp\/v2\/posts"}],"about":[{"href":"https:\/\/www.europesays.com\/fr\/wp-json\/wp\/v2\/types\/post"}],"author":[{"embeddable":true,"href":"https:\/\/www.europesays.com\/fr\/wp-json\/wp\/v2\/users\/2"}],"replies":[{"embeddable":true,"href":"https:\/\/www.europesays.com\/fr\/wp-json\/wp\/v2\/comments?post=664748"}],"version-history":[{"count":0,"href":"https:\/\/www.europesays.com\/fr\/wp-json\/wp\/v2\/posts\/664748\/revisions"}],"wp:featuredmedia":[{"embeddable":true,"href":"https:\/\/www.europesays.com\/fr\/wp-json\/wp\/v2\/media\/664749"}],"wp:attachment":[{"href":"https:\/\/www.europesays.com\/fr\/wp-json\/wp\/v2\/media?parent=664748"}],"wp:term":[{"taxonomy":"category","embeddable":true,"href":"https:\/\/www.europesays.com\/fr\/wp-json\/wp\/v2\/categories?post=664748"},{"taxonomy":"post_tag","embeddable":true,"href":"https:\/\/www.europesays.com\/fr\/wp-json\/wp\/v2\/tags?post=664748"}],"curies":[{"name":"wp","href":"https:\/\/api.w.org\/{rel}","templated":true}]}}