{"id":664750,"date":"2026-01-15T06:57:11","date_gmt":"2026-01-15T06:57:11","guid":{"rendered":"https:\/\/www.europesays.com\/fr\/664750\/"},"modified":"2026-01-15T06:57:11","modified_gmt":"2026-01-15T06:57:11","slug":"ligue-1-de-football-affluence-record-dans-les-stades-a-mi-saison-quen-est-il-a-lens-et-lille","status":"publish","type":"post","link":"https:\/\/www.europesays.com\/fr\/664750\/","title":{"rendered":"Ligue 1 de football. Affluence record dans les stades \u00e0 mi-saison, qu&rsquo;en est-il \u00e0 Lens et Lille ?"},"content":{"rendered":"<p class=\"article__intro\">Un communiqu\u00e9 de la LFP assure que 4,21 millions de spectateurs ont suivi dans les stades les 17 premi\u00e8res journ\u00e9es de la saison 2025-2026. Un record depuis le passage \u00e0 18 \u00e9quipes lors de la saison 2023-2024.<\/p>\n<p>\n      L\u2019actu des r\u00e9gions\n    <\/p>\n<p>\n      Chaque jour, un tour d\u2019horizon des principales infos de toutes les r\u00e9gions.\n    <\/p>\n<p>    France T\u00e9l\u00e9visions utilise votre adresse e-mail afin de vous envoyer la newsletter \u00ab\u00a0L\u2019actu des r\u00e9gions\u00a0\u00bb. Vous pouvez vous d\u00e9sinscrire \u00e0 tout moment via le lien en bas de cette newsletter. <a target=\"_blank\" href=\"https:\/\/www.francetelevisions.fr\/groupe\/confidentialite\/politique-de-confidentialite\/politique-de-confidentialite-de-france-televisions-6503\" rel=\"noopener\">Notre politique de confidentialit\u00e9<\/a><\/p>\n<p>C&rsquo;est un \u00ab\u00a0nouveau record depuis le passage \u00e0 18 clubs, soit une hausse de 8.000 spectateurs par rapport \u00e0 la mi saison 2024-2025, date du pr\u00e9c\u00e9dent record \u00e0 mi-parcours\u00a0\u00bb, souligne un communiqu\u00e9 de la Ligue de Football Professionnel.<\/p>\n<blockquote class=\"twitter-tweet\">\n<p dir=\"ltr\" lang=\"fr\">UNE AFFLUENCE RECORD \u00c0 MI-SAISON : LA LIGUE 1 MCDONALD\u2019S CONFIRME SON ATTRACTIVIT\u00c9<br \/>4,21 millions de spectateurs ont assist\u00e9 aux matchs des 17 premi\u00e8res journ\u00e9es. Un nouveau record depuis le passage \u00e0 18 clubs, soit une hausse de 8.000 spectateurs par rapport \u00e0 la mi saison\u2026 <a href=\"https:\/\/t.co\/eBr0SnQMKy\">pic.twitter.com\/eBr0SnQMKy<\/a><\/p>\n<p>\u2014 Ligue de Football Professionnel (@LFPfr) <a href=\"https:\/\/twitter.com\/LFPfr\/status\/2011017545512280144?ref_src=twsrc%5Etfw\" target=\"_blank\" rel=\"noopener\">January 13, 2026<\/a><\/p><\/blockquote>\n<p>\u00c0 Lens, le stade Bollaert &#8211; Delelis, de 38 223 places, compte 28 400 abonn\u00e9s, soit 74,3% de la capacit\u00e9 du stade. La liste d&rsquo;attente est de 20 000 personnes, mais on ne sait quelle part de ces 20 000 personnes serait en mesure d&rsquo;acheter un abonnement en tribune <a href=\"https:\/\/www.rclens.fr\/fr\/stade-bollaert-delelis-tribunes\" target=\"_blank\" rel=\"noopener noreferrer nofollow\" data-tooltip-url=\"https:\/\/www.rclens.fr\/fr\/stade-bollaert-delelis-tribunes\">Lepagnot (plus \u00ab\u00a0officelle\u00a0\u00bb), la tribune Marek (plus \u00ab\u00a0anim\u00e9e\u00a0\u00bb)<\/a> n&rsquo;\u00e9tant plus disponible dans certaines cat\u00e9gories.<\/p>\n<p>Toujours est-il que pour la premi\u00e8re partie de saison 2025-2026, l&rsquo;affluence moyenne est de 37 317 spectateurs, \u00ab\u00a0en baisse de 1,2% par rapport \u00e0 la mi-saison 2024-2025, en raison notamment d&rsquo;une jauge partielle sur le match RC Lens\/Paris FC (fermeture de la tribune Marek)\u00a0\u00bb, pr\u00e9cise la communication du club.<\/p>\n<p>L&rsquo;affluence moyenne record du stade (depuis que le stade poss\u00e8de une capacit\u00e9 commerciale de 38 223 places) a \u00e9t\u00e9 atteinte lors de la saison 2024-2025 avec 37 936 spectateurs par match. Un nombre qui d\u00e9pend du nombre de visiteurs en parcage (1000 places \u00e0 Bollaert).<\/p>\n<p>Ainsi, voici le top 3, par saison, des affluences moyennes : 37 936 spectateurs pour la saison 2024-2025 ; 37 823 spectateurs pour la saison 2023-2024 et 37 704 spectateurs pour la saison 2022-2023. Le taux de remplissage moyen est de 99% et le RC Lens et Paris-Saint-Germain se disputent la premi\u00e8re place depuis plusieurs saisons. Un engouement qui s&rsquo;explique par la \u00ab\u00a0remont\u00e9e du club en Ligue 1\u00a0\u00bb, la p\u00e9riode \u00ab\u00a0post-Covid 19 o\u00f9 la fr\u00e9quentation des stade en France \u00e0 naturellement augment\u00e9e\u00a0\u00bb, le projet sportif global et le \u00ab\u00a0ph\u00e9nom\u00e8ne de raret\u00e9 des places\u00a0\u00bb avec une demande sup\u00e9rieure \u00e0 l&rsquo;offre.<\/p>\n<p>Lille, qui dispose d&rsquo;un stade de 49 082 places<strong> <\/strong>a enregistr\u00e9 une affluence moyenne de 43 250 spectateurs lors de la premi\u00e8re moiti\u00e9 de la saison 2025-2026 avec un taux de remplissage \u00e0 88%. Si Lille est donc en termes de fr\u00e9quentation \u00e0 la 4e place du classement, derri\u00e8re Marseille (64 951 spectateurs en moyenne), l&rsquo;Olympique Lyonnais (49 216 spectateurs), le Paris-Saint-Germain (47 703) et devant Lens (5e, avec 37 317 spectateurs en moyenne) ; en revanche, en termes de taux de remplissage, Lens (98%) est devant avec Paris (100%) et Marseille (98%) puis, viennent les clubs de Strasbourg, Brest, Rennes, Auxerre, Lorient, Paris FC et Lille (10e, avec 88% de taux de remplissage).<\/p>\n<p>B\u00e9mol pour Lille, si les premiers matchs de la saison europ\u00e9enne n&rsquo;ont pas fait le plein, entre 17 500 (contre le SK Brann) et 23 700 supporters (contre le PAOK Salonique) avec des affiches moins percutantes que le Real Madrid (la saison d&rsquo;avant) et une programmation en semaine ; le LOSC compte, tout de m\u00eame, par ailleurs, 32 500 abonn\u00e9s (65% des places), cette saison, ce qui est un record. <\/p>\n<p>Les raisons de ce record en nombre d&rsquo;abonn\u00e9s, selon le club sont : \u00ab\u00a0La pr\u00e9sence r\u00e9guli\u00e8re en coupe d&rsquo;Europe, la pr\u00e9sence r\u00e9guli\u00e8re du club dans le top 5 fran\u00e7ais, des joueurs connus et reconnus, jeunes talents ou talents confirm\u00e9s, un accueil au stade r\u00e9compens\u00e9 sur le food and beverage, l&rsquo;engagement territorial, et bien s\u00fbr une vraie communaut\u00e9 d&rsquo;aficionados qui est une base solide et p\u00e9renne pour le club\u00a0\u00bb. <\/p>\n<p>  <script async src=\"https:\/\/platform.twitter.com\/widgets.js\" charset=\"utf-8\"><\/script><\/p>\n","protected":false},"excerpt":{"rendered":"Un communiqu\u00e9 de la LFP assure que 4,21 millions de spectateurs ont suivi dans les stades les 17&hellip;\n","protected":false},"author":2,"featured_media":664751,"comment_status":"","ping_status":"","sticky":false,"template":"","format":"standard","meta":{"footnotes":""},"categories":[2815],"tags":[1111,11,1777,674,1011,27,811,1307,12,25],"class_list":{"0":"post-664750","1":"post","2":"type-post","3":"status-publish","4":"format-standard","5":"has-post-thumbnail","7":"category-lille","8":"tag-actu","9":"tag-actualites","10":"tag-eu","11":"tag-europe","12":"tag-fr","13":"tag-france","14":"tag-hauts-de-france","15":"tag-lille","16":"tag-news","17":"tag-republique-francaise"},"share_on_mastodon":{"url":"https:\/\/pubeurope.com\/@fr\/115897817069464415","error":""},"_links":{"self":[{"href":"https:\/\/www.europesays.com\/fr\/wp-json\/wp\/v2\/posts\/664750","targetHints":{"allow":["GET"]}}],"collection":[{"href":"https:\/\/www.europesays.com\/fr\/wp-json\/wp\/v2\/posts"}],"about":[{"href":"https:\/\/www.europesays.com\/fr\/wp-json\/wp\/v2\/types\/post"}],"author":[{"embeddable":true,"href":"https:\/\/www.europesays.com\/fr\/wp-json\/wp\/v2\/users\/2"}],"replies":[{"embeddable":true,"href":"https:\/\/www.europesays.com\/fr\/wp-json\/wp\/v2\/comments?post=664750"}],"version-history":[{"count":0,"href":"https:\/\/www.europesays.com\/fr\/wp-json\/wp\/v2\/posts\/664750\/revisions"}],"wp:featuredmedia":[{"embeddable":true,"href":"https:\/\/www.europesays.com\/fr\/wp-json\/wp\/v2\/media\/664751"}],"wp:attachment":[{"href":"https:\/\/www.europesays.com\/fr\/wp-json\/wp\/v2\/media?parent=664750"}],"wp:term":[{"taxonomy":"category","embeddable":true,"href":"https:\/\/www.europesays.com\/fr\/wp-json\/wp\/v2\/categories?post=664750"},{"taxonomy":"post_tag","embeddable":true,"href":"https:\/\/www.europesays.com\/fr\/wp-json\/wp\/v2\/tags?post=664750"}],"curies":[{"name":"wp","href":"https:\/\/api.w.org\/{rel}","templated":true}]}}