{"id":664752,"date":"2026-01-15T06:58:12","date_gmt":"2026-01-15T06:58:12","guid":{"rendered":"https:\/\/www.europesays.com\/fr\/664752\/"},"modified":"2026-01-15T06:58:12","modified_gmt":"2026-01-15T06:58:12","slug":"horoscope-2026-poisson-decouvrez-les-previsions-pour-votre-signe","status":"publish","type":"post","link":"https:\/\/www.europesays.com\/fr\/664752\/","title":{"rendered":"Horoscope 2026\u00a0: Poisson, d\u00e9couvrez les pr\u00e9visions pour votre signe"},"content":{"rendered":"<p>\n                                                                Comme chaque ann\u00e9e, nous avons demand\u00e9 \u00e0 Suzie Gentile, astrologue r\u00e9put\u00e9e, de scruter le ciel pour 2026. Pour les Poisson \u2013 entre le 20\u00a0f\u00e9vrier et le 20\u00a0mars \u2013 2026 sera une ann\u00e9e pour mettre vos lunettes roses.\n                            <\/p>\n<p>Du soleil et des nuages, du rose et du gris\u00a0! Mais vous saurez prendre le recul n\u00e9cessaire pour faire face \u00e0 la situation. Le premier trimestre vous oblige aux remises en questions. Vous ferez contre mauvaise fortune bon c\u0153ur et vous opterez pour la bonne humeur. Le dernier trimestre, les astres sont plus cl\u00e9ments \u00e0 votre encontre. Votre \u00e9nergie sera d\u00e9cupl\u00e9e et vous vous lancerez dans de nouveaux projets.<\/p>\n<p>Amour<\/p>\n<p>Si vous \u00eates dans une situation bancale, vous prendrez les d\u00e9cisions qui s\u2019imposent pour en sortir au plus vite. Vous aspirerez au calme et \u00e0 l\u2019harmonie. Vous tirerez les le\u00e7ons du pass\u00e9 et vous saurez mieux que quiconque utiliser les raccourcis du bonheur. Apr\u00e8s des ruptures et des retrouvailles, il y a la promesse de la renaissance d\u2019un amour\u2026 P\u00e9riodes b\u00e9n\u00e9fiques\u00a0: mi-janvier, mi-mars, fin ao\u00fbt.<\/p>\n<p>Travail<\/p>\n<p>Malgr\u00e9 les remises en question et les changements, les astres vous donneront un coup de pouce. Cela vous permettra de rebondir. Ne doutez pas de vous\u00a0! Les astres vous bousculent en milieu d\u2019ann\u00e9e. Heureusement, vous serez soutenu par votre entourage. S\u2019ouvrira alors une p\u00e9riode d\u2019intense activit\u00e9. Dans ce contexte stimulant, vous rassemblerez vos forces et irez \u00e0 l\u2019essentiel. P\u00e9riodes b\u00e9n\u00e9fiques\u00a0: mi-janvier, fin juillet, mi-d\u00e9cembre.<\/p>\n<p>Finance<\/p>\n<p>Vous prendrez les d\u00e9cisions ad\u00e9quates pour \u00e9quilibrer votre budget. Il faudra tenir les cordons de la bourse serr\u00e9s si vous voulez r\u00e9aliser certains projets. Saturne renforcera votre c\u00f4t\u00e9 pragmatique. Vos efforts seront payants et vous en r\u00e9colterez les fruits en mai. Vos gains augmenteront alors. Rassurez-vous, vous serez dans l\u2019ensemble pr\u00e9serv\u00e9 c\u00f4t\u00e9 finance. P\u00e9riodes b\u00e9n\u00e9fiques\u00a0: mi-janvier, d\u00e9but avril, mi-septembre.<\/p>\n<p>Forme<\/p>\n<p>Des baisses de tonus peuvent se faire sentir en d\u00e9but d\u2019ann\u00e9e et votre moral risque d\u2019en prendre un coup. R\u00e9agissez, \u00e9vitez l\u2019autom\u00e9dication et consultez votre g\u00e9n\u00e9raliste. Vous avez parfois une f\u00e2cheuse tendance \u00e0 aller au-del\u00e0 de vos limites. Mais cette ann\u00e9e contre toute attente, vous vous occuperez un peu plus de vous. Essayez la thalasso vous en reviendrez transform\u00e9\u00a0! P\u00e9riodes b\u00e9n\u00e9fiques\u00a0: mi-janvier, fin mars, fin novembre.<\/p>\n","protected":false},"excerpt":{"rendered":"Comme chaque ann\u00e9e, nous avons demand\u00e9 \u00e0 Suzie Gentile, astrologue r\u00e9put\u00e9e, de scruter le ciel pour 2026. Pour&hellip;\n","protected":false},"author":2,"featured_media":664753,"comment_status":"","ping_status":"","sticky":false,"template":"","format":"standard","meta":{"footnotes":""},"categories":[2814],"tags":[1111,11,18483,1777,674,1011,27,157,884,6209,12,882,25],"class_list":{"0":"post-664752","1":"post","2":"type-post","3":"status-publish","4":"format-standard","5":"has-post-thumbnail","7":"category-marseille","8":"tag-actu","9":"tag-actualites","10":"tag-aveyron","11":"tag-eu","12":"tag-europe","13":"tag-fr","14":"tag-france","15":"tag-horoscope","16":"tag-marseille","17":"tag-millau","18":"tag-news","19":"tag-provence-alpes-cote-dazur","20":"tag-republique-francaise"},"share_on_mastodon":{"url":"https:\/\/pubeurope.com\/@fr\/115897821125372319","error":""},"_links":{"self":[{"href":"https:\/\/www.europesays.com\/fr\/wp-json\/wp\/v2\/posts\/664752","targetHints":{"allow":["GET"]}}],"collection":[{"href":"https:\/\/www.europesays.com\/fr\/wp-json\/wp\/v2\/posts"}],"about":[{"href":"https:\/\/www.europesays.com\/fr\/wp-json\/wp\/v2\/types\/post"}],"author":[{"embeddable":true,"href":"https:\/\/www.europesays.com\/fr\/wp-json\/wp\/v2\/users\/2"}],"replies":[{"embeddable":true,"href":"https:\/\/www.europesays.com\/fr\/wp-json\/wp\/v2\/comments?post=664752"}],"version-history":[{"count":0,"href":"https:\/\/www.europesays.com\/fr\/wp-json\/wp\/v2\/posts\/664752\/revisions"}],"wp:featuredmedia":[{"embeddable":true,"href":"https:\/\/www.europesays.com\/fr\/wp-json\/wp\/v2\/media\/664753"}],"wp:attachment":[{"href":"https:\/\/www.europesays.com\/fr\/wp-json\/wp\/v2\/media?parent=664752"}],"wp:term":[{"taxonomy":"category","embeddable":true,"href":"https:\/\/www.europesays.com\/fr\/wp-json\/wp\/v2\/categories?post=664752"},{"taxonomy":"post_tag","embeddable":true,"href":"https:\/\/www.europesays.com\/fr\/wp-json\/wp\/v2\/tags?post=664752"}],"curies":[{"name":"wp","href":"https:\/\/api.w.org\/{rel}","templated":true}]}}