{"id":664756,"date":"2026-01-15T07:00:12","date_gmt":"2026-01-15T07:00:12","guid":{"rendered":"https:\/\/www.europesays.com\/fr\/664756\/"},"modified":"2026-01-15T07:00:12","modified_gmt":"2026-01-15T07:00:12","slug":"les-previsions-pour-lyon-et-ses-environs","status":"publish","type":"post","link":"https:\/\/www.europesays.com\/fr\/664756\/","title":{"rendered":"les pr\u00e9visions pour Lyon et ses environs"},"content":{"rendered":"<p>Le d\u00e9partement du Rh\u00f4ne respire enfin. Apr\u00e8s un d\u00e9but janvier glacial marqu\u00e9 par des minimales \u00e0 -7,5\u00a0\u00b0C le 1er\u00a0janvier \u00e0 la station de Lyon Bron, les temp\u00e9ratures s\u2019envolent. Ce 14\u00a0janvier, le mercure a atteint 14,7\u00a0\u00b0C* en maximale, contre une moyenne mensuelle provisoire encore fra\u00eeche mais en nette hausse. Les normales saisonni\u00e8res pour Lyon avoisinent 7\u00a0\u00b0C en janvier, largement d\u00e9pass\u00e9es depuis le 8\u00a0janvier avec des maximales sup\u00e9rieures \u00e0 9\u00a0\u00b0C.<\/p>\n<p>Ce revirement s\u2019explique par une masse d\u2019air oc\u00e9anique venue de l\u2019Atlantique, chassant le froid continental. \u00ab\u00a0Apr\u00e8s plus de deux semaines avec de fortes gel\u00e9es sur de nombreuses r\u00e9gions, les thermom\u00e8tres ont grimp\u00e9 [\u2026] au-dessus des normales de saison. Les niveaux de temp\u00e9ratures que nous retrouvons [\u2026] n\u2019avaient pas \u00e9t\u00e9 observ\u00e9s depuis plus de trois semaines\u00a0\u00bb, note M\u00e9t\u00e9o-France dans son bulletin national. \u00c0 Lyon, sept jours de gel\u00e9es (min &lt;\u00a00\u00a0\u00b0C) ont succ\u00e9d\u00e9 \u00e0 un hiver pr\u00e9coce, avant ce d\u00e9gel rapide.<\/p>\n<p>  Pr\u00e9visions\u00a0: douceur persistante jusqu\u2019au week-end<\/p>\n<p>Pour jeudi, Lyon attend 10\u00a0\u00b0C le matin et 13\u00a0\u00b0C l\u2019apr\u00e8s-midi, sous un ciel voil\u00e9 et un vent de sud mod\u00e9r\u00e9 (rafales \u00e0 55\u00a0km\/h, vigilance jaune). Vendredi portera 9\u00a0\u00b0C en min et 14\u00a0\u00b0C en max, avec nuages croissants. \u00c0 Villefranche-sur-Sa\u00f4ne et Tarare, intra-Rh\u00f4ne, des valeurs similaires\u00a0: 12-13\u00a0\u00b0C jeudi, 10-13\u00a0\u00b0C vendredi, au-dessus des normes. Samedi presque identique avec 9\u00a0\u00b0C min \u00e0 Lyon, 10\u00a0\u00b0C max et ond\u00e9es (3\u00a0mm). Dimanche, reflux \u00e0 5\u00a0\u00b0C matin, 7\u00a0\u00b0C apr\u00e8s-midi.<\/p>\n<p class=\"chiffre\">-3,3\u00a0\u00b0C<\/p>\n<p>La temp\u00e9rature moyenne sur 24 h la plus froide enregistr\u00e9e \u00e0 la station Lyon Bron depuis le d\u00e9but 2026. C\u2019\u00e9tait le 6\u00a0janvier.<\/p>\n<p>Ce redoux s\u2019accompagne d\u2019un temps perturb\u00e9\u00a0: pluies fines pr\u00e9vues en fin de semaine, notamment sur le Beaujolais rhodanien (1-2\u00a0mm \u00e0 Tarare). Les entr\u00e9es maritimes du sud-est favorisent cette douceur humide, avec perturbations progressant d\u2019ouest en est.<\/p>\n<p class=\"note\">(*) Donn\u00e9es de la station Lyon Bron \u00e0 16 heures, ce mercredi 14\u00a0janvier.<\/p>\n","protected":false},"excerpt":{"rendered":"Le d\u00e9partement du Rh\u00f4ne respire enfin. Apr\u00e8s un d\u00e9but janvier glacial marqu\u00e9 par des minimales \u00e0 -7,5\u00a0\u00b0C le&hellip;\n","protected":false},"author":2,"featured_media":664757,"comment_status":"","ping_status":"","sticky":false,"template":"","format":"standard","meta":{"footnotes":""},"categories":[1889],"tags":[1111,11,2430,3152,2757,3153,3154,3155,3156,436,1777,674,107,1011,27,2428,2756,8423,12,25,2429],"class_list":{"0":"post-664756","1":"post","2":"type-post","3":"status-publish","4":"format-standard","5":"has-post-thumbnail","7":"category-lyon","8":"tag-actu","9":"tag-actualites","10":"tag-auvergne-rhone-alpes","11":"tag-edition-est-lyonnais","12":"tag-edition-lyon-villeurbanne","13":"tag-edition-ouest-lyonnais","14":"tag-edition-sud-lyonnais","15":"tag-edition-tarare","16":"tag-edition-villefranche","17":"tag-environnement","18":"tag-eu","19":"tag-europe","20":"tag-fil-info","21":"tag-fr","22":"tag-france","23":"tag-lyon","24":"tag-lyon-bassin","25":"tag-meteorologie-climat","26":"tag-news","27":"tag-republique-francaise","28":"tag-rhone"},"share_on_mastodon":{"url":"https:\/\/pubeurope.com\/@fr\/115897828925561885","error":""},"_links":{"self":[{"href":"https:\/\/www.europesays.com\/fr\/wp-json\/wp\/v2\/posts\/664756","targetHints":{"allow":["GET"]}}],"collection":[{"href":"https:\/\/www.europesays.com\/fr\/wp-json\/wp\/v2\/posts"}],"about":[{"href":"https:\/\/www.europesays.com\/fr\/wp-json\/wp\/v2\/types\/post"}],"author":[{"embeddable":true,"href":"https:\/\/www.europesays.com\/fr\/wp-json\/wp\/v2\/users\/2"}],"replies":[{"embeddable":true,"href":"https:\/\/www.europesays.com\/fr\/wp-json\/wp\/v2\/comments?post=664756"}],"version-history":[{"count":0,"href":"https:\/\/www.europesays.com\/fr\/wp-json\/wp\/v2\/posts\/664756\/revisions"}],"wp:featuredmedia":[{"embeddable":true,"href":"https:\/\/www.europesays.com\/fr\/wp-json\/wp\/v2\/media\/664757"}],"wp:attachment":[{"href":"https:\/\/www.europesays.com\/fr\/wp-json\/wp\/v2\/media?parent=664756"}],"wp:term":[{"taxonomy":"category","embeddable":true,"href":"https:\/\/www.europesays.com\/fr\/wp-json\/wp\/v2\/categories?post=664756"},{"taxonomy":"post_tag","embeddable":true,"href":"https:\/\/www.europesays.com\/fr\/wp-json\/wp\/v2\/tags?post=664756"}],"curies":[{"name":"wp","href":"https:\/\/api.w.org\/{rel}","templated":true}]}}