{"id":664766,"date":"2026-01-15T07:06:17","date_gmt":"2026-01-15T07:06:17","guid":{"rendered":"https:\/\/www.europesays.com\/fr\/664766\/"},"modified":"2026-01-15T07:06:17","modified_gmt":"2026-01-15T07:06:17","slug":"rayons-doeufs-vides-en-supermarches-manque-t-on-vraiment-de-poules-en-france","status":"publish","type":"post","link":"https:\/\/www.europesays.com\/fr\/664766\/","title":{"rendered":"Rayons d\u2019\u0153ufs vides en supermarch\u00e9s : manque-t-on vraiment de poules en France ?"},"content":{"rendered":"<p class=\"paragraph text_align_left lp-f-body-02\">\u00ab \u00c7a me manque et \u00e7a chamboule toute mon organisation. \u00bb Depuis quelques semaines, le supermarch\u00e9 parisien de Julie se retrouve r\u00e9guli\u00e8rement \u00e0 cours <a href=\"https:\/\/www.leparisien.fr\/seine-et-marne-77\/les-oeufs-produits-en-ile-de-france-en-augmentation-constante-depuis-10-ans-26-02-2022-OBJNB7BH55BZJISRQEW3RNCKNQ.php\" target=\"_self\" rel=\"noopener\">d\u2019\u0153ufs<\/a>. Pour cette pesco-v\u00e9g\u00e9tarienne qui \u00ab compense \u00bb ses apports en prot\u00e9ines avec eux, cela repr\u00e9sente un v\u00e9ritable \u00ab manque \u00bb. Elle s\u2019adapte en achetant davantage de fromage. \u00ab Mais c\u2019est frustrant parce que \u00e7a n\u2019apporte pas les m\u00eames vitamines et c\u2019est beaucoup plus gras. \u00bb<\/p>\n<p class=\"\">Comme Julie, de nombreux consommateurs ont constat\u00e9 ces derni\u00e8res semaines des rayons d\u2019\u0153ufs parfois vides. En cause, l\u2019utilisation accrue de cette prot\u00e9ine \u00ab durant la p\u00e9riode des f\u00eates et des galettes \u00bb \u00e0 laquelle s\u2019est ajout\u00e9 <a href=\"https:\/\/www.leparisien.fr\/meteo\/neige\/\" target=\"_blank\" rel=\"noreferrer noopener\">un \u00e9pisode de neige<\/a> qui a mis \u00e0 l\u2019arr\u00eat plus ou moins longtemps les poids lourds, a indiqu\u00e9 le Comit\u00e9 national pour la promotion de l\u2019\u0153uf (CNPO) dans un communiqu\u00e9.<\/p>\n","protected":false},"excerpt":{"rendered":"\u00ab \u00c7a me manque et \u00e7a chamboule toute mon organisation. \u00bb Depuis quelques semaines, le supermarch\u00e9 parisien de&hellip;\n","protected":false},"author":2,"featured_media":664767,"comment_status":"","ping_status":"","sticky":false,"template":"","format":"standard","meta":{"footnotes":""},"categories":[1888],"tags":[11,33,1777,674,1011,27,12,626,25],"class_list":{"0":"post-664766","1":"post","2":"type-post","3":"status-publish","4":"format-standard","5":"has-post-thumbnail","7":"category-paris","8":"tag-actualites","9":"tag-economie","10":"tag-eu","11":"tag-europe","12":"tag-fr","13":"tag-france","14":"tag-news","15":"tag-paris","16":"tag-republique-francaise"},"share_on_mastodon":{"url":"https:\/\/pubeurope.com\/@fr\/115897852493835199","error":""},"_links":{"self":[{"href":"https:\/\/www.europesays.com\/fr\/wp-json\/wp\/v2\/posts\/664766","targetHints":{"allow":["GET"]}}],"collection":[{"href":"https:\/\/www.europesays.com\/fr\/wp-json\/wp\/v2\/posts"}],"about":[{"href":"https:\/\/www.europesays.com\/fr\/wp-json\/wp\/v2\/types\/post"}],"author":[{"embeddable":true,"href":"https:\/\/www.europesays.com\/fr\/wp-json\/wp\/v2\/users\/2"}],"replies":[{"embeddable":true,"href":"https:\/\/www.europesays.com\/fr\/wp-json\/wp\/v2\/comments?post=664766"}],"version-history":[{"count":0,"href":"https:\/\/www.europesays.com\/fr\/wp-json\/wp\/v2\/posts\/664766\/revisions"}],"wp:featuredmedia":[{"embeddable":true,"href":"https:\/\/www.europesays.com\/fr\/wp-json\/wp\/v2\/media\/664767"}],"wp:attachment":[{"href":"https:\/\/www.europesays.com\/fr\/wp-json\/wp\/v2\/media?parent=664766"}],"wp:term":[{"taxonomy":"category","embeddable":true,"href":"https:\/\/www.europesays.com\/fr\/wp-json\/wp\/v2\/categories?post=664766"},{"taxonomy":"post_tag","embeddable":true,"href":"https:\/\/www.europesays.com\/fr\/wp-json\/wp\/v2\/tags?post=664766"}],"curies":[{"name":"wp","href":"https:\/\/api.w.org\/{rel}","templated":true}]}}