{"id":664770,"date":"2026-01-15T07:08:14","date_gmt":"2026-01-15T07:08:14","guid":{"rendered":"https:\/\/www.europesays.com\/fr\/664770\/"},"modified":"2026-01-15T07:08:14","modified_gmt":"2026-01-15T07:08:14","slug":"en-direct-ukraine-kiev-pourra-depenser-60-des-90-milliards-deuros-prevus-par-un-pret-de-lue-a-des-fins-militaires","status":"publish","type":"post","link":"https:\/\/www.europesays.com\/fr\/664770\/","title":{"rendered":"EN DIRECT &#8211; Ukraine : Kiev pourra d\u00e9penser 60 des 90 milliards d&rsquo;euros pr\u00e9vus par un pr\u00eat de l&rsquo;UE \u00e0 des fins militaires"},"content":{"rendered":"<ul class=\"jsx-862013697 ArticleChapo__List\">\n<li class=\"jsx-862013697 ArticleChapo__List_Item flex\">L&rsquo;Ukraine pourra d\u00e9penser 60 milliards d&rsquo;euros, sur les 90 milliards pr\u00eat\u00e9s par l&rsquo;UE, pour renforcer ses capacit\u00e9s militaires en 2026 et 2027.<\/li>\n<li class=\"jsx-862013697 ArticleChapo__List_Item flex\">Kiev ne remboursera ce pr\u00eat qu&rsquo;une fois des r\u00e9parations pay\u00e9es par la Russie.<\/li>\n<li class=\"jsx-862013697 ArticleChapo__List_Item flex\">Suivez les derni\u00e8res informations.<\/li>\n<\/ul>\n<p><a href=\"https:\/\/www.tf1info.fr\/actualite\/guerre-ukraine-russie-une-rencontre-donald-trump-vladimir-poutine-historique-le-vendredi-15-aout-2025-en-alaska-sans-volodymyr-zelensky-14326\/\" rel=\"noopener\" class=\"jsx-484472199 Link jsx-1428418400 jsx-554215408\" target=\"_blank\"><\/p>\n<p style=\"font-weight:400\" class=\"jsx-1837267516\">Suivez la couverture compl\u00e8te<\/p>\n<p style=\"font-weight:800\" class=\"jsx-1837267516\">Ukraine-Russie : en marge des n\u00e9gociations, les attaques russes continuent<\/p>\n<p><\/a><\/p>\n<p data-module=\"article-paragraph\" class=\"jsx-157965717 Paragraph\">L&rsquo;Ukraine va pouvoir d\u00e9penser 60 milliards d&rsquo;euros, sur les 90 milliards pr\u00eat\u00e9s par l&rsquo;Union europ\u00e9enne, pour renforcer ses capacit\u00e9s militaires en 2026 et 2027, a indiqu\u00e9 mercredi la pr\u00e9sidente de la Commission europ\u00e9enne, Ursula von der Leyen.<\/p>\n<p data-module=\"article-paragraph\" class=\"jsx-157965717 Paragraph Paragraph__End\">Et la priorit\u00e9 sera accord\u00e9e aux pays europ\u00e9ens pour fournir les armements n\u00e9cessaires \u00e0 l&rsquo;Ukraine au cours de cette p\u00e9riode, dans le cadre de ce financement d\u00e9cid\u00e9 en d\u00e9cembre dernier, a-t-elle ajout\u00e9.<\/p>\n<p data-module=\"article-paragraph\" class=\"jsx-157965717 Paragraph Paragraph__End\">\u00ab\u00a0Avec 60 milliards d&rsquo;euros d&rsquo;aide militaire, l&rsquo;Ukraine peut tenir bon face \u00e0 la Russie et, dans le m\u00eame temps, s&rsquo;int\u00e9grer plus \u00e9troitement \u00e0 la base industrielle de d\u00e9fense europ\u00e9enne\u00a0\u00bb, a assur\u00e9 la responsable allemande. Toutefois, si les industriels europ\u00e9ens ne sont pas en mesure de r\u00e9pondre \u00e0 une demande sp\u00e9cifique de la part de l&rsquo;Ukraine, il sera alors possible, \u00ab\u00a0\u00e0 l&rsquo;occasion\u00a0\u00bb, d&rsquo;acqu\u00e9rir ces armements en dehors de l&rsquo;Europe, a poursuivi Mme von der Leyen. Elle a expliqu\u00e9 que ces sommes devaient avoir \u00ab\u00a0un retour sur investissement en cr\u00e9ant des emplois, en d\u00e9veloppant la recherche et le d\u00e9veloppement dont nous avons besoin\u00a0\u00bb. \u00ab\u00a0Pour nous, il s&rsquo;agit de beaucoup d&rsquo;argent. Ce sont des milliards et des milliards qui sont investis\u00a0\u00bb.<\/p>\n<p><a href=\"https:\/\/www.tf1info.fr\/international\/verif-guerre-en-ukraine-ils-chantent-ou-sont-de-la-chair-a-canon-que-sait-on-de-ces-videos-de-mercenaires-africains-deployes-par-la-russie-2418380.html\" rel=\"noopener\" class=\"jsx-3308031228 Link flex\" target=\"_blank\"><img decoding=\"async\" src=\"https:\/\/www.europesays.com\/fr\/wp-content\/uploads\/2026\/01\/verif-mercenaires-ukraine-janvier-2026-012c6f-1@1x.jpeg\" alt=\"Deux vid\u00e9os apparues en ligne montrent la mobilisation de &quot;mercenaires africains&quot; en Russie, en janvier 2026\" loading=\"lazy\" importance=\"low\" fetchpriority=\"low\" class=\"\" aria-hidden=\"true\"\/><\/p>\n<p class=\"jsx-3657663356 ReadMoreArticle__Title\">Lire aussi<\/p>\n<p class=\"jsx-3657663356\">V\u00c9RIF&rsquo; &#8211; Guerre en Ukraine : que sait-on de ces vid\u00e9os de \u00ab\u00a0mercenaires africains\u00a0\u00bb recrut\u00e9s par la Russie ?<\/p>\n<p><\/a><\/p>\n<p data-module=\"article-paragraph\" class=\"jsx-157965717 Paragraph Paragraph__End\">Plusieurs pays de l&rsquo;UE, dont la France, ont insist\u00e9 pour que ces financements aillent en priorit\u00e9 \u00e0 l&rsquo;industrie europ\u00e9enne de d\u00e9fense, une contrainte contest\u00e9e par Kiev ou d&rsquo;autres pays europ\u00e9ens, soucieux d&rsquo;efficacit\u00e9, au moment o\u00f9 les \u00c9tats-Unis fournissent une grande partie des besoins militaires \u00e0 l&rsquo;Ukraine. Cette pr\u00e9f\u00e9rence europ\u00e9enne est suffisamment flexible pour ne pas exclure, dans certains cas, un financement d&rsquo;achats d&rsquo;\u00e9quipements aux \u00c9tats-Unis, seuls capables pour le moment de r\u00e9pondre \u00e0 certaines demandes de l&rsquo;arm\u00e9e ukrainienne, notamment en mati\u00e8re de d\u00e9fense anti-a\u00e9rienne, a assur\u00e9 un responsable europ\u00e9en sous couvert d&rsquo;anonymat. Les 30 milliards restant sur les 90 milliards du pr\u00eat europ\u00e9en seront utilis\u00e9s par Kiev pour ses besoins budg\u00e9taires, sous conditions de r\u00e9formes, li\u00e9es au renforcement de l&rsquo;\u00c9tat de droit ou \u00e0 la lutte anti-corruption, a pr\u00e9cis\u00e9 la Commission europ\u00e9enne.<\/p>\n<p>Minute par minute<\/p>\n<p data-module=\"article-paragraph\" class=\"jsx-157965717 Paragraph\">Les dirigeants de l&rsquo;UE ont d\u00e9cid\u00e9 en d\u00e9cembre d&rsquo;accorder un pr\u00eat de 90 milliards d&rsquo;euros \u00e0 l&rsquo;Ukraine pour financer son budget et son arm\u00e9e cette ann\u00e9e et l&rsquo;an prochain. Les premiers versements devraient avoir lieu d\u00e8s avril, selon Mme von der Leyen.<\/p>\n<p data-module=\"article-paragraph\" class=\"jsx-157965717 Paragraph Paragraph__End\">L&rsquo;Ukraine ne remboursera ce pr\u00eat qu&rsquo;une fois des r\u00e9parations pay\u00e9es par la Russie. Les int\u00e9r\u00eats de ce pr\u00eat de l&rsquo;UE, soit environ trois milliards d&rsquo;euros par an, seront pay\u00e9s par le budget de l&rsquo;Union europ\u00e9enne. Trois des 27 pays de l&rsquo;UE, \u00e0 savoir la Hongrie, la Slovaquie et la R\u00e9publique tch\u00e8que, ont obtenu en d\u00e9cembre d&rsquo;\u00eatre exempt\u00e9s de ce m\u00e9canisme de pr\u00eat.<\/p>\n<p>La r\u00e9daction de TF1info<\/p>\n","protected":false},"excerpt":{"rendered":"L&rsquo;Ukraine pourra d\u00e9penser 60 milliards d&rsquo;euros, sur les 90 milliards pr\u00eat\u00e9s par l&rsquo;UE, pour renforcer ses capacit\u00e9s militaires&hellip;\n","protected":false},"author":2,"featured_media":438053,"comment_status":"","ping_status":"","sticky":false,"template":"","format":"standard","meta":{"footnotes":""},"categories":[1591],"tags":[1111,11,1921,75,73,1887,1922,74270,12,1885,1886,132,220,1917,73921,364,2544,133,1920,135,134],"class_list":{"0":"post-664770","1":"post","2":"type-post","3":"status-publish","4":"format-standard","5":"has-post-thumbnail","7":"category-russie","8":"tag-actu","9":"tag-actualites","10":"tag-article-video","11":"tag-donald-trump","12":"tag-etats-unis","13":"tag-federation-de-russie","14":"tag-info","15":"tag-les-attaques-russes-continuent","16":"tag-news","17":"tag-russia","18":"tag-russian-federation","19":"tag-russie","20":"tag-ukraine","21":"tag-ukraine-4-annee-de-guerre","22":"tag-ukraine-russie-en-marge-des-negociations","23":"tag-union-europeenne","24":"tag-ursula-von-der-leyen","25":"tag-video","26":"tag-video-international","27":"tag-vladimir-poutine","28":"tag-volodymyr-zelensky"},"share_on_mastodon":{"url":"https:\/\/pubeurope.com\/@fr\/115897860394545686","error":""},"_links":{"self":[{"href":"https:\/\/www.europesays.com\/fr\/wp-json\/wp\/v2\/posts\/664770","targetHints":{"allow":["GET"]}}],"collection":[{"href":"https:\/\/www.europesays.com\/fr\/wp-json\/wp\/v2\/posts"}],"about":[{"href":"https:\/\/www.europesays.com\/fr\/wp-json\/wp\/v2\/types\/post"}],"author":[{"embeddable":true,"href":"https:\/\/www.europesays.com\/fr\/wp-json\/wp\/v2\/users\/2"}],"replies":[{"embeddable":true,"href":"https:\/\/www.europesays.com\/fr\/wp-json\/wp\/v2\/comments?post=664770"}],"version-history":[{"count":0,"href":"https:\/\/www.europesays.com\/fr\/wp-json\/wp\/v2\/posts\/664770\/revisions"}],"wp:featuredmedia":[{"embeddable":true,"href":"https:\/\/www.europesays.com\/fr\/wp-json\/wp\/v2\/media\/438053"}],"wp:attachment":[{"href":"https:\/\/www.europesays.com\/fr\/wp-json\/wp\/v2\/media?parent=664770"}],"wp:term":[{"taxonomy":"category","embeddable":true,"href":"https:\/\/www.europesays.com\/fr\/wp-json\/wp\/v2\/categories?post=664770"},{"taxonomy":"post_tag","embeddable":true,"href":"https:\/\/www.europesays.com\/fr\/wp-json\/wp\/v2\/tags?post=664770"}],"curies":[{"name":"wp","href":"https:\/\/api.w.org\/{rel}","templated":true}]}}