{"id":664771,"date":"2026-01-15T07:09:13","date_gmt":"2026-01-15T07:09:13","guid":{"rendered":"https:\/\/www.europesays.com\/fr\/664771\/"},"modified":"2026-01-15T07:09:13","modified_gmt":"2026-01-15T07:09:13","slug":"face-aux-frappes-russes-lukraine-tente-de-proteger-son-secteur-energetique","status":"publish","type":"post","link":"https:\/\/www.europesays.com\/fr\/664771\/","title":{"rendered":"Face aux frappes russes, l\u2019Ukraine tente de prot\u00e9ger son secteur \u00e9nerg\u00e9tique\u2026"},"content":{"rendered":"<p>Un discours tr\u00e8s attendu de Macron aux Arm\u00e9es<\/p>\n<p>Emmanuel Macron pr\u00e9sente ce jeudi ses v\u0153ux aux Arm\u00e9es, un rendez-vous tr\u00e8s attendu sur fond de tensions g\u00e9opolitiques et de besoins militaires croissants. Le chef des Arm\u00e9es va \u00ab\u00a0donner ses orientations pour la d\u00e9fense nationale\u00a0\u00bb devant un parterre d\u2019un millier d\u2019invit\u00e9s, \u00e0 12h30, sur la base a\u00e9rienne strat\u00e9gique d\u2019Istres, dans les Bouches-du-Rh\u00f4ne, qui abrite l\u2019arme nucl\u00e9aire, \u00e0 60 kilom\u00e8tres de Marseille, a pr\u00e9cis\u00e9 l\u2019Elys\u00e9e. Il sera accompagn\u00e9 de la ministre des Arm\u00e9es, Catherine Vautrin, et de sa ministre d\u00e9l\u00e9gu\u00e9e Alice Rufo, ex-conseill\u00e8re \u00e0 la cellule diplomatique de l\u2019Elys\u00e9e.<\/p>\n<p>Zelensky va d\u00e9cr\u00e9ter un \u00ab\u00a0\u00e9tat d\u2019urgence\u00a0\u00bb pour le secteur \u00e9nerg\u00e9tique apr\u00e8s les frappes russes<\/p>\n<p>Volodymyr Zelensky a annonc\u00e9 mercredi son intention de d\u00e9cr\u00e9ter un \u00ab\u00a0\u00e9tat d\u2019urgence\u00a0\u00bb pour le secteur \u00e9nerg\u00e9tique ukrainien, mis \u00e0 mal par une s\u00e9rie de frappes russes massives et confront\u00e9 \u00e0 un hiver difficile. Selon le pr\u00e9sident ukrainien, le gouvernement \u00ab\u00a0a re\u00e7u pour mission de superviser le travail de soutien \u00e0 la population\u00a0\u00bb.<\/p>\n<p>Bienvenue dans ce nouveau Live<\/p>\n<p>Bonjour \u00e0 toutes et \u00e0 tous. Comme chaque jour, la r\u00e9daction de 20 Minutes est mobilis\u00e9e pour vous donner l\u2019ensemble des informations sur le conflit entre Kiev et Moscou.<\/p>\n<p>Malgr\u00e9 les tentatives de Donald Trump de trouver un chemin vers la paix entre Volodymyr Zelensky et Vladimir Poutine, sur le terrain les combats se poursuivent. Alors que l\u2019hiver est glacial, la Russie vise sans rel\u00e2che les infrastructures \u00e9nerg\u00e9tiques ukrainiennes pour notamment saper le moral de la population ukrainienne.<\/p>\n","protected":false},"excerpt":{"rendered":"Un discours tr\u00e8s attendu de Macron aux Arm\u00e9es Emmanuel Macron pr\u00e9sente ce jeudi ses v\u0153ux aux Arm\u00e9es, un&hellip;\n","protected":false},"author":2,"featured_media":664772,"comment_status":"","ping_status":"","sticky":false,"template":"","format":"standard","meta":{"footnotes":""},"categories":[1590],"tags":[47,11,75,73,1777,674,131,74,12,132,220,555,133,135,134],"class_list":{"0":"post-664771","1":"post","2":"type-post","3":"status-publish","4":"format-standard","5":"has-post-thumbnail","7":"category-ukraine","8":"tag-actualite","9":"tag-actualites","10":"tag-donald-trump","11":"tag-etats-unis","12":"tag-eu","13":"tag-europe","14":"tag-guerre-en-ukraine","15":"tag-monde","16":"tag-news","17":"tag-russie","18":"tag-ukraine","19":"tag-union-europeenne-ue","20":"tag-video","21":"tag-vladimir-poutine","22":"tag-volodymyr-zelensky"},"share_on_mastodon":{"url":"https:\/\/pubeurope.com\/@fr\/115897864255710679","error":""},"_links":{"self":[{"href":"https:\/\/www.europesays.com\/fr\/wp-json\/wp\/v2\/posts\/664771","targetHints":{"allow":["GET"]}}],"collection":[{"href":"https:\/\/www.europesays.com\/fr\/wp-json\/wp\/v2\/posts"}],"about":[{"href":"https:\/\/www.europesays.com\/fr\/wp-json\/wp\/v2\/types\/post"}],"author":[{"embeddable":true,"href":"https:\/\/www.europesays.com\/fr\/wp-json\/wp\/v2\/users\/2"}],"replies":[{"embeddable":true,"href":"https:\/\/www.europesays.com\/fr\/wp-json\/wp\/v2\/comments?post=664771"}],"version-history":[{"count":0,"href":"https:\/\/www.europesays.com\/fr\/wp-json\/wp\/v2\/posts\/664771\/revisions"}],"wp:featuredmedia":[{"embeddable":true,"href":"https:\/\/www.europesays.com\/fr\/wp-json\/wp\/v2\/media\/664772"}],"wp:attachment":[{"href":"https:\/\/www.europesays.com\/fr\/wp-json\/wp\/v2\/media?parent=664771"}],"wp:term":[{"taxonomy":"category","embeddable":true,"href":"https:\/\/www.europesays.com\/fr\/wp-json\/wp\/v2\/categories?post=664771"},{"taxonomy":"post_tag","embeddable":true,"href":"https:\/\/www.europesays.com\/fr\/wp-json\/wp\/v2\/tags?post=664771"}],"curies":[{"name":"wp","href":"https:\/\/api.w.org\/{rel}","templated":true}]}}