{"id":664776,"date":"2026-01-15T07:13:10","date_gmt":"2026-01-15T07:13:10","guid":{"rendered":"https:\/\/www.europesays.com\/fr\/664776\/"},"modified":"2026-01-15T07:13:10","modified_gmt":"2026-01-15T07:13:10","slug":"cavendish-annonce-un-nouveau-projet-majeur-en-allemagne","status":"publish","type":"post","link":"https:\/\/www.europesays.com\/fr\/664776\/","title":{"rendered":"Cavendish annonce un nouveau projet majeur en Allemagne"},"content":{"rendered":"<p>       <strong>L\u2019entreprise norv\u00e9gienne Cavendish Hydrogen annonce un important contrat pour une <a href=\"https:\/\/www.h2-mobile.fr\/stations-hydrogene\/\" target=\"_blank\" rel=\"noopener\">station hydrog\u00e8ne<\/a> en Allemagne. L&rsquo;infrastructure alimentera 25 bus par jour \u00e0 350 bar.<\/strong><\/p>\n<p>Cavendish Hydrogen a annonc\u00e9 l\u2019obtention d\u2019un contrat d\u2019ing\u00e9nierie, de fourniture et de construction (EPC) en Allemagne. L&rsquo;accord porte sur la r\u00e9alisation d\u2019une station de ravitaillement en hydrog\u00e8ne destin\u00e9e au transport public.<\/p>\n<p>S\u2019il ne donne pas le nom du client, pr\u00e9sent\u00e9 comme un \u00ab\u00a0acteur majeur de la mobilit\u00e9 en Allemagne\u00a0\u00bb, Cavendish pr\u00e9cise que la station sera implant\u00e9e dans l\u2019Ouest du pays. Elle fonctionnera \u00e0 une pression de 350 bar et pourra alimenter jusqu\u2019\u00e0 25 bus par jour. Le montant du contrat est estim\u00e9 entre 4 et 5 millions d\u2019euros. Il s\u2019agit de l\u2019un des projets les plus importants attribu\u00e9s \u00e0 Cavendish ces derni\u00e8res ann\u00e9es.<\/p>\n<p>\u00ab\u00a0Ce contrat repr\u00e9sente une \u00e9tape majeure pour Cavendish et confirme la pertinence de notre strat\u00e9gie en Allemagne\u00a0\u00bb a soulign\u00e9 Robert Borin, PDG de Cavendish.<\/p>\n<p>Le projet se d\u00e9roulera en deux phases. La premi\u00e8re concernera les d\u00e9marches administratives et r\u00e9glementaires. La seconde englobera la construction de la station ainsi que les services de maintenance. La livraison est pr\u00e9vue entre 2026 et 2027.<\/p>\n<p> Une collaboration renouvel\u00e9e avec Everfuel<br \/>\nPour ce projet, Cavendish fera appel \u00e0 Everfuel en tant que sous-traitant. Ce dernier interviendra sur la partie construction. Everfuel exploite d\u00e9j\u00e0 une unit\u00e9 de production d\u2019<a href=\"https:\/\/www.h2-mobile.fr\/dossiers\/hydrogene-vert-tout-savoir\/\" target=\"_blank\" rel=\"noopener\">hydrog\u00e8ne vert<\/a> au Danemark et le distribue \u00e0 des clients industriels. L\u2019entreprise est par ailleurs engag\u00e9e dans plusieurs projets en Allemagne.<\/p>\n<p>Les deux entreprises n\u2019en sont pas \u00e0 leur premi\u00e8re collaboration. Elles ont d\u00e9j\u00e0 collabor\u00e9 sur les stations hydrog\u00e8ne de Francfort et Wuppertal. Celles-ci ravitaillent quotidiennement entre 20 et 40 bus, et figurent parmi les plus actives d\u2019Europe.\t  <\/p>\n","protected":false},"excerpt":{"rendered":"L\u2019entreprise norv\u00e9gienne Cavendish Hydrogen annonce un important contrat pour une station hydrog\u00e8ne en Allemagne. L&rsquo;infrastructure alimentera 25 bus&hellip;\n","protected":false},"author":2,"featured_media":664777,"comment_status":"","ping_status":"","sticky":false,"template":"","format":"standard","meta":{"footnotes":""},"categories":[1587],"tags":[11,672,1804,1805,1803,1777,674,1801,12,1802],"class_list":{"0":"post-664776","1":"post","2":"type-post","3":"status-publish","4":"format-standard","5":"has-post-thumbnail","7":"category-allemagne","8":"tag-actualites","9":"tag-allemagne","10":"tag-bundesrepublik-deutschland","11":"tag-de","12":"tag-deutschland","13":"tag-eu","14":"tag-europe","15":"tag-germany","16":"tag-news","17":"tag-republique-federale-dallemagne"},"share_on_mastodon":{"url":"https:\/\/pubeurope.com\/@fr\/115897879985374925","error":""},"_links":{"self":[{"href":"https:\/\/www.europesays.com\/fr\/wp-json\/wp\/v2\/posts\/664776","targetHints":{"allow":["GET"]}}],"collection":[{"href":"https:\/\/www.europesays.com\/fr\/wp-json\/wp\/v2\/posts"}],"about":[{"href":"https:\/\/www.europesays.com\/fr\/wp-json\/wp\/v2\/types\/post"}],"author":[{"embeddable":true,"href":"https:\/\/www.europesays.com\/fr\/wp-json\/wp\/v2\/users\/2"}],"replies":[{"embeddable":true,"href":"https:\/\/www.europesays.com\/fr\/wp-json\/wp\/v2\/comments?post=664776"}],"version-history":[{"count":0,"href":"https:\/\/www.europesays.com\/fr\/wp-json\/wp\/v2\/posts\/664776\/revisions"}],"wp:featuredmedia":[{"embeddable":true,"href":"https:\/\/www.europesays.com\/fr\/wp-json\/wp\/v2\/media\/664777"}],"wp:attachment":[{"href":"https:\/\/www.europesays.com\/fr\/wp-json\/wp\/v2\/media?parent=664776"}],"wp:term":[{"taxonomy":"category","embeddable":true,"href":"https:\/\/www.europesays.com\/fr\/wp-json\/wp\/v2\/categories?post=664776"},{"taxonomy":"post_tag","embeddable":true,"href":"https:\/\/www.europesays.com\/fr\/wp-json\/wp\/v2\/tags?post=664776"}],"curies":[{"name":"wp","href":"https:\/\/api.w.org\/{rel}","templated":true}]}}