{"id":664796,"date":"2026-01-15T07:29:17","date_gmt":"2026-01-15T07:29:17","guid":{"rendered":"https:\/\/www.europesays.com\/fr\/664796\/"},"modified":"2026-01-15T07:29:17","modified_gmt":"2026-01-15T07:29:17","slug":"vic-fezensac-la-galerie-la-ligne-rouge-met-a-lhonneur-les-sculpteurs-et-les-talents-locaux","status":"publish","type":"post","link":"https:\/\/www.europesays.com\/fr\/664796\/","title":{"rendered":"Vic-Fezensac : la galerie La Ligne Rouge met \u00e0 l\u2019honneur les sculpteurs et les talents locaux"},"content":{"rendered":"<p>Nathalie Lacastala dirige la galerie La Ligne Rouge \u00e0 Vic-Fezensac. Jusqu\u2019\u00e0 la fin du mois de mars, elle y expose les sculptures de B\u00e9atrice Fernando et de Daniel Schaerer, tout en rendant hommage \u00e0 l\u2019artiste disparu Rein Bril. A noter \u00e9galement la pr\u00e9sence de Christine Alias, sculptrice professionnelle. Elle travaille principalement le portrait et s\u2019int\u00e9resse profond\u00e9ment \u00e0 l\u2019\u00eatre humain. Ses recherches la conduisent \u00e0 explorer diff\u00e9rentes soci\u00e9t\u00e9s, notamment les Am\u00e9rindiens, \u00e0 travers des documents historiques. Elle pr\u00e9sente une \u0153uvre au charme exceptionnel. Nathalie Lacastala \u00e9voque sa d\u00e9marche : \u00ab\u00a0J\u2019avais demand\u00e9 une \u0153uvre aux artistes suivants : Christine Alias, Elisabeth Dupin-Sj\u00f6stedt et Guylaine Chancerel, qui sont connues et reconnues\u00a0\u00bb. Elle ajoute : \u00ab\u00a0Je suis tr\u00e8s fi\u00e8re de pouvoir exposer des artistes locaux, que l\u2019on ne met pas suffisamment en valeur. Notamment Christine Alias, aux c\u00f4t\u00e9s d\u2019Yves Duffour, qui a cr\u00e9\u00e9 la statue de Jacques Fouroux \u00e0 Auch. A mon niveau, j\u2019essaie de mettre en avant la culture dans le Gers, qui est souvent oubli\u00e9e et m\u00e9pris\u00e9e\u00a0\u00bb. De son c\u00f4t\u00e9, B\u00e9atrice Fernando a souhait\u00e9 exposer \u00e0 La Ligne Rouge afin de soutenir l\u2019action de Nathalie Lacastala : \u00ab\u00a0J\u2019expose de grands personnages filiformes, ainsi que de petites sculptures que je travaille dans le vide. C\u2019est de la d\u00e9coupe dans du plastique avec un support en bois. C\u2019est une peinture en volume\u00a0\u00bb.<\/p>\n","protected":false},"excerpt":{"rendered":"Nathalie Lacastala dirige la galerie La Ligne Rouge \u00e0 Vic-Fezensac. Jusqu\u2019\u00e0 la fin du mois de mars, elle&hellip;\n","protected":false},"author":2,"featured_media":664797,"comment_status":"","ping_status":"","sticky":false,"template":"","format":"standard","meta":{"footnotes":""},"categories":[1358],"tags":[1348,1384,1385,872,1386,58,59,1349,1011,27,11328,70933],"class_list":{"0":"post-664796","1":"post","2":"type-post","3":"status-publish","4":"format-standard","5":"has-post-thumbnail","7":"category-arts-et-design","8":"tag-arts","9":"tag-arts-and-design","10":"tag-arts-et-design","11":"tag-culture-et-loisirs","12":"tag-design","13":"tag-divertissement","14":"tag-entertainment","15":"tag-expositions","16":"tag-fr","17":"tag-france","18":"tag-gers","19":"tag-vicfezensac"},"share_on_mastodon":{"url":"https:\/\/pubeurope.com\/@fr\/115897942824168712","error":""},"_links":{"self":[{"href":"https:\/\/www.europesays.com\/fr\/wp-json\/wp\/v2\/posts\/664796","targetHints":{"allow":["GET"]}}],"collection":[{"href":"https:\/\/www.europesays.com\/fr\/wp-json\/wp\/v2\/posts"}],"about":[{"href":"https:\/\/www.europesays.com\/fr\/wp-json\/wp\/v2\/types\/post"}],"author":[{"embeddable":true,"href":"https:\/\/www.europesays.com\/fr\/wp-json\/wp\/v2\/users\/2"}],"replies":[{"embeddable":true,"href":"https:\/\/www.europesays.com\/fr\/wp-json\/wp\/v2\/comments?post=664796"}],"version-history":[{"count":0,"href":"https:\/\/www.europesays.com\/fr\/wp-json\/wp\/v2\/posts\/664796\/revisions"}],"wp:featuredmedia":[{"embeddable":true,"href":"https:\/\/www.europesays.com\/fr\/wp-json\/wp\/v2\/media\/664797"}],"wp:attachment":[{"href":"https:\/\/www.europesays.com\/fr\/wp-json\/wp\/v2\/media?parent=664796"}],"wp:term":[{"taxonomy":"category","embeddable":true,"href":"https:\/\/www.europesays.com\/fr\/wp-json\/wp\/v2\/categories?post=664796"},{"taxonomy":"post_tag","embeddable":true,"href":"https:\/\/www.europesays.com\/fr\/wp-json\/wp\/v2\/tags?post=664796"}],"curies":[{"name":"wp","href":"https:\/\/api.w.org\/{rel}","templated":true}]}}