{"id":664798,"date":"2026-01-15T07:31:17","date_gmt":"2026-01-15T07:31:17","guid":{"rendered":"https:\/\/www.europesays.com\/fr\/664798\/"},"modified":"2026-01-15T07:31:17","modified_gmt":"2026-01-15T07:31:17","slug":"resume-de-lepisode-2120-du-vendredi-16-janvier","status":"publish","type":"post","link":"https:\/\/www.europesays.com\/fr\/664798\/","title":{"rendered":"r\u00e9sum\u00e9 de l&rsquo;\u00e9pisode 2120 du vendredi 16 janvier"},"content":{"rendered":"<p>Le lyc\u00e9e de S\u00e8te devient le th\u00e9\u00e2tre d\u2019un drame annonc\u00e9 dans<br \/>\nDemain nous appartient ce vendredi 16 janvier 2026. Alors<br \/>\nque Bart rend visite \u00e0 Erica, il ignore que Mathieu Bouvard, le<br \/>\nharceleur d\u2019Erica, a r\u00e9ussi \u00e0 s\u2019infiltrer dans l\u2019\u00e9tablissement.<br \/>\nManipulant Esm\u00e9e pour conna\u00eetre une entr\u00e9e discr\u00e8te, il surgit un<br \/>\nbouquet de roses rouges \u00e0 la main, le serrant si fort que les<br \/>\n\u00e9pines lui font saigner les doigts. Il est consum\u00e9 par la jalousie<br \/>\nen d\u00e9couvrant qu\u2019Erica est en couple avec Bart.<\/p>\n<p>Mathieu, ancien \u00e9l\u00e8ve du m\u00eame lyc\u00e9e, avait d\u00e9j\u00e0 manifest\u00e9 un<br \/>\ncomportement obsessionnel \u00e0 l\u2019\u00e9poque. <a href=\"https:\/\/www.melty.fr\/series\/demain-nous-appartient-en-avance-resume-de-lepisode-2119-du-jeudi-15-janvier-2288745.html\" target=\"_blank\" rel=\"noopener\"><br \/>\nBasile se souvient d\u2019un camarade marginal, au comportement<br \/>\ninqui\u00e9tant<\/a>. \u00ab\u00a0Il faisait une fixette sur Erica\u00a0\u00bb, explique-t-il<br \/>\naux enqu\u00eateurs. Il avait m\u00eame r\u00e9dig\u00e9 un recueil de po\u00e8mes<br \/>\ninqui\u00e9tants o\u00f9 \u00ab\u00a0il se voyait finir sa vie avec Erica\u00a0\u00bb.<\/p>\n<p>Maud sauv\u00e9e in extremis, Chlo\u00e9 rong\u00e9e par la culpabilit\u00e9<\/p>\n<p>Du c\u00f4t\u00e9 de l\u2019h\u00f4pital, le sort de Maud inqui\u00e8te toujours ses<br \/>\nproches. Apr\u00e8s une op\u00e9ration sous tension, Marianne apporte des<br \/>\nnouvelles rassurantes \u00e0 sa famille : \u00ab\u00a0Maud ne va pas perdre son<br \/>\nbras. Pour le moment, rien ne dit qu\u2019elle va avoir des s\u00e9quelles.\u00a0\u00bb<br \/>\nUne annonce qui soulage Rapha\u00eblle et S\u00e9bastien, esp\u00e9rant une<br \/>\nr\u00e9conciliation entre leurs filles. Chlo\u00e9, quant \u00e0 elle, s\u2019effondre<br \/>\nsous le poids de la culpabilit\u00e9. Persuad\u00e9e d\u2019avoir commis une<br \/>\nerreur m\u00e9dicale, elle r\u00e9clame une sanction. Mais Marianne, lucide,<br \/>\nla rassure : \u00ab\u00a0Ce qu\u2019a fait Chlo\u00e9 \u00e9tait courageux\u00a0\u00bb, insiste-t-elle<br \/>\npour la rebooster.<\/p>\n<p>Tensions et r\u00e9v\u00e9lations : les masques tombent \u00e0 S\u00e8te<\/p>\n<p><a href=\"https:\/\/www.melty.fr\/series\/demain-nous-appartient-en-avance-resume-de-lepisode-2118-du-mercredi-14-janvier-2288494.html\" target=\"_blank\" rel=\"noopener\"><br \/>\nL\u2019\u00e9pisode est \u00e9galement marqu\u00e9 par des dynamiques familiales et<br \/>\nsentimentales explosives<\/a>. Diane tente de rapprocher sa s\u0153ur<br \/>\nEsm\u00e9e de Bastien, au prix d\u2019une dispute am\u00e8re. Christelle organise<br \/>\nun d\u00eener qui vire au supplice pour Marianne, \u00e0 tel point qu\u2019elle<br \/>\nl\u00e2che un \u00ab\u00a0Oh piti\u00e9\u00a0\u00bb spontan\u00e9. De son c\u00f4t\u00e9, Damien progresse dans<br \/>\nl\u2019enqu\u00eate. En recoupant des fichiers de permis moto et de licence<br \/>\nde tir, il parvient \u00e0 identifier formellement Mathieu Bouvard.<br \/>\nKarim et Sara prennent la menace tr\u00e8s au s\u00e9rieux et renforcent la<br \/>\nprotection d\u2019Erica, redoutant une agression imminente.<\/p>\n<p>Une escalade de violence sous haute<br \/>\ntension<\/p>\n<p>Le final de l\u2019\u00e9pisode est marqu\u00e9 par une mont\u00e9e en tension<br \/>\ninsoutenable. Tandis qu\u2019Erica commande un repas avec l\u00e9g\u00e8ret\u00e9, Bart<br \/>\nsurgit au lyc\u00e9e : \u00ab\u00a0Il a montr\u00e9 patte blanche\u00a0\u00bb pour pouvoir entrer,<br \/>\nsans se douter que le danger rode d\u00e9j\u00e0 dans les couloirs. Mathieu,<br \/>\ntoujours dissimul\u00e9, n\u2019a pas dit son dernier mot.<\/p>\n<p>L\u2019\u00e9tau se resserre autour d\u2019Erica et Bart, tandis que les<br \/>\nspectateurs retiennent leur souffle. L\u2019\u00e9pisode 2120 s\u2019annonce comme<br \/>\nl\u2019un des plus anxiog\u00e8nes de cette saison 9, avec un harceleur pr\u00eat<br \/>\n\u00e0 tout pour assouvir ses obsessions.<\/p>\n","protected":false},"excerpt":{"rendered":"Le lyc\u00e9e de S\u00e8te devient le th\u00e9\u00e2tre d\u2019un drame annonc\u00e9 dans Demain nous appartient ce vendredi 16 janvier&hellip;\n","protected":false},"author":2,"featured_media":664799,"comment_status":"","ping_status":"","sticky":false,"template":"","format":"standard","meta":{"footnotes":""},"categories":[1356],"tags":[3598,58,59,1011,27,252,199,1364],"class_list":{"0":"post-664798","1":"post","2":"type-post","3":"status-publish","4":"format-standard","5":"has-post-thumbnail","7":"category-television","8":"tag-demain-nous-appartient","9":"tag-divertissement","10":"tag-entertainment","11":"tag-fr","12":"tag-france","13":"tag-television","14":"tag-tf1","15":"tag-tv"},"share_on_mastodon":{"url":"https:\/\/pubeurope.com\/@fr\/115897950775024918","error":""},"_links":{"self":[{"href":"https:\/\/www.europesays.com\/fr\/wp-json\/wp\/v2\/posts\/664798","targetHints":{"allow":["GET"]}}],"collection":[{"href":"https:\/\/www.europesays.com\/fr\/wp-json\/wp\/v2\/posts"}],"about":[{"href":"https:\/\/www.europesays.com\/fr\/wp-json\/wp\/v2\/types\/post"}],"author":[{"embeddable":true,"href":"https:\/\/www.europesays.com\/fr\/wp-json\/wp\/v2\/users\/2"}],"replies":[{"embeddable":true,"href":"https:\/\/www.europesays.com\/fr\/wp-json\/wp\/v2\/comments?post=664798"}],"version-history":[{"count":0,"href":"https:\/\/www.europesays.com\/fr\/wp-json\/wp\/v2\/posts\/664798\/revisions"}],"wp:featuredmedia":[{"embeddable":true,"href":"https:\/\/www.europesays.com\/fr\/wp-json\/wp\/v2\/media\/664799"}],"wp:attachment":[{"href":"https:\/\/www.europesays.com\/fr\/wp-json\/wp\/v2\/media?parent=664798"}],"wp:term":[{"taxonomy":"category","embeddable":true,"href":"https:\/\/www.europesays.com\/fr\/wp-json\/wp\/v2\/categories?post=664798"},{"taxonomy":"post_tag","embeddable":true,"href":"https:\/\/www.europesays.com\/fr\/wp-json\/wp\/v2\/tags?post=664798"}],"curies":[{"name":"wp","href":"https:\/\/api.w.org\/{rel}","templated":true}]}}