{"id":664807,"date":"2026-01-15T07:36:12","date_gmt":"2026-01-15T07:36:12","guid":{"rendered":"https:\/\/www.europesays.com\/fr\/664807\/"},"modified":"2026-01-15T07:36:12","modified_gmt":"2026-01-15T07:36:12","slug":"matthew-mcconaughey-fait-breveter-son-image-pour-la-proteger-de-lia","status":"publish","type":"post","link":"https:\/\/www.europesays.com\/fr\/664807\/","title":{"rendered":"Matthew McConaughey fait breveter son image pour la prot\u00e9ger de l\u2019IA"},"content":{"rendered":"<p>                      <img loading=\"lazy\" decoding=\"async\" src=\"https:\/\/www.europesays.com\/fr\/wp-content\/uploads\/2026\/01\/439ee4b_ftp-1-ihmtmov2eqax-5885439-01-06.jpg\" alt=\"L\u2019acteur am\u00e9ricain Matthew McConaughey, lors de la 96\u1d49\u00a0c\u00e9r\u00e9monie des Oscars, \u00e0 Los Angeles (Californie), le 10\u00a0mars\u00a02024.\"   width=\"664\" height=\"443\"\/>    L\u2019acteur am\u00e9ricain Matthew McConaughey, lors de la 96\u1d49\u00a0c\u00e9r\u00e9monie des Oscars, \u00e0 Los Angeles (Californie), le 10\u00a0mars\u00a02024.  ROBYN BECK\/AFP                            <\/p>\n<p class=\"article__paragraph  \">L\u2019acteur am\u00e9ricain Matthew McConaughey a d\u00e9pos\u00e9 des extraits vid\u00e9o de son image et sonores de sa voix aupr\u00e8s de l\u2019Institut am\u00e9ricain de la propri\u00e9t\u00e9 intellectuelle, pour les prot\u00e9ger d\u2019une utilisation indue par des groupes ou des plateformes d\u2019intelligence artificielle (IA).<\/p>\n<p class=\"article__paragraph  \">Plusieurs contenus audiovisuels ont \u00e9t\u00e9 enregistr\u00e9s par la branche commerciale de la fondation Just Keep Livin, cr\u00e9\u00e9e par le com\u00e9dien et son \u00e9pouse Camila, a constat\u00e9 l\u2019Agence France-Presse (AFP) dans la base de donn\u00e9es de l\u2019United States Patent and Trademark Office (USPTO).<\/p>\n<p class=\"article__paragraph  \">Alors que de nombreux artistes s\u2019inqui\u00e8tent de l\u2019utilisation sauvage de leur image via l\u2019IA g\u00e9n\u00e9rative depuis l\u2019arriv\u00e9e de ChatGPT, tr\u00e8s peu d\u2019acteurs ont saisi la justice pour faire valoir leurs droits. L\u2019un des exemples les plus marquants reste celui de <a href=\"https:\/\/www.lemonde.fr\/pixels\/article\/2024\/05\/21\/accuse-par-scarlett-johansson-d-avoir-copie-sa-voix-openai-suspend-l-utilisation-d-une-tonalite-de-chatgpt_6234478_4408996.html\" target=\"_blank\" rel=\"noopener\">Scarlett Johansson<\/a> qui a attaqu\u00e9, en\u00a02023, l\u2019application Lisa AI pour avoir cr\u00e9\u00e9, sans son consentement, un avatar IA \u00e0 son image pour une publicit\u00e9.<\/p>\n<p>                                         Lire aussi |  Article r\u00e9serv\u00e9 \u00e0 nos abonn\u00e9s  <a href=\"https:\/\/www.lemonde.fr\/economie\/article\/2025\/12\/12\/accord-disney-openai-le-cauchemar-d-hollywood-prend-forme-meme-si-robert-iger-promet-de-respecter-et-proteger-les-artistes_6657024_3234.html\" class=\"js-article-read-also catcher--favoris__link\" data-premium=\"1\" id=\"article-title-3450717\" target=\"_blank\" rel=\"noopener\">Accord Disney-OpenAI\u00a0: \u00ab\u00a0Le cauchemar d\u2019Hollywood prend forme m\u00eame si le studio promet de \u201crespecter et prot\u00e9ger\u201d les artistes\u00a0\u00bb<\/a>    <\/p>\n<p>   Lire plus tard  <\/p>\n<p>                            Une nouvelle approche                      <\/p>\n<p class=\"article__paragraph  \">L\u2019approche de Matthew McConaughey est nouvelle car l\u2019acteur prend les devants pour prot\u00e9ger l\u00e9galement son image et sa voix. Le com\u00e9dien oscaris\u00e9 n\u2019est n\u00e9anmoins pas oppos\u00e9 \u00e0 l\u2019IA g\u00e9n\u00e9rative, bien au contraire. Il a ainsi pris une participation au capital de la start-up ElevenLabs, sp\u00e9cialis\u00e9e dans les voix. Cette derni\u00e8re a cr\u00e9\u00e9 une version IA audio de Matthew McConaughey, avec sa permission.<\/p>\n<p class=\"article__paragraph  \">\u00ab\u00a0Nous voulons nous assurer que nos clients b\u00e9n\u00e9ficient de la m\u00eame protection que leurs soci\u00e9t\u00e9s\u00a0\u00bb, a expliqu\u00e9 l\u2019avocat Kevin Yorn, qui repr\u00e9sente Matthew McConaughey. Il souhaite aussi s\u2019\u00ab\u00a0assurer qu\u2019ils peuvent \u00eatre r\u00e9mun\u00e9r\u00e9s pour l\u2019utilisation de leur voix et de leur image par cette nouvelle technologie\u00a0\u00bb.<\/p>\n<p class=\"article__paragraph  \">Si plusieurs Etats am\u00e9ricains ont adopt\u00e9 des textes la prohibant, beaucoup s\u2019appliquent surtout \u00e0 l\u2019utilisation malveillante ou \u00e0 des fins commerciales. Seuls quelques-uns, <a href=\"https:\/\/www.lemonde.fr\/musiques\/article\/2024\/04\/03\/plus-de-200-artistes-alertent-sur-une-utilisation-predatrice-de-l-intelligence-artificielle-dans-la-musique_6225641_1654986.html\" target=\"_blank\" rel=\"noopener\">notamment l\u2019ELVIS Act<\/a>, vot\u00e9 par le parlement local du Tennessee en\u00a02024, offrent une protection plus g\u00e9n\u00e9rale.<\/p>\n<p>                                         Lire le d\u00e9cryptage :  Article r\u00e9serv\u00e9 \u00e0 nos abonn\u00e9s  <a href=\"https:\/\/www.lemonde.fr\/economie\/article\/2025\/01\/23\/l-intelligence-artificielle-met-les-acteurs-de-doublage-en-peril-imminent_6510985_3234.html\" class=\"js-article-read-also catcher--favoris__link\" data-premium=\"1\" id=\"article-title-3403015\" target=\"_blank\" rel=\"noopener\">L\u2019intelligence artificielle met les acteurs de doublage en p\u00e9ril imminent<\/a>    <\/p>\n<p>   Lire plus tard  <\/p>\n<p class=\"author__detail\">  Le Monde avec AFP  <\/p>\n","protected":false},"excerpt":{"rendered":"L\u2019acteur am\u00e9ricain Matthew McConaughey, lors de la 96\u1d49\u00a0c\u00e9r\u00e9monie des Oscars, \u00e0 Los Angeles (Californie), le 10\u00a0mars\u00a02024. ROBYN BECK\/AFP&hellip;\n","protected":false},"author":2,"featured_media":664808,"comment_status":"","ping_status":"","sticky":false,"template":"","format":"standard","meta":{"footnotes":""},"categories":[8],"tags":[58,59,1011,27],"class_list":{"0":"post-664807","1":"post","2":"type-post","3":"status-publish","4":"format-standard","5":"has-post-thumbnail","7":"category-divertissement","8":"tag-divertissement","9":"tag-entertainment","10":"tag-fr","11":"tag-france"},"share_on_mastodon":{"url":"https:\/\/pubeurope.com\/@fr\/115897970669704761","error":""},"_links":{"self":[{"href":"https:\/\/www.europesays.com\/fr\/wp-json\/wp\/v2\/posts\/664807","targetHints":{"allow":["GET"]}}],"collection":[{"href":"https:\/\/www.europesays.com\/fr\/wp-json\/wp\/v2\/posts"}],"about":[{"href":"https:\/\/www.europesays.com\/fr\/wp-json\/wp\/v2\/types\/post"}],"author":[{"embeddable":true,"href":"https:\/\/www.europesays.com\/fr\/wp-json\/wp\/v2\/users\/2"}],"replies":[{"embeddable":true,"href":"https:\/\/www.europesays.com\/fr\/wp-json\/wp\/v2\/comments?post=664807"}],"version-history":[{"count":0,"href":"https:\/\/www.europesays.com\/fr\/wp-json\/wp\/v2\/posts\/664807\/revisions"}],"wp:featuredmedia":[{"embeddable":true,"href":"https:\/\/www.europesays.com\/fr\/wp-json\/wp\/v2\/media\/664808"}],"wp:attachment":[{"href":"https:\/\/www.europesays.com\/fr\/wp-json\/wp\/v2\/media?parent=664807"}],"wp:term":[{"taxonomy":"category","embeddable":true,"href":"https:\/\/www.europesays.com\/fr\/wp-json\/wp\/v2\/categories?post=664807"},{"taxonomy":"post_tag","embeddable":true,"href":"https:\/\/www.europesays.com\/fr\/wp-json\/wp\/v2\/tags?post=664807"}],"curies":[{"name":"wp","href":"https:\/\/api.w.org\/{rel}","templated":true}]}}