{"id":664811,"date":"2026-01-15T07:38:09","date_gmt":"2026-01-15T07:38:09","guid":{"rendered":"https:\/\/www.europesays.com\/fr\/664811\/"},"modified":"2026-01-15T07:38:09","modified_gmt":"2026-01-15T07:38:09","slug":"pour-eviter-lentree-de-200-000-foyers-fiscaux-dans-limpot-sur-le-revenu-lassemblee-nationale-vote-finalement-son-indexation-sur-linflation","status":"publish","type":"post","link":"https:\/\/www.europesays.com\/fr\/664811\/","title":{"rendered":"Pour \u00e9viter l&rsquo;entr\u00e9e de 200.000 foyers fiscaux dans l&rsquo;imp\u00f4t sur le revenu, l&rsquo;Assembl\u00e9e nationale vote finalement son indexation sur l&rsquo;inflation"},"content":{"rendered":"<p>L&rsquo;Assembl\u00e9e nationale a finalement r\u00e9tabli mercredi soir l&rsquo;indexation du bar\u00e8me de l&rsquo;imp\u00f4t sur le revenu sur l&rsquo;inflation pour toutes les tranches. Cette mesure doit encore \u00eatre confirm\u00e9e dans le compromis budg\u00e9taire final.<\/p>\n<p>L&rsquo;Assembl\u00e9e nationale a r\u00e9tabli mercredi <a href=\"https:\/\/www.bfmtv.com\/economie\/pour-eviter-que-les-francais-paient-plus-d-impot-la-commission-des-finances-reindexe-l-integralite-du-bareme-d-imposition-sur-le-revenu-sur-l-inflation_AV-202601080384.html\" title=\"Pour \u00e9viter que les Fran\u00e7ais paient plus d&#039;imp\u00f4t, la commission des finances r\u00e9indexe l&#039;int\u00e9gralit\u00e9 du bar\u00e8me d&#039;imposition sur le revenu sur l&#039;inflation\" class=\"internal_link\" target=\"_blank\" rel=\"noopener\">l&rsquo;indexation sur l&rsquo;inflation du bar\u00e8me de l&rsquo;imp\u00f4t sur le revenu<\/a> pour toutes les tranches, sans certitude n\u00e9anmoins que le dispositif fera bel et bien partie du potentiel compromis budg\u00e9taire final que le gouvernement cherche \u00e0 trouver.<\/p>\n<p>Fid\u00e8les \u00e0 leur vote de l&rsquo;automne en premi\u00e8re lecture dans l&rsquo;h\u00e9micycle, les d\u00e9put\u00e9s se sont largement <a href=\"https:\/\/www.bfmtv.com\/economie\/economie-social\/le-gouvernement-veut-geler-le-bareme-de-l-impot-sur-le-revenu-les-deputes-adoptent-un-amendement-pour-eviter-que-200-000-nouveaux-menages-le-payent_AV-202510200651.html\" title=\"Le gouvernement veut geler le bar\u00e8me de l&#039;imp\u00f4t sur le revenu: les d\u00e9put\u00e9s adoptent un amendement pour \u00e9viter que 200.000 nouveaux m\u00e9nages le payent\" class=\"internal_link\" target=\"_blank\" rel=\"noopener\">oppos\u00e9s au gel du bar\u00e8me de cet imp\u00f4t<\/a>, qui aurait entra\u00een\u00e9 l&rsquo;entr\u00e9e d&rsquo;environ 200.000 foyers fiscaux dans l&rsquo;imp\u00f4t sur le revenu en 2026. Cette mesure de \u00ab\u00a0gel\u00a0\u00bb total \u00e9tait <a href=\"https:\/\/www.bfmtv.com\/economie\/economie-social\/le-gouvernement-veut-geler-le-bareme-de-l-impot-sur-le-revenu-les-deputes-adoptent-un-amendement-pour-eviter-que-200-000-nouveaux-menages-le-payent_AV-202510200651.html\" title=\"Le gouvernement veut geler le bar\u00e8me de l&#039;imp\u00f4t sur le revenu: les d\u00e9put\u00e9s adoptent un amendement pour \u00e9viter que 200.000 nouveaux m\u00e9nages le payent\" class=\"internal_link\" target=\"_blank\" rel=\"noopener\">initialement propos\u00e9e par le gouvernement dans son projet de loi de finances<\/a> et aurait pu rapporter environ deux milliards d&rsquo;euros.<\/p>\n<p>Une mesure encore suspendue au vote du budget<\/p>\n<p>Le S\u00e9nat avait, lui, propos\u00e9 de <a href=\"https:\/\/www.bfmtv.com\/economie\/economie-social\/faire-au-plus-vite-le-depute-eric-coquerel-presse-le-gouvernement-d-indexer-le-bareme-de-l-impot-sur-l-inflation-pour-eviter-que-200-000-non-imposables-le-paient-meme-si-ca-a-peu-de-chance-d-arriver_AN-202512260245.html\" title=\"&quot;Faire au plus vite&quot;: le d\u00e9put\u00e9 Eric Coquerel presse le gouvernement d\u2019indexer le bar\u00e8me de l&#039;imp\u00f4t sur l\u2019inflation pour \u00e9viter que 200.000 &quot;non-imposables&quot; le paient (m\u00eame si \u00e7a a peu de chance d\u2019arriver)\" class=\"internal_link\" target=\"_blank\" rel=\"noopener\">ne r\u00e9indexer que la tranche la plus basse du bar\u00e8me<\/a>, pour pr\u00e9server les plus petits revenus imposables. Une solution qui a finalement eu les faveurs du gouvernement dans un esprit de compromis.<\/p>\n<p>Mais l&rsquo;Assembl\u00e9e a tr\u00e8s largement vot\u00e9 pour un d\u00e9gel total, avec une indexation fix\u00e9e \u00e0 1,1%, alors que <a href=\"https:\/\/www.bfmtv.com\/economie\/patrimoine\/placements-epargne\/le-taux-du-livret-a-sera-t-il-divise-par-deux-en-un-an-une-nouvelle-baisse-du-taux-du-placement-prefere-des-francais-est-attendue-cette-semaine_AD-202601120144.html\" title=\"Le taux du Livret A sera-t-il divis\u00e9 par deux en un an? Une nouvelle baisse du taux du placement pr\u00e9f\u00e9r\u00e9 des Fran\u00e7ais est attendue cette semaine\" class=\"internal_link\" target=\"_blank\" rel=\"noopener\">la Banque de France projette pour l&rsquo;heure une inflation totale en moyenne annuelle d&rsquo;environ 0,9%<\/a> en 2025. \u00ab\u00a0Plut\u00f4t que d&rsquo;augmenter les imp\u00f4ts sur la France qui travaille, assumons des \u00e9conomies\u00a0\u00bb, a lanc\u00e9 l&rsquo;ex-Premier ministre, Gabriel Attal, dont le groupe Renaissance soutenait cette mesure.<\/p>\n<blockquote class=\"embed embed_quote\"><p>La ministre des Comptes publics, Am\u00e9lie de Montchalin, a regrett\u00e9 ce choix, estimant que \u00ab\u00a0dans la situation budg\u00e9taire dans laquelle nous nous trouvons, nous pourrions demander par \u00e9quit\u00e9 une petite contribution\u00a0\u00bb \u00e0 certains m\u00e9nages.<\/p><\/blockquote>\n<p>Rien n&rsquo;assure \u00e0 ce stade que le dispositif vot\u00e9 par l&rsquo;Assembl\u00e9e sera r\u00e9ellement mis en place, car le sort final du budget reste toujours tr\u00e8s incertain et le gouvernement pourrait user d&rsquo;une arme constitutionnelle pour abr\u00e9ger les d\u00e9bats et \u00e9viter un vote, <a href=\"https:\/\/www.bfmtv.com\/economie\/economie-social\/finances-publiques\/bientot-le-49-3-les-deputes-rejettent-encore-le-budget-en-commission-le-gouvernement-est-dans-l-impasse_AD-202601100316.html\" title=\"Bient\u00f4t le 49.3? Les d\u00e9put\u00e9s rejettent encore le budget en commission, le gouvernement est dans l&#039;impasse\" class=\"internal_link\" target=\"_blank\" rel=\"noopener\">comme le 49.3<\/a> ou la publication d&rsquo;une ordonnance budg\u00e9taire.<\/p>\n<p>D&rsquo;autant que ce d\u00e9gel du bar\u00e8me de l&rsquo;imp\u00f4t sur le revenu d\u00e9grade encore le solde budg\u00e9taire: \u00ab\u00a0A force de l\u00e2cher \u00e0 tous les niveaux, on s&rsquo;\u00e9loigne (de l&rsquo;objectif d&rsquo;un d\u00e9ficit) \u00e0 5%\u00a0\u00bb du PIB, fix\u00e9 par le gouvernement, a not\u00e9 le d\u00e9put\u00e9 MoDem, Jean-Paul Matt\u00e9i.<\/p>\n<p>Les d\u00e9put\u00e9s ont \u00e9galement vot\u00e9 en faveur de la prolongation de la contribution diff\u00e9rentielle sur les hauts revenus jusqu&rsquo;\u00e0 ce que le d\u00e9ficit public repasse sous les 3% du PIB, avec l&rsquo;aval du gouvernement. Ils ont aussi opt\u00e9 pour d\u00e9fiscaliser les pourboires jusqu&rsquo;en 2028 une mesure d\u00e9j\u00e0 vot\u00e9e au d\u00e9but de la discussion budg\u00e9taire \u00e0 l&rsquo;automne.<\/p>\n","protected":false},"excerpt":{"rendered":"L&rsquo;Assembl\u00e9e nationale a finalement r\u00e9tabli mercredi soir l&rsquo;indexation du bar\u00e8me de l&rsquo;imp\u00f4t sur le revenu sur l&rsquo;inflation pour&hellip;\n","protected":false},"author":2,"featured_media":664812,"comment_status":"","ping_status":"","sticky":false,"template":"","format":"standard","meta":{"footnotes":""},"categories":[6],"tags":[35,33,34,1011,27],"class_list":{"0":"post-664811","1":"post","2":"type-post","3":"status-publish","4":"format-standard","5":"has-post-thumbnail","7":"category-economie","8":"tag-business","9":"tag-economie","10":"tag-economy","11":"tag-fr","12":"tag-france"},"share_on_mastodon":{"url":"https:\/\/pubeurope.com\/@fr\/115897978458021137","error":""},"_links":{"self":[{"href":"https:\/\/www.europesays.com\/fr\/wp-json\/wp\/v2\/posts\/664811","targetHints":{"allow":["GET"]}}],"collection":[{"href":"https:\/\/www.europesays.com\/fr\/wp-json\/wp\/v2\/posts"}],"about":[{"href":"https:\/\/www.europesays.com\/fr\/wp-json\/wp\/v2\/types\/post"}],"author":[{"embeddable":true,"href":"https:\/\/www.europesays.com\/fr\/wp-json\/wp\/v2\/users\/2"}],"replies":[{"embeddable":true,"href":"https:\/\/www.europesays.com\/fr\/wp-json\/wp\/v2\/comments?post=664811"}],"version-history":[{"count":0,"href":"https:\/\/www.europesays.com\/fr\/wp-json\/wp\/v2\/posts\/664811\/revisions"}],"wp:featuredmedia":[{"embeddable":true,"href":"https:\/\/www.europesays.com\/fr\/wp-json\/wp\/v2\/media\/664812"}],"wp:attachment":[{"href":"https:\/\/www.europesays.com\/fr\/wp-json\/wp\/v2\/media?parent=664811"}],"wp:term":[{"taxonomy":"category","embeddable":true,"href":"https:\/\/www.europesays.com\/fr\/wp-json\/wp\/v2\/categories?post=664811"},{"taxonomy":"post_tag","embeddable":true,"href":"https:\/\/www.europesays.com\/fr\/wp-json\/wp\/v2\/tags?post=664811"}],"curies":[{"name":"wp","href":"https:\/\/api.w.org\/{rel}","templated":true}]}}