{"id":664819,"date":"2026-01-15T07:42:11","date_gmt":"2026-01-15T07:42:11","guid":{"rendered":"https:\/\/www.europesays.com\/fr\/664819\/"},"modified":"2026-01-15T07:42:11","modified_gmt":"2026-01-15T07:42:11","slug":"la-formation-stephanoise-est-lune-des-meilleures-du-continent","status":"publish","type":"post","link":"https:\/\/www.europesays.com\/fr\/664819\/","title":{"rendered":"la formation st\u00e9phanoise est l&rsquo;une des meilleures du continent !"},"content":{"rendered":"<p><img decoding=\"async\" class=\"\" style=\"width:100%\" src=\"https:\/\/www.europesays.com\/fr\/wp-content\/uploads\/2026\/01\/la_formation_stephanoise_se_distingue_toujours_dans_les_ligues_du_big_5_2820860651768456157685.jpg\" alt=\"A\u00efmen Moueffek et Micka\u00ebl Nad\u00e9 ont \u00e9t\u00e9 form\u00e9s \u00e0 Saint-Etienne. \"\/><\/p>\n<p>A\u00efmen Moueffek et Micka\u00ebl Nad\u00e9 ont \u00e9t\u00e9 form\u00e9s \u00e0 Saint-Etienne. <\/p>\n<p>Cr\u00e9dit : AS Saint-Etienne <\/p>\n<p style=\"margin: 0cm 0cm 12.0pt 0cm;\">Nous avons les meilleures p\u00e9pites \u00e0 l&rsquo;AS Saint-Etienne et ce n&rsquo;est pas une blague. Le centre de formation fait visiblement son petit effet puisque l&rsquo;ASSE a annonc\u00e9 hier qu&rsquo;elle est le 7e club europ\u00e9en \u00e0 avoir fourni le plus de talents aux \u00ab\u00a0big-5\u00a0\u00bb, soit les 5 grands championnats europ\u00e9ens (Allemagne, Angleterre, Espagne, Italie, France). Depuis le 1er janvier 2016, Saint-Etienne a form\u00e9 63 joueurs de talents, c&rsquo;est-\u00e0-dire qui ont \u00e9volu\u00e9s dans les ligues du big-5 selon le Centre International d&rsquo;Etude du Sport.<\/p>\n<p style=\"margin: 0cm 0cm 12.0pt 0cm;\">Ainsi, les Verts sont devant le Bayern Munich ou encore l&rsquo;Ajax Amsterdam. Seul le PSG, l&rsquo;OL et Rennes ont form\u00e9 plus de joueurs en France.\u00a0<\/p>\n","protected":false},"excerpt":{"rendered":"A\u00efmen Moueffek et Micka\u00ebl Nad\u00e9 ont \u00e9t\u00e9 form\u00e9s \u00e0 Saint-Etienne. Cr\u00e9dit : AS Saint-Etienne Nous avons les meilleures&hellip;\n","protected":false},"author":2,"featured_media":664820,"comment_status":"","ping_status":"","sticky":false,"template":"","format":"standard","meta":{"footnotes":""},"categories":[9653],"tags":[1111,11,461,2430,21646,1777,674,63,1011,27,446,3367,12,25,4001],"class_list":{"0":"post-664819","1":"post","2":"type-post","3":"status-publish","4":"format-standard","5":"has-post-thumbnail","7":"category-saint-etienne","8":"tag-actu","9":"tag-actualites","10":"tag-asse","11":"tag-auvergne-rhone-alpes","12":"tag-chaudron","13":"tag-eu","14":"tag-europe","15":"tag-football","16":"tag-fr","17":"tag-france","18":"tag-ligue-2","19":"tag-loire","20":"tag-news","21":"tag-republique-francaise","22":"tag-saint-etienne"},"share_on_mastodon":{"url":"https:\/\/pubeurope.com\/@fr\/115897994092224837","error":""},"_links":{"self":[{"href":"https:\/\/www.europesays.com\/fr\/wp-json\/wp\/v2\/posts\/664819","targetHints":{"allow":["GET"]}}],"collection":[{"href":"https:\/\/www.europesays.com\/fr\/wp-json\/wp\/v2\/posts"}],"about":[{"href":"https:\/\/www.europesays.com\/fr\/wp-json\/wp\/v2\/types\/post"}],"author":[{"embeddable":true,"href":"https:\/\/www.europesays.com\/fr\/wp-json\/wp\/v2\/users\/2"}],"replies":[{"embeddable":true,"href":"https:\/\/www.europesays.com\/fr\/wp-json\/wp\/v2\/comments?post=664819"}],"version-history":[{"count":0,"href":"https:\/\/www.europesays.com\/fr\/wp-json\/wp\/v2\/posts\/664819\/revisions"}],"wp:featuredmedia":[{"embeddable":true,"href":"https:\/\/www.europesays.com\/fr\/wp-json\/wp\/v2\/media\/664820"}],"wp:attachment":[{"href":"https:\/\/www.europesays.com\/fr\/wp-json\/wp\/v2\/media?parent=664819"}],"wp:term":[{"taxonomy":"category","embeddable":true,"href":"https:\/\/www.europesays.com\/fr\/wp-json\/wp\/v2\/categories?post=664819"},{"taxonomy":"post_tag","embeddable":true,"href":"https:\/\/www.europesays.com\/fr\/wp-json\/wp\/v2\/tags?post=664819"}],"curies":[{"name":"wp","href":"https:\/\/api.w.org\/{rel}","templated":true}]}}