{"id":664821,"date":"2026-01-15T07:43:10","date_gmt":"2026-01-15T07:43:10","guid":{"rendered":"https:\/\/www.europesays.com\/fr\/664821\/"},"modified":"2026-01-15T07:43:10","modified_gmt":"2026-01-15T07:43:10","slug":"municipales-a-saint-etienne-des-sorts-jean-pierre-rizzon-se-lance-dans-la-course-a-la-mairie","status":"publish","type":"post","link":"https:\/\/www.europesays.com\/fr\/664821\/","title":{"rendered":"Municipales \u00e0 Saint-\u00c9tienne-des-Sorts : Jean-Pierre Rizzon se lance dans la course \u00e0 la mairie"},"content":{"rendered":"<p>\u00c0 deux mois du premier tour des \u00e9lections municipales, la campagne s\u2019installe progressivement \u00e0 Saint-\u00c9tienne-des-Sorts. Jean-Pierre Rizzon a officiellement annonc\u00e9 sa candidature \u00e0 la t\u00eate d\u2019une liste de 17 personnes, avec l\u2019ambition affich\u00e9e de proposer une nouvelle dynamique pour la commune.<\/p>\n<p>\u00c2g\u00e9 de 63 ans, Jean-Pierre Rizzon est retrait\u00e9 apr\u00e8s pr\u00e8s de quarante ann\u00e9es pass\u00e9es \u00e0 des postes de direction de magasin. Originaire de Saint-\u00c9tienne, dans la Loire, il est install\u00e9 \u00e0 Saint-\u00c9tienne-des-Sorts depuis 21 ans. Un attachement de longue date au village, qu\u2019il conna\u00eet aussi de l\u2019int\u00e9rieur pour y avoir d\u00e9j\u00e0 exerc\u00e9 des responsabilit\u00e9s municipales. \u00c9lu conseiller municipal une premi\u00e8re fois il y a 17 ans, il avait alors si\u00e9g\u00e9 pendant six ans.<\/p>\n<p>C\u2019est il y a trois ans que son retour dans la vie municipale s\u2019amorce, lorsqu\u2019il accepte de s\u2019inscrire sur une liste lors d\u2019\u00e9lections partielles, \u00e0 la demande de Didier Bonneaud. \u00ab L\u2019objectif \u00e9tait de donner un coup de main au village, avec l\u2019envie sinc\u00e8re de participer \u00e0 la vie active de la commune \u00bb, explique-t-il. Une exp\u00e9rience qui, selon lui, n\u2019a pas r\u00e9pondu \u00e0 ses attentes. \u00ab Ces trois derni\u00e8res ann\u00e9es ne se sont pas pass\u00e9es comme je l\u2019envisageais, d\u2019o\u00f9 l\u2019envie aujourd\u2019hui d\u2019apporter ma propre conception de la gestion communale \u00bb, confie le candidat.<\/p>\n<p>Sa candidature s\u2019articule autour de plusieurs piliers clairement identifi\u00e9s. Le premier concerne la s\u00e9curit\u00e9 du village, un sujet qu\u2019il juge prioritaire. Vient ensuite la volont\u00e9 de redonner du dynamisme \u00e0 une commune qu\u2019il estime en perte de vitesse. \u00ab Il manque aujourd\u2019hui une vraie dynamique, et surtout une attention particuli\u00e8re \u00e0 l\u2019ensemble des citoyens, qui ne sont plus au c\u0153ur des d\u00e9cisions \u00bb, souligne Jean-Pierre Rizzon. Il pointe notamment une participation citoyenne insuffisante et un sentiment d\u2019exclusion des habitants dans les choix municipaux.<\/p>\n<p>Autre axe fort de son programme : l\u2019attractivit\u00e9 de Saint-\u00c9tienne-des-Sorts. Alors que l\u2019agglom\u00e9ration du Gard rhodanien continue globalement de gagner des habitants, le village, lui, en perd. Pour inverser la tendance, le candidat souhaite travailler notamment sur la question des commerces et du cadre de vie, afin de rendre la commune plus attractive pour de nouveaux habitants.<\/p>\n<p>La liste qu\u2019il conduit est \u00ab quasiment compl\u00e8te \u00bb. Elle compte 17 personnes, choisies selon lui pour leurs profils et leurs comp\u00e9tences, en coh\u00e9rence avec les orientations programmatiques d\u00e9fendues. Deux tracts ont d\u00e9j\u00e0 \u00e9t\u00e9 diffus\u00e9s depuis un mois, posant les grandes th\u00e9matiques de la campagne et marquant le d\u00e9but d\u2019une communication de terrain.<\/p>\n<p>Parmi les dossiers qu\u2019il place en t\u00eate des priorit\u00e9s figure le Plan local d\u2019urbanisme (PLU), qui n\u2019a pas \u00e9t\u00e9 r\u00e9vis\u00e9 depuis plus de dix ans. \u00ab Ce sera ma premi\u00e8re mesure si je suis \u00e9lu maire \u00bb, annonce Jean-Pierre Rizzon, qui souhaite associer rapidement la population \u00e0 cette r\u00e9flexion. Une r\u00e9union publique sur ce sujet est d\u2019ores et d\u00e9j\u00e0 envisag\u00e9e pour le mois de f\u00e9vrier.<\/p>\n<p>\u00c0 l\u2019approche du scrutin, Jean-Pierre Rizzon entend ainsi porter un projet qu\u2019il veut participatif, tourn\u00e9 vers les habitants et r\u00e9solument ax\u00e9 sur le renouveau de Saint-\u00c9tienne-des-Sorts.<\/p>\n","protected":false},"excerpt":{"rendered":"\u00c0 deux mois du premier tour des \u00e9lections municipales, la campagne s\u2019installe progressivement \u00e0 Saint-\u00c9tienne-des-Sorts. Jean-Pierre Rizzon a&hellip;\n","protected":false},"author":2,"featured_media":664822,"comment_status":"","ping_status":"","sticky":false,"template":"","format":"standard","meta":{"footnotes":""},"categories":[9653],"tags":[1111,11,2430,1777,674,1011,27,12,25,4001],"class_list":{"0":"post-664821","1":"post","2":"type-post","3":"status-publish","4":"format-standard","5":"has-post-thumbnail","7":"category-saint-etienne","8":"tag-actu","9":"tag-actualites","10":"tag-auvergne-rhone-alpes","11":"tag-eu","12":"tag-europe","13":"tag-fr","14":"tag-france","15":"tag-news","16":"tag-republique-francaise","17":"tag-saint-etienne"},"share_on_mastodon":{"url":"https:\/\/pubeurope.com\/@fr\/115897997983374416","error":""},"_links":{"self":[{"href":"https:\/\/www.europesays.com\/fr\/wp-json\/wp\/v2\/posts\/664821","targetHints":{"allow":["GET"]}}],"collection":[{"href":"https:\/\/www.europesays.com\/fr\/wp-json\/wp\/v2\/posts"}],"about":[{"href":"https:\/\/www.europesays.com\/fr\/wp-json\/wp\/v2\/types\/post"}],"author":[{"embeddable":true,"href":"https:\/\/www.europesays.com\/fr\/wp-json\/wp\/v2\/users\/2"}],"replies":[{"embeddable":true,"href":"https:\/\/www.europesays.com\/fr\/wp-json\/wp\/v2\/comments?post=664821"}],"version-history":[{"count":0,"href":"https:\/\/www.europesays.com\/fr\/wp-json\/wp\/v2\/posts\/664821\/revisions"}],"wp:featuredmedia":[{"embeddable":true,"href":"https:\/\/www.europesays.com\/fr\/wp-json\/wp\/v2\/media\/664822"}],"wp:attachment":[{"href":"https:\/\/www.europesays.com\/fr\/wp-json\/wp\/v2\/media?parent=664821"}],"wp:term":[{"taxonomy":"category","embeddable":true,"href":"https:\/\/www.europesays.com\/fr\/wp-json\/wp\/v2\/categories?post=664821"},{"taxonomy":"post_tag","embeddable":true,"href":"https:\/\/www.europesays.com\/fr\/wp-json\/wp\/v2\/tags?post=664821"}],"curies":[{"name":"wp","href":"https:\/\/api.w.org\/{rel}","templated":true}]}}