{"id":664823,"date":"2026-01-15T07:44:11","date_gmt":"2026-01-15T07:44:11","guid":{"rendered":"https:\/\/www.europesays.com\/fr\/664823\/"},"modified":"2026-01-15T07:44:11","modified_gmt":"2026-01-15T07:44:11","slug":"des-operations-escargot-de-tracteurs-prevues-ce-soir","status":"publish","type":"post","link":"https:\/\/www.europesays.com\/fr\/664823\/","title":{"rendered":"des op\u00e9rations escargot de tracteurs pr\u00e9vues ce soir"},"content":{"rendered":"<p><img decoding=\"async\" class=\"\" style=\"width:100%\" src=\"https:\/\/www.europesays.com\/fr\/wp-content\/uploads\/2026\/01\/10000304311768457960128.jpg\" alt=\"Des op\u00e9rations escargot sont pr\u00e9vues en Meurthe-et-Moselle ce 15 janvier. \"\/><\/p>\n<p>Cr\u00e9dit : Juliette Schang<\/p>\n<p data-start=\"236\" data-end=\"591\">Jeudi 15 janvier 2026, des agriculteurs ont pr\u00e9vu plusieurs <strong data-start=\"296\" data-end=\"319\">op\u00e9rations escargot<\/strong> en Meurthe-et-Moselle, en fin d\u2019apr\u00e8s-midi et en soir\u00e9e, entra\u00eenant de <strong data-start=\"391\" data-end=\"463\">forts ralentissements sur plusieurs axes routiers et en centre-ville<\/strong>. Les forces de l\u2019ordre et les services de l\u2019\u00c9tat sont mobilis\u00e9s pour encadrer ces actions et assurer la s\u00e9curit\u00e9 des usagers.<\/p>\n<p data-start=\"593\" data-end=\"1112\">Dans le <strong data-start=\"601\" data-end=\"622\">secteur de Longwy<\/strong>, environ <strong data-start=\"632\" data-end=\"648\">30 tracteurs<\/strong> devraient circuler \u00e0 partir de 16h00. Le convoi empruntera l\u2019A30 depuis l\u2019\u00e9changeur de Beuvillers jusqu\u2019\u00e0 Longwy, puis la N52 via Villers-la-Montagne, Lexy et Mont-Saint-Martin. Les participants traverseront \u00e9galement le centre-ville de Longwy, en particulier le boulevard de Metz, la route de Longwy et l\u2019avenue de la Paix, avant de rejoindre le complexe douanier d\u2019Aubange. Le rassemblement est pr\u00e9vu place Darches vers 19h, pour une dispersion estim\u00e9e \u00e0 22h.<\/p>\n<p data-start=\"1114\" data-end=\"1606\">\u00c0 <strong data-start=\"1116\" data-end=\"1129\">Lun\u00e9ville<\/strong>, le cort\u00e8ge sera beaucoup plus important avec <strong data-start=\"1176\" data-end=\"1198\">80 \u00e0 100 tracteurs<\/strong>. Le d\u00e9part est pr\u00e9vu \u00e0 18h00 sur la N59 \u00e0 Azerailles et la N4 entre Bl\u00e2mont et Gogney, avec passage sur l\u2019A33 \u00e0 Ville-en-Vermois. Le convoi rejoindra le rond-point de Chaufontaine \u00e0 18h avant de circuler dans le centre-ville de Lun\u00e9ville, notamment pr\u00e8s de la gare, du ch\u00e2teau et de la zone commerciale de Moncel-l\u00e8s-Lun\u00e9ville. Le rassemblement aura lieu \u00e0 Moncel vers 19h30, pour une dispersion vers 22h.<\/p>\n<p data-start=\"1608\" data-end=\"1915\">Dans le <strong data-start=\"1616\" data-end=\"1635\">secteur de Toul<\/strong>, environ <strong data-start=\"1645\" data-end=\"1661\">30 tracteurs<\/strong> circuleront sur l\u2019A31 dans le sens Nancy \u2192 Gondreville puis Toul, avec passages par les sorties Gondreville et Dommartin-l\u00e8s-Toul avant de rejoindre le centre-ville. Le rassemblement est pr\u00e9vu place Ronde, la dispersion \u00e9tant estim\u00e9e entre 21h et 22h.<\/p>\n<p data-start=\"1917\" data-end=\"2221\">Enfin, \u00e0 <strong data-start=\"1926\" data-end=\"1944\">Pont-\u00e0-Mousson<\/strong>, une vingtaine de tracteurs sont attendus d\u00e8s 17h00. Ils emprunteront l\u2019A31 entre Atton et Lesm\u00e9nils, la D910 puis le centre-ville autour de la place Duroc. Le convoi occupera \u00e9galement le rond-point de Lesm\u00e9nils avant de rejoindre la ville, avec dispersion pr\u00e9vue vers 21h.<\/p>\n<p data-start=\"2223\" data-end=\"2265\"><strong data-start=\"2223\" data-end=\"2263\">Recommandations aux automobilistes :<\/strong><\/p>\n<ul data-start=\"2266\" data-end=\"2466\">\n<li data-start=\"2266\" data-end=\"2330\">\n<p data-start=\"2268\" data-end=\"2330\">\u00c9vitez les secteurs concern\u00e9s et anticipez vos d\u00e9placements.<\/p>\n<\/li>\n<li data-start=\"2331\" data-end=\"2414\">\n<p data-start=\"2333\" data-end=\"2414\">Respectez les d\u00e9viations mises en place et les consignes des forces de l\u2019ordre.<\/p>\n<\/li>\n<li data-start=\"2415\" data-end=\"2466\">\n<p data-start=\"2417\" data-end=\"2466\">Laissez libre l\u2019acc\u00e8s aux v\u00e9hicules de secours.<\/p>\n<\/li>\n<\/ul>\n<p data-start=\"2468\" data-end=\"2746\">Ces op\u00e9rations s\u2019inscrivent dans un contexte de mobilisation agricole nationale, et pourraient provoquer <strong data-start=\"2573\" data-end=\"2605\">d\u2019importants ralentissements<\/strong> sur les axes routiers principaux de Meurthe-et-Moselle jeudi soir. Les autorit\u00e9s invitent les usagers \u00e0 la <strong data-start=\"2713\" data-end=\"2743\">prudence et \u00e0 la vigilance<\/strong>.<\/p>\n","protected":false},"excerpt":{"rendered":"Cr\u00e9dit : Juliette Schang Jeudi 15 janvier 2026, des agriculteurs ont pr\u00e9vu plusieurs op\u00e9rations escargot en Meurthe-et-Moselle, en&hellip;\n","protected":false},"author":2,"featured_media":664824,"comment_status":"","ping_status":"","sticky":false,"template":"","format":"standard","meta":{"footnotes":""},"categories":[9635],"tags":[1111,11,1777,674,1011,27,775,71518,1702,12,25],"class_list":{"0":"post-664823","1":"post","2":"type-post","3":"status-publish","4":"format-standard","5":"has-post-thumbnail","7":"category-nancy","8":"tag-actu","9":"tag-actualites","10":"tag-eu","11":"tag-europe","12":"tag-fr","13":"tag-france","14":"tag-grand-est","15":"tag-magnum-la-radio","16":"tag-nancy","17":"tag-news","18":"tag-republique-francaise"},"share_on_mastodon":{"url":"https:\/\/pubeurope.com\/@fr\/115898001967938596","error":""},"_links":{"self":[{"href":"https:\/\/www.europesays.com\/fr\/wp-json\/wp\/v2\/posts\/664823","targetHints":{"allow":["GET"]}}],"collection":[{"href":"https:\/\/www.europesays.com\/fr\/wp-json\/wp\/v2\/posts"}],"about":[{"href":"https:\/\/www.europesays.com\/fr\/wp-json\/wp\/v2\/types\/post"}],"author":[{"embeddable":true,"href":"https:\/\/www.europesays.com\/fr\/wp-json\/wp\/v2\/users\/2"}],"replies":[{"embeddable":true,"href":"https:\/\/www.europesays.com\/fr\/wp-json\/wp\/v2\/comments?post=664823"}],"version-history":[{"count":0,"href":"https:\/\/www.europesays.com\/fr\/wp-json\/wp\/v2\/posts\/664823\/revisions"}],"wp:featuredmedia":[{"embeddable":true,"href":"https:\/\/www.europesays.com\/fr\/wp-json\/wp\/v2\/media\/664824"}],"wp:attachment":[{"href":"https:\/\/www.europesays.com\/fr\/wp-json\/wp\/v2\/media?parent=664823"}],"wp:term":[{"taxonomy":"category","embeddable":true,"href":"https:\/\/www.europesays.com\/fr\/wp-json\/wp\/v2\/categories?post=664823"},{"taxonomy":"post_tag","embeddable":true,"href":"https:\/\/www.europesays.com\/fr\/wp-json\/wp\/v2\/tags?post=664823"}],"curies":[{"name":"wp","href":"https:\/\/api.w.org\/{rel}","templated":true}]}}