{"id":664825,"date":"2026-01-15T07:45:12","date_gmt":"2026-01-15T07:45:12","guid":{"rendered":"https:\/\/www.europesays.com\/fr\/664825\/"},"modified":"2026-01-15T07:45:12","modified_gmt":"2026-01-15T07:45:12","slug":"epiphanie-25-galettes-des-rois-offertes-vendredi-a-nancy-ce-quil-faut-savoir","status":"publish","type":"post","link":"https:\/\/www.europesays.com\/fr\/664825\/","title":{"rendered":"\u00c9piphanie. 25 galettes des rois offertes vendredi \u00e0 Nancy : ce qu&rsquo;il faut savoir"},"content":{"rendered":"<p>                    Par<br \/>\n        <strong><br \/>\n            <a href=\"https:\/\/actu.fr\/auteur\/amandine-mehl\" title=\"Consulter tous les articles de Amandine Mehl\" target=\"_blank\" rel=\"noopener\">Amandine Mehl<\/a><br \/>\n                    <\/strong><\/p>\n<p>        Publi\u00e9 le<\/p>\n<p>            15 janv. 2026 \u00e0 7h02        <\/p>\n<p>Il fait partie des rendez-vous immanquables du <strong>march\u00e9 central<\/strong> \u00e0 Nancy : le<strong> partage de la traditionnelle galette des rois<\/strong>.\u00a0<\/p>\n<p class=\" wall-content\">Offert par la Ville de Nancy et organis\u00e9 en partenariat avec l\u2019association de commer\u00e7ants Les Vitrines de Nancy et l\u2019association de commer\u00e7ants du march\u00e9 central, l\u2019\u00e9v\u00e9nement apportera son <strong>lot de surprises<\/strong>.<\/p>\n<p>Plusieurs lots \u00e0 remporter<\/p>\n<p class=\" wall-content\">Vendredi 16 janvier 2026 \u00e0 15h, dans la halle Jean-Pierre Coffe, <strong>25 galettes seront offertes<\/strong>. Cela comprend \u00e9galement <strong>25 lots<\/strong>.\u00a0<\/p>\n<p class=\" wall-content\">La f\u00e8ve gagnante sera en forme de dauphin et permettra de gagner un <strong>bon de 50 euros<\/strong> offert par Les Vitrines de Nancy. Les cinq f\u00e8ves \u00ab\u00a0nounours\u00a0\u00bb donneront droit \u00e0 un <strong>bon de 10 euros<\/strong> et les 19 f\u00e8ves santons \u00e0 un<strong> tote bag avec quelques goodies<\/strong> de Nancy.<\/p>\n<p class=\" wall-content\">Personnalisez votre actualit\u00e9 en ajoutant vos villes et m\u00e9dias en favori avec <a href=\"https:\/\/moncompte.actu.fr\" title=\"D\u00e9couvez Mon Actu\" rel=\"nofollow noopener\" data-trk=\"{&quot;cta&quot;:{&quot;action&quot;:&quot;https:\\\/\\\/moncompte.actu.fr&quot;,&quot;category&quot;:&quot;mon compte&quot;,&quot;from&quot;:&quot;article footer&quot;,&quot;name&quot;:&quot;Mon actu&quot;,&quot;type&quot;:&quot;cta&quot;}}\" target=\"_blank\">Mon Actu<\/a>.<\/p>\n","protected":false},"excerpt":{"rendered":"Par Amandine Mehl Publi\u00e9 le 15 janv. 2026 \u00e0 7h02 Il fait partie des rendez-vous immanquables du march\u00e9&hellip;\n","protected":false},"author":2,"featured_media":664826,"comment_status":"","ping_status":"","sticky":false,"template":"","format":"standard","meta":{"footnotes":""},"categories":[9635],"tags":[1111,11,1777,674,1011,27,775,1702,12,25,104],"class_list":{"0":"post-664825","1":"post","2":"type-post","3":"status-publish","4":"format-standard","5":"has-post-thumbnail","7":"category-nancy","8":"tag-actu","9":"tag-actualites","10":"tag-eu","11":"tag-europe","12":"tag-fr","13":"tag-france","14":"tag-grand-est","15":"tag-nancy","16":"tag-news","17":"tag-republique-francaise","18":"tag-societe"},"share_on_mastodon":{"url":"https:\/\/pubeurope.com\/@fr\/115898005848124494","error":""},"_links":{"self":[{"href":"https:\/\/www.europesays.com\/fr\/wp-json\/wp\/v2\/posts\/664825","targetHints":{"allow":["GET"]}}],"collection":[{"href":"https:\/\/www.europesays.com\/fr\/wp-json\/wp\/v2\/posts"}],"about":[{"href":"https:\/\/www.europesays.com\/fr\/wp-json\/wp\/v2\/types\/post"}],"author":[{"embeddable":true,"href":"https:\/\/www.europesays.com\/fr\/wp-json\/wp\/v2\/users\/2"}],"replies":[{"embeddable":true,"href":"https:\/\/www.europesays.com\/fr\/wp-json\/wp\/v2\/comments?post=664825"}],"version-history":[{"count":0,"href":"https:\/\/www.europesays.com\/fr\/wp-json\/wp\/v2\/posts\/664825\/revisions"}],"wp:featuredmedia":[{"embeddable":true,"href":"https:\/\/www.europesays.com\/fr\/wp-json\/wp\/v2\/media\/664826"}],"wp:attachment":[{"href":"https:\/\/www.europesays.com\/fr\/wp-json\/wp\/v2\/media?parent=664825"}],"wp:term":[{"taxonomy":"category","embeddable":true,"href":"https:\/\/www.europesays.com\/fr\/wp-json\/wp\/v2\/categories?post=664825"},{"taxonomy":"post_tag","embeddable":true,"href":"https:\/\/www.europesays.com\/fr\/wp-json\/wp\/v2\/tags?post=664825"}],"curies":[{"name":"wp","href":"https:\/\/api.w.org\/{rel}","templated":true}]}}