{"id":664827,"date":"2026-01-15T07:46:10","date_gmt":"2026-01-15T07:46:10","guid":{"rendered":"https:\/\/www.europesays.com\/fr\/664827\/"},"modified":"2026-01-15T07:46:10","modified_gmt":"2026-01-15T07:46:10","slug":"a-toulon-laure-lavalette-le-vernis-local-pour-dissimuler-lideologie","status":"publish","type":"post","link":"https:\/\/www.europesays.com\/fr\/664827\/","title":{"rendered":"\u00c0 Toulon, Laure Lavalette, le vernis local pour dissimuler l\u2019id\u00e9ologie"},"content":{"rendered":"\n<p>Certains, en entendant les discours prononc\u00e9s par <a rel=\"noopener noreferrer\" href=\"https:\/\/www.lamarseillaise.fr\/politique\/qui-est-vraiment-la-deputee-d-extreme-droite-laure-lavalette-NN18735008\" target=\"_blank\">Laure Lavalette<\/a>, mercredi soir, dans un Palais Neptune comble, sans en conna\u00eetre la locutrice, auraient pu lui donner Toulon &#8211; \u00e0 d\u00e9faut du bon Dieu &#8211; sans confession. Une heure durant, <a rel=\"noopener noreferrer\" href=\"https:\/\/www.lamarseillaise.fr\/politique\/laure-lavalette-officiellement-candidate-a-la-mairie-de-toulon-AN19413201\" target=\"_blank\">la porte parole du RN, qui se pr\u00e9sente sans \u00e9tiquette<\/a> pour attirer un maximum d\u2019\u00e9lecteurs r\u00e9fractaires \u00e0 son ancrage partisan d\u2019extr\u00eame droite, a d\u00e9roul\u00e9 le fil parfait des bonnes convenances n\u00e9cessaires \u00e0 l\u2019entreprise de d\u00e9diabolisation de son parti nationaliste. De celles qu\u2019on attend d\u2019un \u00e9lu local, dans une ville chahut\u00e9e par les d\u00e9boires de ses pr\u00e9d\u00e9cesseurs, parmi lesquels le frontiste Jean-Marie Le Chevallier, dont le passage \u00e0 la mairie (1995-2001), a laiss\u00e9 des souvenirs douloureux, sinon des traumatismes.<\/p>\n<p> Habilet\u00e9 s\u00e9mantique\n              <\/p>\n<p>\u00c9tait-ce n\u00e9cessaire face \u00e0 une audience acquise \u00e0 sa cause\u00a0? Qu\u2019importe. Tout y \u00e9tait, sur le fond comme sur la forme. Dans une ville qui attache une importance capitale \u00e0 l\u2019identit\u00e9 locale, la d\u00e9put\u00e9e RN, native de Gironde, a commenc\u00e9 par \u00e9voquer ses attaches territoriales\u00a0: \u00ab\u00a0Il y a 28 ans, une toute jeune femme trouva l\u2019amour\u00a0: il \u00e9tait Toulonnais. \u00c0 mon arriv\u00e9e dans la plus belle rade d\u2019Europe, l\u2019accueil si chaleureux des familles toulonnaises m\u2019a aid\u00e9e \u00e0 m\u2019y sentir adopt\u00e9e. Apr\u00e8s avoir dit oui \u00e0 celui qui devint mon mari, c\u2019est ici que nous avons \u00e9lev\u00e9 nos cinq enfants.\u00a0\u00bb Une carte postale, point de d\u00e9part d\u2019un fil rouge familial usit\u00e9 pour pr\u00e9senter ses colisti\u00e8res, dont elle aime \u00e0 rappeler le nombre d\u2019enfants. Elle omet \u00e9trangement de le faire quand il s\u2019agit de colistiers.<\/p>\n<p>Ils sont 15 \u00e0 \u00eatre pr\u00e9sents, ou plut\u00f4t XV. Une \u00e9quipe de rugby, corde sensible du terroir sur laquelle la candidate d\u2019extr\u00eame droite tire sans mod\u00e9ration. En t\u00eate de gondole, S\u00e9bastien Soul\u00e9, policier national dont l\u2019histoire a inspir\u00e9 le film Bac Nord, d\u00e9sign\u00e9 comme son \u00ab\u00a0futur adjoint \u00e0 la s\u00e9curit\u00e9\u00a0\u00bb, premi\u00e8re th\u00e9matique \u00e9voqu\u00e9e, et qui \u00ab\u00a0sera, en tant que femme et maman, (sa) priorit\u00e9.\u00a0\u00bb En deuxi\u00e8me ligne\u00a0&#8211; poste qu\u2019il occupait durant sa carri\u00e8re de rugbyman\u00a0-, David G\u00e9rard, tout droit d\u00e9sign\u00e9 pour les sports. \u00c0 chaque personnalit\u00e9, une th\u00e9matique. Et rien ne manque, du social \u00e0 la sant\u00e9, en passant (ironiquement) par l\u2019environnement, la culture, l\u2019associatif&#8230; et le droit, d\u00e9fendu avec vigueur, depuis des mois par \u00ab\u00a0Marine et Jordan\u00a0\u00bb, qu\u2019elle n\u2019oublie pas de saluer.<\/p>\n<p>La copie se veut propre. Sans \u00e9voquer la diversit\u00e9, elle parle de chacun des quartiers toulonnais et le jure\u00a0: \u00ab\u00a0L\u2019heure de la r\u00e9conciliation est venue. Nous n\u2019exclurons personne.\u00a0\u00bb Sauf peut-\u00eatre celles et ceux qui n\u2019ont pas les bonnes gr\u00e2ces de son parti, qu\u2019ils n\u2019aient pas de papiers ou militent en faveur de l\u2019avortement. Nombreux sont ceux qui r\u00e9p\u00e8tent, \u00e0 juste titre, qu\u2019il ne faut pas confondre enjeux nationaux et locaux. Mais, si l\u2019\u00e9chelon municipal est celui de l\u2019action, il peut rapidement s\u2019av\u00e9rer \u00eatre celui de l\u2019entrisme id\u00e9ologique. M\u00e9fions-nous, donc, des ambitieux, tant habiles \u00e0 dissimuler les opportunistes.<\/p>\n","protected":false},"excerpt":{"rendered":"Certains, en entendant les discours prononc\u00e9s par Laure Lavalette, mercredi soir, dans un Palais Neptune comble, sans en&hellip;\n","protected":false},"author":2,"featured_media":664828,"comment_status":"","ping_status":"","sticky":false,"template":"","format":"standard","meta":{"footnotes":""},"categories":[9619],"tags":[1111,11,1777,674,1011,27,3434,12,882,25,2310],"class_list":{"0":"post-664827","1":"post","2":"type-post","3":"status-publish","4":"format-standard","5":"has-post-thumbnail","7":"category-toulon","8":"tag-actu","9":"tag-actualites","10":"tag-eu","11":"tag-europe","12":"tag-fr","13":"tag-france","14":"tag-municipales-2026","15":"tag-news","16":"tag-provence-alpes-cote-dazur","17":"tag-republique-francaise","18":"tag-toulon"},"share_on_mastodon":{"url":"https:\/\/pubeurope.com\/@fr\/115898009807274093","error":""},"_links":{"self":[{"href":"https:\/\/www.europesays.com\/fr\/wp-json\/wp\/v2\/posts\/664827","targetHints":{"allow":["GET"]}}],"collection":[{"href":"https:\/\/www.europesays.com\/fr\/wp-json\/wp\/v2\/posts"}],"about":[{"href":"https:\/\/www.europesays.com\/fr\/wp-json\/wp\/v2\/types\/post"}],"author":[{"embeddable":true,"href":"https:\/\/www.europesays.com\/fr\/wp-json\/wp\/v2\/users\/2"}],"replies":[{"embeddable":true,"href":"https:\/\/www.europesays.com\/fr\/wp-json\/wp\/v2\/comments?post=664827"}],"version-history":[{"count":0,"href":"https:\/\/www.europesays.com\/fr\/wp-json\/wp\/v2\/posts\/664827\/revisions"}],"wp:featuredmedia":[{"embeddable":true,"href":"https:\/\/www.europesays.com\/fr\/wp-json\/wp\/v2\/media\/664828"}],"wp:attachment":[{"href":"https:\/\/www.europesays.com\/fr\/wp-json\/wp\/v2\/media?parent=664827"}],"wp:term":[{"taxonomy":"category","embeddable":true,"href":"https:\/\/www.europesays.com\/fr\/wp-json\/wp\/v2\/categories?post=664827"},{"taxonomy":"post_tag","embeddable":true,"href":"https:\/\/www.europesays.com\/fr\/wp-json\/wp\/v2\/tags?post=664827"}],"curies":[{"name":"wp","href":"https:\/\/api.w.org\/{rel}","templated":true}]}}